{"id":10102,"date":"2010-09-01T00:00:56","date_gmt":"2010-08-31T22:00:56","guid":{"rendered":"http:\/\/test.graswurzel.net\/gwr\/?p=10102"},"modified":"2022-07-26T14:14:35","modified_gmt":"2022-07-26T12:14:35","slug":"bewegungsfotograf-anarchist-genosse-und-freund","status":"publish","type":"post","link":"https:\/\/www.graswurzel.net\/gwr\/2010\/09\/bewegungsfotograf-anarchist-genosse-und-freund\/","title":{"rendered":"Bewegungsfotograf, Anarchist, Genosse und Freund"},"content":{"rendered":"<p><strong><em>Lebenslauf<\/em><\/strong><\/p>\n<p><em>Ich war kein Stein, keine Wolke<br \/>\n<\/em><em>keine Glocke und keine Laute<br \/>\n<\/em><em>geschlagen von einem Engel oder von einem Teufel<br \/>\n<\/em><em>Ich war von Anfang an nichts als ein Mensch<br \/>\n<\/em><em>und ich will auch nicht etwas anderes sein<\/em><\/p>\n<p><em>Als Mensch bin ich aufgewachsen<br \/>\n<\/em><em>und habe Unrecht erlitten<br \/>\n<\/em><em>und manchmal Unrecht getan<br \/>\n<\/em><em>und manchmal Gutes<\/em><\/p>\n<p><em>Als Mensch emp\u00f6re ich mich<br \/>\n<\/em><em>gegen Unrecht und freue mich<br \/>\n<\/em><em>\u00fcber jeden Schimmer von Hoffnung<\/em><\/p>\n<p><em> Als Mensch bin ich wach und m\u00fcde<br \/>\n<\/em><em>und arbeite und habe Sorgen<br \/>\n<\/em><em>und Hunger nach Verstehen<br \/>\n<\/em><em>und nach Verstandenwerden<\/em><\/p>\n<p><em>Als Mensch habe ich Freude an meinen Freunden<br \/>\n<\/em><em>&#8230;<br \/>\n<\/em><em>und will mit Menschen sein und manchmal allein sein<br \/>\n<\/em><em>und bedauere jede Nacht ohne Liebe<\/em><\/p>\n<p><em>Als Mensch bin ich krank und alt<br \/>\n<\/em><em>und werde sterben<br \/>\n<\/em><em>und werde kein Stein sein<br \/>\n<\/em><em>keine Wolke und keine Glocke<br \/>\n<\/em><em>sondern Erde oder Asche<br \/>\n<\/em><em>und darauf kommt es nicht an.<strong><\/strong><\/em><\/p>\n<p><em> Erich Fried<\/em><\/p>\n<p>Ich erinnere mich noch gut daran, wie ich Christoph Joemann kennen gelernt habe. Es war 1996. In Bielefeld fanden zum zweiten Mal nach 1994 die Schwarzen Tage statt. Hier gab es zahlreiche interessante Vortr\u00e4ge, Veranstaltungen, das anarchistische Kabarettensemble <em>Der Blarze Schwock<\/em>, ein tolles Programm, gute Stimmung, Anarchie! Nach meinem A-Vortrag wurde mir Christoph von seinem Bruder, den ich schon l\u00e4nger kenne, vorgestellt.<\/p>\n<figure id=\"attachment_10103\" aria-describedby=\"caption-attachment-10103\" style=\"width: 389px\" class=\"wp-caption aligncenter\"><img loading=\"lazy\" decoding=\"async\" class=\"size-full wp-image-10103\" title=\"Christoph Joemann\" src=\"https:\/\/www.graswurzel.net\/gwr\/wp-content\/uploads\/2012\/08\/joemann.jpg\" alt=\"\" width=\"389\" height=\"292\" srcset=\"https:\/\/www.graswurzel.net\/gwr\/wp-content\/uploads\/2012\/08\/joemann.jpg 389w, https:\/\/www.graswurzel.net\/gwr\/wp-content\/uploads\/2012\/08\/joemann-300x225.jpg 300w, https:\/\/www.graswurzel.net\/gwr\/wp-content\/uploads\/2012\/08\/joemann-120x90.jpg 120w, https:\/\/www.graswurzel.net\/gwr\/wp-content\/uploads\/2012\/08\/joemann-31x23.jpg 31w, https:\/\/www.graswurzel.net\/gwr\/wp-content\/uploads\/2012\/08\/joemann-38x28.jpg 38w, https:\/\/www.graswurzel.net\/gwr\/wp-content\/uploads\/2012\/08\/joemann-286x215.jpg 286w, https:\/\/www.graswurzel.net\/gwr\/wp-content\/uploads\/2012\/08\/joemann-150x112.jpg 150w\" sizes=\"auto, (max-width: 389px) 100vw, 389px\" \/><figcaption id=\"caption-attachment-10103\" class=\"wp-caption-text\">Christoph Joemann<\/figcaption><\/figure>\n<p>Christoph war sehr angetan von den libert\u00e4ren Ideen, die (nicht nur) w\u00e4hrend der durch und durch gelungenen Schwarzen Tage durch die R\u00e4ume des AJZ und des Universums wehten.<\/p>\n<p>Fortan besuchte Christoph mich h\u00e4ufig in M\u00fcnster. An jedem Mittwoch im Semester machte die libert\u00e4re Bankrott-Infoladengruppe Veranstaltungen in der M\u00fcnsteraner Baracke. Oft nahm auch Christoph teil.<\/p>\n<p>Zudem besuchte er meine Lehrveranstaltungen am Institut f\u00fcr Soziologie (IfS) der Uni M\u00fcnster. Ich kann mich noch genau daran erinnern, wie er mich gefragt hat, ob ich etwas dagegen habe, wenn er als Nicht-Student an meinen Hauptseminaren (zu Anarchismus, Sozialen Bewegungen, Terror, Krieg und Medien,&#8230;) teilnimmt. Das hatte ich nat\u00fcrlich nicht. Ganz im Gegenteil! Ich f\u00fchlte mich geehrt. Christoph fuhr die 48 Kilometer (!) von Haltern nach M\u00fcnster meist mit dem Fahrrad.<\/p>\n<p>Seine gro\u00dfe Leidenschaft war die Fotografie. Er wurde zum Bewegungsfotografen. ((1)) Immer, wenn irgendwo eine Demo, Veranstaltung oder Aktion stattfand, war Christoph mit seiner Kamera zur Stelle. Immer wieder hat er CD-Roms voll mit gro\u00dfartigen Bildern ins <em>Graswurzelrevolution<\/em>-Redaktionsb\u00fcro gebracht. Viele seiner Fotos erschienen in der GWR und sp\u00e4ter auch in der anarchosyndikalistischen Direkten Aktion (DA). Auch das Titelfoto von &#8222;ja! Anarchismus &#8211; Gelebte Utopie im 21. Jahrhundert&#8220; (Karin Kramer Verlag, Berlin 2006) hat Christoph geschossen.<\/p>\n<p>Er hatte ein gutes Auge und war ein ausgesprochen liebenswerter, bescheidener und hilfsbereiter Mensch. Die Gegenseitige Hilfe war f\u00fcr ihn keine Phrase, sondern allgegenw\u00e4rtiger Teil seines Lebens.<\/p>\n<p>Auch an Zivilcourage hat es ihm nicht gemangelt. Als 2006 die Nazitruppe von Axel Reitz mit 170 &#8222;autonomen Nationalisten&#8220; einen bundesweiten Aufmarsch in M\u00fcnster machen wollte, aber nach 200 Metern von Tausenden Antifas durch eine Sitzblockade gestoppt wurde, mischte sich Christoph als Pressefotograf unter die Neonazis und machte Fotos von ihnen.<\/p>\n<p>Christoph trat 2005 in die Freie ArbeiterInnen Union (FAU) M\u00fcnsterland ein und beteiligte sich mit gro\u00dfem Einsatz an den Aktionen und Veranstaltungen dieser anarchosyndikalistischen Gruppe.<\/p>\n<p>In einem bewegenden Nachruf der FAU M\u00fcnsterland hei\u00dft es unter anderem: &#8222;Als \u201afreier&#8216; Mitarbeiter des WAZ-Konzerns hatte er mit der zunehmenden Prekarisierung seines Berufes zu k\u00e4mpfen. Den Lebensunterhalt zu verdienen, wurde immer schwerer: Statt seine Bilder gegen Honorar verschiedenen Zeitungen zur Verf\u00fcgung stellen zu k\u00f6nnen, wurde er nun tageweise &#8218;gebucht&#8216;, und alle dabei entstandenen Bilder wurden zum Eigentum des WAZ-Konzerns. Mit dem pauschalen Tageshonorar, der Schlie\u00dfung kleinerer Lokalredaktionen und den immer l\u00e4ngeren Fahrtwegen zu den Fototerminen erh\u00f6hte sich der Arbeitsdruck immens. Christoph hat im vergangenen Jahr begonnen, seine KollegInnen im Ruhrgebiet zu vernetzen. Nach schleppendem Beginn entwickelte eine breiter gestreute Einladung &#8218;voll die Sprengkraft&#8216;, wie er in einer Mail mitteilte: \u00fcber 15 KollegInnen kamen zum Treffen. Doch die zunehmende Arbeitsbelastung f\u00fchrte dazu, dass wir Christoph nun seltener sahen, weil er bis in die Nacht arbeiten musste.&#8220; (DA Nr. 200, Juli\/August 2010)<\/p>\n<p>Christoph litt sehr unter dem von ihm nur widerwillig unterschriebenen Vertrag.<\/p>\n<p>Als ich ihn Anfang 2010 im Interkulturellen Zentrum Don Quijote traf, beklagte er die miesen Zust\u00e4nde, unter denen er f\u00fcr die WAZ arbeiten musste, und dass er aufgrund des &#8222;Knebelvertrags&#8220; praktisch keine Fotos mehr f\u00fcr GWR und DA machen k\u00f6nne.<\/p>\n<p>Die Arbeitsbedingungen hatten sicher auch Auswirkungen auf seinen Gem\u00fctszustand. Seit seiner nach eigenen Angaben &#8222;nicht guten Kindheit&#8220; litt er immer wieder unter starken Depressionen und psychotischen Sch\u00fcben.<\/p>\n<p>Kurz nachdem ihn eine psychiatrische Klinik nach mehr als zehn Wochen als Patient entlassen hatte, lie\u00df sich unser Freund und Genosse Christoph von einem Zug das Leben nehmen. Er starb am 14. Mai 2010.<\/p>\n<p>&#8222;In unsere Trauer mischt sich Wut &#8211; Wut auf Verh\u00e4ltnisse, die das Leben nicht mehr lebenswert machen&#8220;, so die FAU.<\/p>\n","protected":false},"excerpt":{"rendered":"<p>Lebenslauf Ich war kein Stein, keine Wolke keine Glocke und keine Laute geschlagen von einem Engel oder von einem Teufel Ich war von Anfang an nichts als ein Mensch und ich will auch nicht etwas anderes sein Als Mensch bin ich aufgewachsen und habe Unrecht erlitten und manchmal Unrecht getan und manchmal Gutes Als Mensch &hellip; <a href=\"https:\/\/www.graswurzel.net\/gwr\/2010\/09\/bewegungsfotograf-anarchist-genosse-und-freund\/\">Weiterlesen<\/a><\/p>\n","protected":false},"author":1,"featured_media":0,"comment_status":"closed","ping_status":"closed","sticky":false,"template":"","format":"standard","meta":{"slim_seo":{"title":"Bewegungsfotograf, Anarchist, Genosse und Freund - graswurzelrevolution","description":"Lebenslauf Ich war kein Stein, keine Wolke keine Glocke und keine Laute geschlagen von einem Engel oder von einem Teufel Ich war von Anfang an nichts als ein Me"},"footnotes":""},"categories":[570,1042],"tags":[],"class_list":["post-10102","post","type-post","status-publish","format-standard","hentry","category-351-september-2010","category-ohne-chef-und-staat"],"_links":{"self":[{"href":"https:\/\/www.graswurzel.net\/gwr\/wp-json\/wp\/v2\/posts\/10102","targetHints":{"allow":["GET"]}}],"collection":[{"href":"https:\/\/www.graswurzel.net\/gwr\/wp-json\/wp\/v2\/posts"}],"about":[{"href":"https:\/\/www.graswurzel.net\/gwr\/wp-json\/wp\/v2\/types\/post"}],"author":[{"embeddable":true,"href":"https:\/\/www.graswurzel.net\/gwr\/wp-json\/wp\/v2\/users\/1"}],"replies":[{"embeddable":true,"href":"https:\/\/www.graswurzel.net\/gwr\/wp-json\/wp\/v2\/comments?post=10102"}],"version-history":[{"count":0,"href":"https:\/\/www.graswurzel.net\/gwr\/wp-json\/wp\/v2\/posts\/10102\/revisions"}],"wp:attachment":[{"href":"https:\/\/www.graswurzel.net\/gwr\/wp-json\/wp\/v2\/media?parent=10102"}],"wp:term":[{"taxonomy":"category","embeddable":true,"href":"https:\/\/www.graswurzel.net\/gwr\/wp-json\/wp\/v2\/categories?post=10102"},{"taxonomy":"post_tag","embeddable":true,"href":"https:\/\/www.graswurzel.net\/gwr\/wp-json\/wp\/v2\/tags?post=10102"}],"curies":[{"name":"wp","href":"https:\/\/api.w.org\/{rel}","templated":true}]}}