{"id":10877,"date":"2011-10-01T00:00:20","date_gmt":"2011-09-30T22:00:20","guid":{"rendered":"http:\/\/test.graswurzel.net\/gwr\/?p=10877"},"modified":"2022-07-26T14:12:27","modified_gmt":"2022-07-26T12:12:27","slug":"eine-zeitreise","status":"publish","type":"post","link":"https:\/\/www.graswurzel.net\/gwr\/2011\/10\/eine-zeitreise\/","title":{"rendered":"Eine Zeitreise"},"content":{"rendered":"<p>Ein Erinnerungsbuch an die spanische Trag\u00f6die aus einer etwas andersgearteten Perspektive: Der in Wien aufgewachsene Kommunist Gert Hoffmann ist ein Zu-Sp\u00e4t-Gekommener des spanischen B\u00fcrgerkriegs (1936-1939). Als er beim Einmarsch der Nazis 1938 aus \u00d6sterreich zun\u00e4chst nach Br\u00fcnn und dann \u00fcber die Pyren\u00e4en nach Spanien flieht, nimmt er ganz kurz an der Ebro-Schlacht teil und sch\u00fctzt ansonsten nur noch die Fl\u00fcchtlingsstr\u00f6me aus der spanischen Republik nach Frankreich. Die beeindruckendsten Passagen seiner Autobiographie sind seine Schilderungen aus Gurs und den Internierungslagern in S\u00fcdfrankreich, besonders \u00fcber das Zusammenleben mit und die gegenseitige Hilfe unter den spanischen Fl\u00fcchtlingen. Im Lager Gurs errichten spanische AnarchistInnen ein riesiges Durruti-Denkmal. Hoffmann wird w\u00e4hrend dieser Zeit zum Wahl-Spanier. Er ist unbelastet von den Mai-K\u00e4mpfen 1937 zwischen KommunistInnen und AnarchistInnen im B\u00fcrgerkrieg und hat keine Probleme, sich mit spanischen AnarchistInnen anzufreunden. Die Kriegsjahre verdingt er sich auf franz\u00f6sischen Bauernh\u00f6fen als Gutsknecht, dann als Holzf\u00e4ller.<\/p>\n<p>Gegen Ende des Krieges verschl\u00e4gt es ihn nach Br\u00fcssel, wo er die Einschl\u00e4ge der letzten V1-Raketen der Nazis erlebt. Schlie\u00dflich r\u00fcckt er als US-amerikanischer Soldat ins zerst\u00f6rte Deutschland ein und beschreibt plastisch seine Eindr\u00fccke von den zerst\u00f6rten St\u00e4dten, bevor er selbst 1946 nach Wien zur\u00fcckkehrt. Er beschlie\u00dft sein Erinnerungsbuch mit einem Bericht als Interbrigadist in Nicaragua 1985 und 1987, was er als unmittelbare Fortsetzung seiner politischen Aktivit\u00e4t in Spanien begreift.<\/p>\n","protected":false},"excerpt":{"rendered":"<p>Ein Erinnerungsbuch an die spanische Trag\u00f6die aus einer etwas andersgearteten Perspektive: Der in Wien aufgewachsene Kommunist Gert Hoffmann ist ein Zu-Sp\u00e4t-Gekommener des spanischen B\u00fcrgerkriegs (1936-1939). Als er beim Einmarsch der Nazis 1938 aus \u00d6sterreich zun\u00e4chst nach Br\u00fcnn und dann \u00fcber die Pyren\u00e4en nach Spanien flieht, nimmt er ganz kurz an der Ebro-Schlacht teil und sch\u00fctzt &hellip; <a href=\"https:\/\/www.graswurzel.net\/gwr\/2011\/10\/eine-zeitreise\/\">Weiterlesen<\/a><\/p>\n","protected":false},"author":1,"featured_media":0,"comment_status":"closed","ping_status":"closed","sticky":false,"template":"","format":"standard","meta":{"slim_seo":{"title":"Eine Zeitreise - graswurzelrevolution","description":"Ein Erinnerungsbuch an die spanische Trag\u00f6die aus einer etwas andersgearteten Perspektive: Der in Wien aufgewachsene Kommunist Gert Hoffmann ist ein Zu-Sp\u00e4t-Gek"},"footnotes":""},"categories":[608,44,1042],"tags":[],"class_list":["post-10877","post","type-post","status-publish","format-standard","hentry","category-362-oktober-2011","category-bucher","category-ohne-chef-und-staat"],"_links":{"self":[{"href":"https:\/\/www.graswurzel.net\/gwr\/wp-json\/wp\/v2\/posts\/10877","targetHints":{"allow":["GET"]}}],"collection":[{"href":"https:\/\/www.graswurzel.net\/gwr\/wp-json\/wp\/v2\/posts"}],"about":[{"href":"https:\/\/www.graswurzel.net\/gwr\/wp-json\/wp\/v2\/types\/post"}],"author":[{"embeddable":true,"href":"https:\/\/www.graswurzel.net\/gwr\/wp-json\/wp\/v2\/users\/1"}],"replies":[{"embeddable":true,"href":"https:\/\/www.graswurzel.net\/gwr\/wp-json\/wp\/v2\/comments?post=10877"}],"version-history":[{"count":0,"href":"https:\/\/www.graswurzel.net\/gwr\/wp-json\/wp\/v2\/posts\/10877\/revisions"}],"wp:attachment":[{"href":"https:\/\/www.graswurzel.net\/gwr\/wp-json\/wp\/v2\/media?parent=10877"}],"wp:term":[{"taxonomy":"category","embeddable":true,"href":"https:\/\/www.graswurzel.net\/gwr\/wp-json\/wp\/v2\/categories?post=10877"},{"taxonomy":"post_tag","embeddable":true,"href":"https:\/\/www.graswurzel.net\/gwr\/wp-json\/wp\/v2\/tags?post=10877"}],"curies":[{"name":"wp","href":"https:\/\/api.w.org\/{rel}","templated":true}]}}