{"id":11308,"date":"2012-05-01T00:00:22","date_gmt":"2012-04-30T22:00:22","guid":{"rendered":"http:\/\/test.graswurzel.net\/gwr\/?p=11308"},"modified":"2013-01-12T20:07:31","modified_gmt":"2013-01-12T18:07:31","slug":"solidaritat-mit-den-kleingartnern","status":"publish","type":"post","link":"https:\/\/www.graswurzel.net\/gwr\/2012\/05\/solidaritat-mit-den-kleingartnern\/","title":{"rendered":"Solidarit\u00e4t mit den &#8222;Kleing\u00e4rtnern&#8220;!"},"content":{"rendered":"<p><strong>Liebe Leserinnen und Leser,<\/strong><\/p>\n<p>der dreit\u00e4gige Kongress, mit dem wir den <strong>40. Geburtstag der Graswurzelrevolution<\/strong> feiern m\u00f6chten, findet vom <strong>7. bis zum 9. September 2012 in der ESG M\u00fcnster (Breul 43)<\/strong> statt. Ihr seid ganz herzlich eingeladen. Ein erstes (noch nicht endg\u00fcltiges) Kongress-Veranstaltungsprogramm und -Poster (von Andi Wolff) werden wir im Juni in der GWR Nr. 370 ver\u00f6ffentlichen.<\/p>\n<p>Wenn Ihr Ideen und Anregungen habt oder einfach mal schreiben m\u00f6chtet, wie Ihr auf diese gewaltfrei-anarchistische Zeitung gesto\u00dfen seid, was Euch an der GWR gef\u00e4llt, was Euch st\u00f6rt, warum Ihr sie (immer noch) lest und was wir besser machen k\u00f6nnten, dann schreibt uns bitte. Wir sind gespannt. GWR 370-Redaktionsschluss ist der 14. Mai.<\/p>\n<p>Die GWR 369 ist voll mit spannenden Beitr\u00e4gen, aber es gibt auch L\u00fccken, die wir diesmal (noch) nicht zufriedenstellend gef\u00fcllt haben. So fehlt z.B. eine kritisch-libert\u00e4re Analyse der &#8222;Piratenpartei&#8220; ebenso wie eine Auseinandersetzung mit dem umstrittenen Grass-&#8222;Gedicht&#8220;.<\/p>\n<p>Auch ein weiteres Beleuchten der Politik des Verfassungsschutzes (VS) findet nicht statt. Dabei spielt der Geheimdienst nicht nur im Zusammenhang mit der Terrorgruppe &#8222;Nationalsozialistischen Untergrund&#8220; (NSU) eine extrem problematische Rolle. Durch die vom VS propagierte Gleichsetzung von &#8222;rechts und links&#8220; werden auch Graswurzelrevolution\u00e4rInnen existentiell bedroht, wie ein Artikel aus dem <em>Neuen Deutschland<\/em> vom 4. April 2012 zeigt. Dort hei\u00dft es u.a.:<\/p>\n<p><em>&#8222;Wer in Th\u00fcringen ein Referendariat beginnen m\u00f6chte, kann sich auf der Internetseite des Justizministeriums \u00fcber die Voraussetzungen informieren. Neben einem Antragsformular und einer Gesundheitserkl\u00e4rung findet der Interessierte dort einen &#8222;Runderlass der Th\u00fcringer Landesregierung \u00fcber die Pr\u00fcfung der pers\u00f6nlichen Eignung f\u00fcr den \u00f6ffentlichen Dienst&#8220; aus dem Jahr 1992. Dieser belehrt den Nachwuchsjuristen &#8211; wie alle anderen Bewerber f\u00fcr einen Job im Th\u00fcringer Landesdienst &#8211; \u00fcber die Pflicht zur Verfassungstreue und listet Organisationen auf, bei denen aus Sicht des Freistaats Zweifel bestehen. Wer dort Mitglied ist oder war, den nimmt das Land ganz genau unter die Lupe. Und das bedeutet: Anfrage bei Verfassungsschutz und Stasiunterlagenbeh\u00f6rde.<\/em><\/p>\n<p><em>Auf der 20 Jahre alten Liste finden sich diverse &#8222;rechtsextremistische Organisationen&#8220; und ebenso viele, die dem linken politischen Spektrum zugeordnet werden: kommunistische wie die DKP, antifaschistische wie die VVN-BdA, <strong>die gewaltfreien Anarchisten rund um die Zeitschrift &#8222;Graswurzelrevolution&#8220;<\/strong> wie auch &#8222;Autonome&#8220;, was genau genommen gar keine feste Gruppe ist. Anhaltspunkte f\u00fcr fehlende Verfassungstreue ergeben sich demnach aber auch aus der fr\u00fcheren Mitgliedschaft in einer DDR-Massenorganisation &#8211; etwa in der FDJ oder im FDGB, im Verband der Kleing\u00e4rtner, Siedler und Kleintierz\u00fcchter oder in der Volkssolidarit\u00e4t.&#8220;<\/em> ((1))<\/p>\n<p>Na dann: Solidarit\u00e4t mit dem &#8222;Verband der Kleing\u00e4rtner&#8220;!<\/p>\n<p>Und viel Spa\u00df beim Lesen,<\/p>\n","protected":false},"excerpt":{"rendered":"<p>Liebe Leserinnen und Leser, der dreit\u00e4gige Kongress, mit dem wir den 40. Geburtstag der Graswurzelrevolution feiern m\u00f6chten, findet vom 7. bis zum 9. September 2012 in der ESG M\u00fcnster (Breul 43) statt. Ihr seid ganz herzlich eingeladen. Ein erstes (noch nicht endg\u00fcltiges) Kongress-Veranstaltungsprogramm und -Poster (von Andi Wolff) werden wir im Juni in der GWR &hellip; <a href=\"https:\/\/www.graswurzel.net\/gwr\/2012\/05\/solidaritat-mit-den-kleingartnern\/\">Weiterlesen<\/a><\/p>\n","protected":false},"author":1,"featured_media":11312,"comment_status":"closed","ping_status":"closed","sticky":false,"template":"","format":"standard","meta":{"slim_seo":{"title":"Solidarit\u00e4t mit den \"Kleing\u00e4rtnern\"! - graswurzelrevolution","description":"Liebe Leserinnen und Leser, der dreit\u00e4gige Kongress, mit dem wir den 40. Geburtstag der Graswurzelrevolution feiern m\u00f6chten, findet vom 7. bis zum 9. September"},"footnotes":""},"categories":[628,59],"tags":[],"class_list":["post-11308","post","type-post","status-publish","format-standard","has-post-thumbnail","hentry","category-369-mai-2012","category-graswurzelrevolution"],"_links":{"self":[{"href":"https:\/\/www.graswurzel.net\/gwr\/wp-json\/wp\/v2\/posts\/11308","targetHints":{"allow":["GET"]}}],"collection":[{"href":"https:\/\/www.graswurzel.net\/gwr\/wp-json\/wp\/v2\/posts"}],"about":[{"href":"https:\/\/www.graswurzel.net\/gwr\/wp-json\/wp\/v2\/types\/post"}],"author":[{"embeddable":true,"href":"https:\/\/www.graswurzel.net\/gwr\/wp-json\/wp\/v2\/users\/1"}],"replies":[{"embeddable":true,"href":"https:\/\/www.graswurzel.net\/gwr\/wp-json\/wp\/v2\/comments?post=11308"}],"version-history":[{"count":0,"href":"https:\/\/www.graswurzel.net\/gwr\/wp-json\/wp\/v2\/posts\/11308\/revisions"}],"wp:featuredmedia":[{"embeddable":true,"href":"https:\/\/www.graswurzel.net\/gwr\/wp-json\/wp\/v2\/media\/11312"}],"wp:attachment":[{"href":"https:\/\/www.graswurzel.net\/gwr\/wp-json\/wp\/v2\/media?parent=11308"}],"wp:term":[{"taxonomy":"category","embeddable":true,"href":"https:\/\/www.graswurzel.net\/gwr\/wp-json\/wp\/v2\/categories?post=11308"},{"taxonomy":"post_tag","embeddable":true,"href":"https:\/\/www.graswurzel.net\/gwr\/wp-json\/wp\/v2\/tags?post=11308"}],"curies":[{"name":"wp","href":"https:\/\/api.w.org\/{rel}","templated":true}]}}