{"id":12040,"date":"1998-03-04T00:00:23","date_gmt":"1998-03-03T22:00:23","guid":{"rendered":"http:\/\/test.graswurzel.net\/gwr\/?p=12040"},"modified":"2022-07-26T13:11:55","modified_gmt":"2022-07-26T11:11:55","slug":"aktuelles-vom-widerstand-in-ahaus","status":"publish","type":"post","link":"https:\/\/www.graswurzel.net\/gwr\/1998\/03\/aktuelles-vom-widerstand-in-ahaus\/","title":{"rendered":"Aktuelles vom Widerstand in Ahaus"},"content":{"rendered":"<h3>Das wichtigste zuerst: Wann kommt das Castor-Six-Pack?<\/h3>\n<p>Klar ist seit l\u00e4ngerer Zeit, da\u00df der Transport der drei Beh\u00e4lter aus Gundremmingen (Bayern) und der drei aus Neckarwestheim (Baden-W\u00fcrtemberg) f\u00fcr den Monat M\u00e4rz vorgesehen ist. In den letzten Tagen und Wochen haben sich die Informationen verdichtet, da\u00df er in der vierten M\u00e4rzwoche, also am bzw. ab Montag, den 23. M\u00e4rz, rollen soll. Urlaubssperren bei zahlreichen Polizeieinheiten im ganzen Lande weisen darauf hin.<\/p>\n<p>Nach jetzigem Stand der Dinge rechnen wir damit, da\u00df ab Freitag, den 20. M\u00e4rz massive Polizeikr\u00e4fte in Ahaus und Umgebung einmarschieren werden, um rechtzeitig pr\u00e4sent zu sein. Nach Angaben der Gewerkschaft der Polizei (GdP) Nordrhein-Westfalen sollen rund 30.000 BeamtInnen zum Einsatz kommen !<\/p>\n<h3>Unsere Planungen f\u00fcr den CASTOR-Alarm&#8230;<\/h3>\n<p>Wenn es bei diesem zeitlichen Szenario bleibt, wird am Samstag vorm TAG X, also voraussichtlich dem 21.03. die von der Bundeskonferenz der Anti-AKW-Bewegung beschlossene Auftaktkundgebung in M\u00fcnster stattfinden. Im Anschlu\u00df daran kann und soll es nach Ahaus gehen, wo die Camps bezogen werden, die f\u00fcr ausw\u00e4rtige TeilnehmerInnen am Widerstand eingerichtet werden. Nach gegenw\u00e4rtigem Stand sind dies 8 Camps. Ihr habt Zugang zu allen Camps, genauso wie andere auch. Gut w\u00e4re es allerdings, wenn Ihr jeweils mit Eurer Bezugsgruppe (sofern Ihr eine habt) gemeinsam dasselbe Camp bezieht. Die einzelnen Camps werden von verschiedenen Initiativen betreut. Zum Besipiel von der BI L\u00fcchow-Dannenberg, BICs Paderborn, Mugnog Bielefeld und WigA M\u00fcnster sowie nat\u00fcrlich der BI &#8222;Kein Atomm\u00fcll in Ahaus&#8220;.<\/p>\n<p>Nach Gespr\u00e4chen mit der Einsatzleitung der Polizei scheinen momentan nur noch das &#8222;Nordcamp&#8220; der BI L\u00fcchow-Dannenberg und die BI-Wiese der B\u00fcrgerinitiative &#8222;Kein Atomm\u00fcll in Ahaus&#8220; als gef\u00e4hrdet. Das &#8222;Nordcamp&#8220; liegt unmittelbar an der n\u00f6rdlichen Bahnschiene Richtung Ahaus und die BI-Wiese liegt genau gegen\u00fcber dem Atomm\u00fcllager.<\/p>\n<p>Um das Zwischenlager, den privaten Gleisanschlu\u00df sowie den Ahauser Bahnhof soll eine sogenannte &#8222;versammlungsfreie Zone&#8220; errichtet werden in der bestenfalls angemeldete Demonstrationen jenseits der Gleisanlagen gestattet werden sollen.<\/p>\n<p>Leider k\u00f6nnen wir nur sehr wenige private Quartiere zur Verf\u00fcgung stellen. Dieses Angebot richtet sich daher vornehmlich an Menschen, die aus Alters- oder Gesundheitsgr\u00fcnden nicht campen k\u00f6nnen oder wollen. Meldet Euch in diesem Fall m\u00f6glichst bald im BI-B\u00fcro an (Telefon: 0 25 61\/96 17 91). F\u00fcr Kinder wird es auf jeden Fall ein eigenes Camp mit Betreuung in Legden-Asbeck geben.<\/p>\n<h3>Zum Vorgehen am Tag X<sup>4<\/sup>&#8230;<\/h3>\n<p>Am Tag X wird es Demonstrationen und Behinderungsaktionen anvielen Stellen zwischen Neckarwestheim und Ahaus geben. Und nat\u00fcrlich auch sonstwo im Land! Mehr als 2000 Menschen haben \u00f6ffentlich angek\u00fcndigt, da\u00df sie das BZA-Gleis in der N\u00e4he des Ahauser Bahnhofs blockieren wollen. Hierzu gab es verschiedene Aufrufe:&#8220;x-tausendmal quer&#8220;, &#8222;Wir stellen uns quer!&#8220;, &#8222;Wir legen uns quer!&#8220;. Wir als BI unterst\u00fctzen diese Aufrufe.<\/p>\n<p>Die Polizei will mit massivem Aufgebot zu verhindern suchen, da\u00df wir dieses Gleis \u00fcberhaupt betreten k\u00f6nnen. Da die Polizei schon am Freitag vorher in Ahaus eintreffen d\u00fcrfte, k\u00f6nnte es sehr schwierig werden, \u00fcberhaupt auf das Gleis zu kommen. Es stellt sich in diesem Fall die Frage nach Alternativen. Eine m\u00f6gliche w\u00e4re, die Teilnehmer der Aktion entlang des ca. 4 km langen BZA-Gleises zu verteilen und zu versuchen, doch irgendwo dazwischen zu kommen. Eine andere w\u00e4re, irgendwo auf das Hauptgleis der Deutschen Bahn AGzu gelangen, was allerdings nur in Ahaus selbst m\u00f6glich w\u00e4re, eventuell an einem Bahn\u00fcbergang. Allerdings mu\u00df hier mit massiver Pr\u00e4senz des Bundesgrenzschutzes gerechnet werden, der f\u00fcr den Schutz des Schienenweges zwischen Neckarwestheim und Bahnhof Ahaus zust\u00e4ndig ist. Zur Zeit neigen wir dazu, trotz alledem unsere urspr\u00fcngliche Absicht demonstrativ weiterzuverfolgen. Eine endg\u00fcltige Entscheidung, was zu tun ist, k\u00f6nnen wir aber erst an Ort und Stelle treffen, wenn wir sehen, wie sich die Polizei tats\u00e4chlich verh\u00e4lt. Und diese Entscheidung treffen wir dann nat\u00fcrlich mit Euch allen gemeinsam !<\/p>\n<h3>Auf nach Ahaus!<\/h3>\n<p>Transport und Lagerung von Atomm\u00fcll sind gef\u00e4hrlich: Die Dichtigkeit der Beh\u00e4lter \u00fcber Jahrzehnte kann niemand gew\u00e4hrleisten, die f\u00fcr den gr\u00f6\u00dften Atomm\u00fclltransport der deutschen Geschichte vorgesehenen Beh\u00e4lter (Castor V\/19 und Castor V\/52) sind vor ihrer Genehmigung keiner experimenteller Tests unterzogen worden.<\/p>\n<p>Der Castor-Transport ist eine \u00fcberfl\u00fcssige Verschieberei von Atomm\u00fcll, die zus\u00e4tzliche Gefahren mit sich bringt und vor allem sehr viel Geld kostet. Eine tats\u00e4chliche &#8222;Entsorgung&#8220; erfolgt in Ahaus und Gorleben genausowenig wie an den Kraftwerksstandorten.<\/p>\n<p>Die Bundesregierung verst\u00f6\u00dft gegen geltendes Recht: mit der Durchf\u00fchrung dieses Castor-Six-Pack-Transports wird die rechtsverbindliche Bund-L\u00e4nder-Vereinbarung zur Entsorgung von Kernkraftwerken vom 28. September 1979 mi\u00dfachtet. Dort ist ausdr\u00fccklich der Vorbehalt festgelegt, da\u00df zum Zeitpunkt der ersten Einlagerung von Brennelementen aus Leichtwasserreaktoren im Brennelemente-&#8222;Zwischen&#8220;lager Ahaus die Inbetriebnahme des Salzstockes Gorleben als Endlager gesichert erscheinen mu\u00df. Dies ist selbst nach j\u00fcngster optimistischer Auffassung von Fachleuten des Bundesumweltministeriums und des Bundesamtes f\u00fcr Strahlenschutz (noch am 22. Januar 1998 in M\u00fcnster ge\u00e4u\u00dfert)fr\u00fchestens in acht bis zehn Jahren der Fall.<\/p>\n<p>Ministerpr\u00e4sident Johannes Rau wird damit wortbr\u00fcchig gegen\u00fcber der Bev\u00f6lkerung in und um Ahaus. Die Landesregierung ist offenbar nicht gewillt die Einhaltung dieser Vereinbarung gegen\u00fcber dem Bund einzufordern.<\/p>\n<p>Der Castor-Transport wird am Tag X nur mit massiver polizeilicher Gewalt und gegen den Willen und die Rechte der Bev\u00f6lkerung durchzusetzen sein. Dies hat auch die Landesregierung inzwischen begriffen, nur zieht sie die falschen Konsequenzen daraus.<\/p>\n<p>Nur durch Einschr\u00e4nkung zahlreicher demokratischer Grundrechte kann der Castor sein Ziel erreichen: Demonstrationsverbote, Sperrzonen usw. In und um Ahaus werden Anlieger ihrer Freiz\u00fcgikeit und am Recht ihres Eigentums gehindert. So soll es Eigent\u00fcmern und P\u00e4chtern verboten werden, auf ihren Grundst\u00fccken G\u00e4ste zu beherbergen. Die Nutzung der Atomenergie ist mit einer freiheitlichen Demokratie nicht vereinbar.<\/p>\n<p>Jetzt m\u00fcssen sogar Fu\u00dfballfans auf zahlreiche Bundesligaspiele verzichten, weil keine Polizeibeamten mehr f\u00fcr diese Eins\u00e4tze vorhanden sind.<\/p>\n<p>Tausende Menschen werden am Tag X Zivilcourage zeigen. Sie werden deutlich machen, da\u00df sie mit dieser sinnlosen und gef\u00e4hrlichen Atompolitik nicht einverstanden sind.<\/p>\n<p><strong>Gorleben ist \u00fcberall!<br \/>\nTag X &#8211; wir stellen uns gemeinsam quer!<\/strong><\/p>\n","protected":false},"excerpt":{"rendered":"<p>Das wichtigste zuerst: Wann kommt das Castor-Six-Pack? Klar ist seit l\u00e4ngerer Zeit, da\u00df der Transport der drei Beh\u00e4lter aus Gundremmingen (Bayern) und der drei aus Neckarwestheim (Baden-W\u00fcrtemberg) f\u00fcr den Monat M\u00e4rz vorgesehen ist. In den letzten Tagen und Wochen haben sich die Informationen verdichtet, da\u00df er in der vierten M\u00e4rzwoche, also am bzw. ab Montag, &hellip; <a href=\"https:\/\/www.graswurzel.net\/gwr\/1998\/03\/aktuelles-vom-widerstand-in-ahaus\/\">Weiterlesen<\/a><\/p>\n","protected":false},"author":1,"featured_media":0,"comment_status":"closed","ping_status":"closed","sticky":false,"template":"","format":"standard","meta":{"slim_seo":{"title":"Aktuelles vom Widerstand in Ahaus - graswurzelrevolution","description":"Das wichtigste zuerst: Wann kommt das Castor-Six-Pack? Klar ist seit l\u00e4ngerer Zeit, da\u00df der Transport der drei Beh\u00e4lter aus Gundremmingen (Bayern) und der drei"},"footnotes":""},"categories":[12,1039],"tags":[],"class_list":["post-12040","post","type-post","status-publish","format-standard","hentry","category-news","category-quergestellt"],"_links":{"self":[{"href":"https:\/\/www.graswurzel.net\/gwr\/wp-json\/wp\/v2\/posts\/12040","targetHints":{"allow":["GET"]}}],"collection":[{"href":"https:\/\/www.graswurzel.net\/gwr\/wp-json\/wp\/v2\/posts"}],"about":[{"href":"https:\/\/www.graswurzel.net\/gwr\/wp-json\/wp\/v2\/types\/post"}],"author":[{"embeddable":true,"href":"https:\/\/www.graswurzel.net\/gwr\/wp-json\/wp\/v2\/users\/1"}],"replies":[{"embeddable":true,"href":"https:\/\/www.graswurzel.net\/gwr\/wp-json\/wp\/v2\/comments?post=12040"}],"version-history":[{"count":0,"href":"https:\/\/www.graswurzel.net\/gwr\/wp-json\/wp\/v2\/posts\/12040\/revisions"}],"wp:attachment":[{"href":"https:\/\/www.graswurzel.net\/gwr\/wp-json\/wp\/v2\/media?parent=12040"}],"wp:term":[{"taxonomy":"category","embeddable":true,"href":"https:\/\/www.graswurzel.net\/gwr\/wp-json\/wp\/v2\/categories?post=12040"},{"taxonomy":"post_tag","embeddable":true,"href":"https:\/\/www.graswurzel.net\/gwr\/wp-json\/wp\/v2\/tags?post=12040"}],"curies":[{"name":"wp","href":"https:\/\/api.w.org\/{rel}","templated":true}]}}