{"id":12420,"date":"2013-05-01T00:00:48","date_gmt":"2013-04-30T22:00:48","guid":{"rendered":"http:\/\/test.graswurzel.net\/gwr\/?p=12420"},"modified":"2022-07-26T13:56:38","modified_gmt":"2022-07-26T11:56:38","slug":"lega-moneta-nord-jetzt-auch-in-deutschland","status":"publish","type":"post","link":"https:\/\/www.graswurzel.net\/gwr\/2013\/05\/lega-moneta-nord-jetzt-auch-in-deutschland\/","title":{"rendered":"Lega Moneta Nord jetzt auch in Deutschland"},"content":{"rendered":"<p>Sie weckt unterschiedliche Bef\u00fcrchtungen. CDU\/FDP sorgen sich                 um ihre Regierungsmehrheit bei den Bundestagswahlen im September.                 Andere sehen in ihr nicht ohne Grund eine gef\u00e4hrliche rechte Partei                 und decken auf, aus welchem rechten Sumpf ein Teil der Anh\u00e4ngerInnen                 kommt.<\/p>\n<p>Die neue Partei vorwiegend als Sammelbecken tumber Rechter darzustellen,                 greift allerdings zu kurz. Der aus der CDU in die AFD \u00fcbergetretene                 ehemalige hessische Staatssekret\u00e4r Alexander Gauland bezeichnete                 am 17. April 2013 seine Partei ungeniert in einem langen Interview                 im WDR als &#8222;Graswurzelbewegung&#8220; gegen die &#8222;Schuldenhaftung&#8220; Deutschlands                 f\u00fcr die europ\u00e4ischen &#8222;S\u00fcdstaaten&#8220;. <\/p>\n<p>Ideologisch assistiert wird er hierbei nicht nur von den reaktion\u00e4r-&#8222;libert\u00e4ren&#8220;                 ObskurantInnen der Zeitschrift &#8222;Eigent\u00fcmlich Frei&#8220;, sondern von                 einer breitgef\u00e4cherten Bewegung um ihre Ersparnisse und Privilegien                 f\u00fcrchtender B\u00fcrgerInnen. Von einer &#8222;\u00dcberforderung des hart arbeitenden                 Mittelstandes&#8220; \u00fcber die Weigerung &#8222;immer Zahlernation&#8220; zu sein                 bis hin zur angeblichen &#8222;geplanten Versklavung&#8220; ist bei der AfD                 f\u00fcr jede\/n graduell abgestuft etwas Passendes dabei. Ihre W\u00e4hlerInnen                 kommen aus allen Parteien. Von den AfD-Gr\u00fcndungsmitgliedern mit                 parteipolitischer Vergangenheit kamen 67 aus den Gr\u00fcnen, 91 aus                 den Piraten, 346 aus der SPD, 372 aus der FDP und 730 aus der                 CDU\/CSU ((1)). <\/p>\n<p>Als &#8222;Mutter der Bewegung&#8220; wird Beatrix von Storch von der rechten                 Wochenzeitung &#8222;Junge Freiheit&#8220; ((2))                 gefeiert. Als Vorsitzende der &#8222;Zivilen Koalition&#8220; mobilisiert                 sie seit 2004 f\u00fcr ein &#8222;leistungsorientiertes Bildungssystem&#8220;,                 die &#8222;Verteidigung von Souver\u00e4nit\u00e4t und Geldwertstabilit\u00e4t&#8220; und                 &#8222;f\u00fcr weniger Staat, mehr B\u00fcrgersinn&#8220; hunderttausende von InternetnutzerInnen                 zu Meinungsvoten. Es handelt sich hier praktisch um eine extrem                 rechte Variante von Campact. Hinzu kommt noch ihr seri\u00f6s aufgemachtes                 interaktives Portal &#8222;Abgeordneten-Check&#8220;, wo PolitikerInnen mit                 Kampagnen wie &#8222;Kein Steuergeld f\u00fcr Griechenlands Schulden!&#8220; durch                 massenhafte Anfragen und Statements unter Druck gesetzt werden.                 Es waren 1,8 Millionen Petitionen in den letzten 95 Wochen ((3)).                 Zum Vergleich: Die Campact-Initiative f\u00fcr &#8222;Umfairteilen&#8220; hat gerade                 mal 24.000 UnterzeichnerInnen (Stand: 22.04.2013).<\/p>\n<p>Eng verbunden mit dieser gut ge\u00f6lten Einflussnahme-Maschinerie                 wettert das &#8222;Aktionsb\u00fcndnis f\u00fcr Direkte Demokratie&#8220; (nicht zu                 verwechseln mit dem &#8222;Omnibus f\u00fcr Direkte Demokratie&#8220; und dem Verein                 &#8222;Mehr Demokratie&#8220;) und sein teilweise in der AdF verankertes Personal                 gegen die &#8222;EU-Diktatur&#8220;. Das von der AfD benutze Vokabular wie                 &#8222;Zivile Koalition&#8220; und &#8222;direkte Demokratie&#8220; zeigt, wie pazifistisch-emanzipatorische                 Etikette umstandslos f\u00fcr v\u00f6llig entgegengesetzt stehende Inhalte                 umfunktioniert werden. <\/p>\n<h3>&#8222;Handstreichartig&#8220;<\/h3>\n<p>Auf ihrem ersten Parteitag am 14. April 2013 hat die AfD deutlich                 gezeigt, was sie wirklich unter &#8222;direkter Demokratie&#8220; versteht.                 Sie wurde hierf\u00fcr von der nahestehenden &#8222;Jungen Freiheit&#8220; bewundert:                 &#8222;Entscheidender f\u00fcr den weiteren Verlauf und den Erfolg des Parteitages                 war es indes, da\u00df Lucke die Begeisterung auch ausnutzte, um das                 vom Vorstand ausgearbeitete Wahlprogramm handstreichartig (sic!)                 ohne Diskussion beschlie\u00dfen zu lassen&#8220; ((4)).<\/p>\n<p>Es ist kein neues Ph\u00e4nomen, dass auf Kosten Anderer reich gewordene                 Regionen sich weigern, einen Teil ihres Reichtums denjenigen zur\u00fcckzugeben,                 bei denen sie sich in der Vergangenheit bereichert haben. Einem                 solchen Wohlstandschauvinismus verdankt die Lega Nord in Italien                 ihre Existenz. Die norditalienischen Ligen wurden zu manchmal                 etwas schwierigen, aber letztendlich \u00fcber Jahrzehnte hinweg treuen                 Koalitionspartnern Berlusconis. Dieser regionale Egoismus der                 Besitzenden kommt bei der AfD auf einer h\u00f6heren institutionellen                 Ebene ebenfalls zum Tragen, wenn sie von einem zu schaffenden                 deutschen oder nordeurop\u00e4ischen W\u00e4hrungsverbund unter Ausschluss                 der &#8222;maroden&#8220; S\u00fcdstaaten spricht.<\/p>\n<p>Durch die Occupy-Bewegung hat sich im letzten Jahr sogar in der                 BRD ein kritischeres Bewusstsein gegen\u00fcber Konzern- und Bankenmacht                 entwickelt. Jetzt besteht die Gefahr, dass diese in der \u00d6ffentlichkeit                 deutlich bemerkbaren antikapitalistischen Impulse und Diskurse                 zunehmend durch nationalistische und egoistische Ressentiments                 \u00fcberlagert und die erreichten Fortschritte zunichte gemacht werden.<\/p>\n<h3>Nun droht folgendes Szenario: <\/h3>\n<p>Die globalisierungskritische Linke m\u00fcht sich ab, um 20.000 Menschen                 zur Blockupy-Demo am 1. Juli 2013 nach Frankfurt zu mobilisieren                 und anschlie\u00dfend k\u00f6nnte nur gut drei Monate sp\u00e4ter als Bankenkrisengewinnerin                 die &#8222;Alternative f\u00fcr Deutschland&#8220; in den Bundestag einziehen!                 Der hierzulande recht unterentwickelte Widerstand gegen den kapitalistischen                 Alltag in Betrieben, Jobcentern und Stadtvierteln w\u00fcrde dann noch                 mehr in den Hintergrund gedr\u00e4ngt als bisher.<\/p>\n","protected":false},"excerpt":{"rendered":"<p>Sie weckt unterschiedliche Bef\u00fcrchtungen. CDU\/FDP sorgen sich um ihre Regierungsmehrheit bei den Bundestagswahlen im September. Andere sehen in ihr nicht ohne Grund eine gef\u00e4hrliche rechte Partei und decken auf, aus welchem rechten Sumpf ein Teil der Anh\u00e4ngerInnen kommt. Die neue Partei vorwiegend als Sammelbecken tumber Rechter darzustellen, greift allerdings zu kurz. Der aus der CDU &hellip; <a href=\"https:\/\/www.graswurzel.net\/gwr\/2013\/05\/lega-moneta-nord-jetzt-auch-in-deutschland\/\">Weiterlesen<\/a><\/p>\n","protected":false},"author":1,"featured_media":0,"comment_status":"closed","ping_status":"closed","sticky":false,"template":"","format":"standard","meta":{"slim_seo":{"title":"Lega Moneta Nord jetzt auch in Deutschland - graswurzelrevolution","description":"Sie weckt unterschiedliche Bef\u00fcrchtungen. CDU\/FDP sorgen sich um ihre Regierungsmehrheit bei den Bundestagswahlen im September. Andere sehen in ihr nicht ohne G"},"footnotes":""},"categories":[677,1033],"tags":[],"class_list":["post-12420","post","type-post","status-publish","format-standard","hentry","category-379-mai-2013","category-so-viele-farben"],"_links":{"self":[{"href":"https:\/\/www.graswurzel.net\/gwr\/wp-json\/wp\/v2\/posts\/12420","targetHints":{"allow":["GET"]}}],"collection":[{"href":"https:\/\/www.graswurzel.net\/gwr\/wp-json\/wp\/v2\/posts"}],"about":[{"href":"https:\/\/www.graswurzel.net\/gwr\/wp-json\/wp\/v2\/types\/post"}],"author":[{"embeddable":true,"href":"https:\/\/www.graswurzel.net\/gwr\/wp-json\/wp\/v2\/users\/1"}],"replies":[{"embeddable":true,"href":"https:\/\/www.graswurzel.net\/gwr\/wp-json\/wp\/v2\/comments?post=12420"}],"version-history":[{"count":0,"href":"https:\/\/www.graswurzel.net\/gwr\/wp-json\/wp\/v2\/posts\/12420\/revisions"}],"wp:attachment":[{"href":"https:\/\/www.graswurzel.net\/gwr\/wp-json\/wp\/v2\/media?parent=12420"}],"wp:term":[{"taxonomy":"category","embeddable":true,"href":"https:\/\/www.graswurzel.net\/gwr\/wp-json\/wp\/v2\/categories?post=12420"},{"taxonomy":"post_tag","embeddable":true,"href":"https:\/\/www.graswurzel.net\/gwr\/wp-json\/wp\/v2\/tags?post=12420"}],"curies":[{"name":"wp","href":"https:\/\/api.w.org\/{rel}","templated":true}]}}