{"id":12908,"date":"1998-09-06T00:00:01","date_gmt":"1998-09-05T22:00:01","guid":{"rendered":"http:\/\/test.graswurzel.net\/gwr\/?p=12908"},"modified":"2022-07-26T14:17:03","modified_gmt":"2022-07-26T12:17:03","slug":"libertaere-ansichten","status":"publish","type":"post","link":"https:\/\/www.graswurzel.net\/gwr\/1998\/09\/libertaere-ansichten\/","title":{"rendered":"Libert\u00e4re Ansichten"},"content":{"rendered":"<p>Die Bundestagswahl geht in die &#8222;hei\u00dfe Phase&#8220;, so wird behauptet. \u00dcber die Medien erkl\u00e4ren Parteien, es ginge am 27. September um eine &#8222;Richtungswahl&#8220;. Doch die Angebote unterscheiden sich kaum. Gegen Kohl tritt ein Rot-Kohl an.<\/p>\n<p>Maria L. Berneri ist eine libert\u00e4re Autorin, die zu Unrecht in Vergessenheit geraten ist. \u00c4hnliches gilt f\u00fcr Simone Weil. Mit den Portr\u00e4t-Karten erinnern wir an sie. Und die Erkenntnisse von Emma Goldman und Rudolf Rocker haben nichts von ihrer Aktualit\u00e4t verloren.<\/p>\n<p>Erfreulicherweise fanden die Karten &#8222;rei\u00dfenden Absatz&#8220;, die meisten Motive sind bereits vergriffen. Leider bedeutet das auch, da\u00df wir keine Bestellungen f\u00fcr die Karten mehr entgegennehmen k\u00f6nnen; vielleicht drucken wir einige Karten nach, dann werden wir auch hier wieder eine Bestellm\u00f6glichkeit anbieten.<\/p>\n<p><img loading=\"lazy\" decoding=\"async\" class=\"size-full wp-image-12910 alignnone\" alt=\"'Ich bin bereit', erkl\u00e4rt ein Rot-Kohl, der ins Kanzleramt will. (zweifarbig)\" src=\"https:\/\/www.graswurzel.net\/gwr\/wp-content\/uploads\/2014\/01\/bereit.gif\" width=\"129\" height=\"98\" srcset=\"https:\/\/www.graswurzel.net\/gwr\/wp-content\/uploads\/2014\/01\/bereit.gif 129w, https:\/\/www.graswurzel.net\/gwr\/wp-content\/uploads\/2014\/01\/bereit-31x23.gif 31w, https:\/\/www.graswurzel.net\/gwr\/wp-content\/uploads\/2014\/01\/bereit-38x28.gif 38w, https:\/\/www.graswurzel.net\/gwr\/wp-content\/uploads\/2014\/01\/bereit-122x92.gif 122w\" sizes=\"auto, (max-width: 129px) 100vw, 129px\" \/><\/p>\n<p>&#8218;Ich bin bereit&#8216;, erkl\u00e4rt ein Rot-Kohl, der ins Kanzleramt will. (zweifarbig)<\/p>\n<p><img loading=\"lazy\" decoding=\"async\" class=\"size-full wp-image-12912 alignnone\" alt=\"Parteien und Medien, da wird's zappenduster:  Jetzt abschalten. graswurzelrevolution\" src=\"https:\/\/www.graswurzel.net\/gwr\/wp-content\/uploads\/2014\/01\/fernwand.gif\" width=\"96\" height=\"131\" srcset=\"https:\/\/www.graswurzel.net\/gwr\/wp-content\/uploads\/2014\/01\/fernwand.gif 96w, https:\/\/www.graswurzel.net\/gwr\/wp-content\/uploads\/2014\/01\/fernwand-22x31.gif 22w, https:\/\/www.graswurzel.net\/gwr\/wp-content\/uploads\/2014\/01\/fernwand-27x38.gif 27w\" sizes=\"auto, (max-width: 96px) 100vw, 96px\" \/><\/p>\n<p>Parteien und Medien, da wird&#8217;s zappenduster: Jetzt abschalten. graswurzelrevolution<\/p>\n<p><img loading=\"lazy\" decoding=\"async\" class=\"size-full wp-image-12911\" alt=\"Maria L. Berneri: &quot;...eine Freiheit, die gegeben werden mu\u00df, ist keine Freiheit mehr.&quot;\" src=\"https:\/\/www.graswurzel.net\/gwr\/wp-content\/uploads\/2014\/01\/berni.gif\" width=\"96\" height=\"131\" srcset=\"https:\/\/www.graswurzel.net\/gwr\/wp-content\/uploads\/2014\/01\/berni.gif 96w, https:\/\/www.graswurzel.net\/gwr\/wp-content\/uploads\/2014\/01\/berni-22x31.gif 22w, https:\/\/www.graswurzel.net\/gwr\/wp-content\/uploads\/2014\/01\/berni-27x38.gif 27w\" sizes=\"auto, (max-width: 96px) 100vw, 96px\" \/><\/p>\n<p>Maria L. Berneri: &#8222;&#8230;eine Freiheit, die gegeben werden mu\u00df, ist keine Freiheit mehr.&#8220;<\/p>\n<p><img loading=\"lazy\" decoding=\"async\" class=\"size-full wp-image-12913\" alt=\"Rudolf Rocker: &quot;Die nationale Fahne deckt jedes Unrecht, jede Unmenschlichkeit, jede L\u00fcge, jede Schandtat, jedes Verbrechen...&quot;\" src=\"https:\/\/www.graswurzel.net\/gwr\/wp-content\/uploads\/2014\/01\/rocker.gif\" width=\"96\" height=\"131\" srcset=\"https:\/\/www.graswurzel.net\/gwr\/wp-content\/uploads\/2014\/01\/rocker.gif 96w, https:\/\/www.graswurzel.net\/gwr\/wp-content\/uploads\/2014\/01\/rocker-22x31.gif 22w, https:\/\/www.graswurzel.net\/gwr\/wp-content\/uploads\/2014\/01\/rocker-27x38.gif 27w\" sizes=\"auto, (max-width: 96px) 100vw, 96px\" \/><\/p>\n<p>Rudolf Rocker: &#8222;Die nationale Fahne deckt jedes Unrecht, jede Unmenschlichkeit, jede L\u00fcge, jede Schandtat, jedes Verbrechen&#8230;&#8220;<\/p>\n<p><img loading=\"lazy\" decoding=\"async\" class=\"size-full wp-image-12909\" alt=\"Simone Weil: &quot;Dennoch kann nichts auf der Welt das Gef\u00fchl des Menschen verhindern, f\u00fcr die Freiheit geboren zu sein.&quot;\" src=\"https:\/\/www.graswurzel.net\/gwr\/wp-content\/uploads\/2014\/01\/weil.gif\" width=\"96\" height=\"131\" srcset=\"https:\/\/www.graswurzel.net\/gwr\/wp-content\/uploads\/2014\/01\/weil.gif 96w, https:\/\/www.graswurzel.net\/gwr\/wp-content\/uploads\/2014\/01\/weil-22x31.gif 22w, https:\/\/www.graswurzel.net\/gwr\/wp-content\/uploads\/2014\/01\/weil-27x38.gif 27w\" sizes=\"auto, (max-width: 96px) 100vw, 96px\" \/><\/p>\n<p>Simone Weil: &#8222;Dennoch kann nichts auf der Welt das Gef\u00fchl des Menschen verhindern, f\u00fcr die Freiheit geboren zu sein.&#8220;<\/p>\n<p><img loading=\"lazy\" decoding=\"async\" class=\"size-full wp-image-12915\" alt=\"Eine &quot;Richtungswahl&quot; soll es am 27.9. sein, doch die Angebote sind kaum zu unterscheiden\" src=\"https:\/\/www.graswurzel.net\/gwr\/wp-content\/uploads\/2014\/01\/kauf.gif\" width=\"129\" height=\"98\" srcset=\"https:\/\/www.graswurzel.net\/gwr\/wp-content\/uploads\/2014\/01\/kauf.gif 129w, https:\/\/www.graswurzel.net\/gwr\/wp-content\/uploads\/2014\/01\/kauf-31x23.gif 31w, https:\/\/www.graswurzel.net\/gwr\/wp-content\/uploads\/2014\/01\/kauf-38x28.gif 38w, https:\/\/www.graswurzel.net\/gwr\/wp-content\/uploads\/2014\/01\/kauf-122x92.gif 122w\" sizes=\"auto, (max-width: 129px) 100vw, 129px\" \/><\/p>\n<p>Eine &#8222;Richtungswahl&#8220; soll es am 27.9. sein, doch die Angebote sind kaum zu unterscheiden<\/p>\n<p><img loading=\"lazy\" decoding=\"async\" class=\"size-full wp-image-12914\" alt=\"Emma Goldmann: &quot;Wie sehr grinsen sich die politischen Kulissenschieber eins, wenn sie den Andrang der Menschen auf die neueste Attraktion in der politischen Kino-Show beobachten.&quot;\" src=\"https:\/\/www.graswurzel.net\/gwr\/wp-content\/uploads\/2014\/01\/emma.gif\" width=\"96\" height=\"131\" srcset=\"https:\/\/www.graswurzel.net\/gwr\/wp-content\/uploads\/2014\/01\/emma.gif 96w, https:\/\/www.graswurzel.net\/gwr\/wp-content\/uploads\/2014\/01\/emma-22x31.gif 22w, https:\/\/www.graswurzel.net\/gwr\/wp-content\/uploads\/2014\/01\/emma-27x38.gif 27w\" sizes=\"auto, (max-width: 96px) 100vw, 96px\" \/><\/p>\n<p>Emma Goldmann: &#8222;Wie sehr grinsen sich die politischen Kulissenschieber eins, wenn sie den Andrang der Menschen auf die neueste Attraktion in der politischen Kino-Show beobachten.&#8220;<\/p>\n","protected":false},"excerpt":{"rendered":"<p>Die Bundestagswahl geht in die &#8222;hei\u00dfe Phase&#8220;, so wird behauptet. \u00dcber die Medien erkl\u00e4ren Parteien, es ginge am 27. September um eine &#8222;Richtungswahl&#8220;. Doch die Angebote unterscheiden sich kaum. Gegen Kohl tritt ein Rot-Kohl an. Maria L. Berneri ist eine libert\u00e4re Autorin, die zu Unrecht in Vergessenheit geraten ist. \u00c4hnliches gilt f\u00fcr Simone Weil. Mit &hellip; <a href=\"https:\/\/www.graswurzel.net\/gwr\/1998\/09\/libertaere-ansichten\/\">Weiterlesen<\/a><\/p>\n","protected":false},"author":1,"featured_media":0,"comment_status":"closed","ping_status":"closed","sticky":false,"template":"","format":"standard","meta":{"slim_seo":{"title":"Libert\u00e4re Ansichten - graswurzelrevolution","description":"Die Bundestagswahl geht in die \"hei\u00dfe Phase\", so wird behauptet. \u00dcber die Medien erkl\u00e4ren Parteien, es ginge am 27. September um eine \"Richtungswahl\". Doch die"},"footnotes":""},"categories":[1478,12,1042],"tags":[],"class_list":["post-12908","post","type-post","status-publish","format-standard","hentry","category-die-qual-der-wahl","category-news","category-ohne-chef-und-staat"],"_links":{"self":[{"href":"https:\/\/www.graswurzel.net\/gwr\/wp-json\/wp\/v2\/posts\/12908","targetHints":{"allow":["GET"]}}],"collection":[{"href":"https:\/\/www.graswurzel.net\/gwr\/wp-json\/wp\/v2\/posts"}],"about":[{"href":"https:\/\/www.graswurzel.net\/gwr\/wp-json\/wp\/v2\/types\/post"}],"author":[{"embeddable":true,"href":"https:\/\/www.graswurzel.net\/gwr\/wp-json\/wp\/v2\/users\/1"}],"replies":[{"embeddable":true,"href":"https:\/\/www.graswurzel.net\/gwr\/wp-json\/wp\/v2\/comments?post=12908"}],"version-history":[{"count":0,"href":"https:\/\/www.graswurzel.net\/gwr\/wp-json\/wp\/v2\/posts\/12908\/revisions"}],"wp:attachment":[{"href":"https:\/\/www.graswurzel.net\/gwr\/wp-json\/wp\/v2\/media?parent=12908"}],"wp:term":[{"taxonomy":"category","embeddable":true,"href":"https:\/\/www.graswurzel.net\/gwr\/wp-json\/wp\/v2\/categories?post=12908"},{"taxonomy":"post_tag","embeddable":true,"href":"https:\/\/www.graswurzel.net\/gwr\/wp-json\/wp\/v2\/tags?post=12908"}],"curies":[{"name":"wp","href":"https:\/\/api.w.org\/{rel}","templated":true}]}}