{"id":1351,"date":"1997-09-01T00:00:53","date_gmt":"1997-08-31T22:00:53","guid":{"rendered":"http:\/\/test.graswurzel.net\/gwr\/?p=1351"},"modified":"2022-07-26T14:26:34","modified_gmt":"2022-07-26T12:26:34","slug":"choosing-peace-together","status":"publish","type":"post","link":"https:\/\/www.graswurzel.net\/gwr\/1997\/09\/choosing-peace-together\/","title":{"rendered":"Choosing Peace Together"},"content":{"rendered":"<p>Unter dem Titel &#8222;Choosing Peace Together&#8220; wird im n\u00e4chsten Jahr die Dreijahreskonferenz der War Resisters&#8216; International (WRI) in Kroatien stattfinden. Der Titel ist doppeldeutig und bezieht sich stark auf die Situation in Ex-Jugoslawien, l\u00e4\u00dft sich aber in Zeiten wachsenden Rassismus und Nationalismus und sogenannter &#8222;ethnischer Konflikte&#8220; gut auf andere Situation \u00fcbertragen. &#8222;Choosing Peace&#8220; &#8211; sich f\u00fcr den Frieden zu entscheiden ist notwendig, um einen Frieden aufzubauen, der mehr als die Abwesenheit von Krieg bedeutet und\/oder nur durch waffenstarrende Interventionstruppen im Rahmen des Dayton-Vertrages aufrechterhalten werden kann. Darin dr\u00fcckt sich aus, da\u00df sich die Menschen Bosniens nicht f\u00fcr den Frieden entschieden haben, sondern ihnen der &#8222;Frieden&#8220; aufgezwungen wurde. &#8222;Peace Together&#8220; &#8211; ein gemeinsamer Frieden, der nicht auf &#8222;ethnisch sauberen&#8220; Gebieten beruht sondern ein Zusammenleben unterschiedlicher Menschengruppen &#8211; nach welchen Rastern auch immer man sie einzuteilen beliebt &#8211; erm\u00f6glicht.<\/p>\n<h3>Das Programm<\/h3>\n<p>Das Programm der Dreijahreskonferenz steht &#8211; mehr als ein Jahr vorher &#8211; selbstredend noch nicht endg\u00fcltig fest, doch gibt es eine Planung, die schon sehr weit gediehen ist. \u00c4hnlich wie bei der Dreijahreskonferenz 1994 in Brasilien gliedert sich die Konferenz in Themengruppen, die mehrere Tage lang an einem Thema arbeiten und sich jeweils vormittags treffen, Nachmittags-Workshops und Abendplena. Themengruppen sind geplant zu: Gewaltfreiheit und &#8218;Social Empowerment&#8216;, Rekonstruktion und Demokratisierung, Identit\u00e4t und Konflikt, Modernisierung des Milit\u00e4rs, Globalisierung der \u00d6konomie, Gewaltfreies Training, Ziviler Ungehorsam und Umweltaktionen, Friedensprozesse, Menschenrechte, &#8230; Die Abendplena wurden dagegen bereits festgelegt. Das Er\u00f6ffnungsplenum am Samstag Abend widmet sich dem Thema des Triennials: &#8222;Choosing Peace Together&#8220;. RednerInnen aus Kroatien, den USA, S\u00fcdafrika und Nordirland sollen f\u00fcr diesem Plenum eingeladen werden. Am Sonntag geht es um das Thema Wahrheitskommissionen, Straflosigkeit und andere Fragen, die nach der \u00dcberwindung von Diktaturen oder B\u00fcrgerInnenkriegen in den betroffenen Gesellschaften anstehen. Der Montag steht unter dem provokativen Titel &#8222;Der Tod der Konflikt-L\u00f6sung&#8220;. Dabei geht es um das Konzept der Transformation von Konflikten anstelle der L\u00f6sung, einer Kritik der NGO-Industrie (gerade vor dem Hintergrund der kroatischen und bosnischen Erfahrungen) und professioneller Interventionen. Das Abschlu\u00dfplenum am Mittwoch steht unter dem Motto &#8222;Zivile Aktion f\u00fcr Frieden&#8220;. Als RednerInnen sind Stasa Zajovic (Frauen in Schwarz, Belgrad), jemand aus Tschetschenien, ein Kriegsdienstverweigerer aus Lateinamerika, Osman Murat \u00dclke aus der T\u00fcrkei (falls m\u00f6glich) oder jemand aus dem Libanon im Gespr\u00e4ch. Erg\u00e4nzt wird das Programm durch zahlreiche Workshops, die bisher noch nicht feststehen. Offen ist derzeit noch, in wieweit die Workshops als Erg\u00e4nzung bzw. Vertiefung zu den Themengruppen konzipiert werden, oder ob sie unabh\u00e4ngig angeboten werden und f\u00fcr sich stehen.<\/p>\n<h3>Gender Day<\/h3>\n<p>Die Diskussion um &#8218;Geschlechterverh\u00e4ltnisse&#8216; ist in der WRI bereits alt, aber noch lange kein Thema, da\u00df als &#8218;gegessen&#8216; bezeichnet werden k\u00f6nnte. Mit dem Konzept des &#8218;Gender Day&#8216; wird im n\u00e4chsten Jahr aber eine neue Herangehensweise an das Thema versucht, die verspricht, spannend zu werden. Am &#8218;Gender Day&#8216; dreht sich alles um das Thema &#8218;Geschlechterverh\u00e4ltnisse&#8216;. Alle Themengruppen sollen sich z.B. ihr Thema unter dem Blickwinkel betrachten, in wieweit davon M\u00e4nner und Frauen unterschiedlich betroffen sind, in wieweit m\u00e4nnliche Dominanz gef\u00f6rdert und traditionelle Geschlechterrollen gest\u00e4rkt oder geschw\u00e4cht werden. Ziel dabei ist, da\u00df durch die Betrachtung der zahlreichen unterschiedlichen Themen unter dem Aspekt &#8218;Geschlechterverh\u00e4ltnisse&#8216; die Allgegenw\u00e4rtigkeit patriarchaler Strukturen deutlich wird, und somit die Notwendigkeit der Integrierung einer Patriarchatskritik in die Analyse der WRI sich quasi von selbst ergibt (was wohl ein frommer Wunsch ist). Mit der Methode der &#8218;ReflektorInnen&#8216; soll gleichzeitig verdeutlicht werden, in wieweit die M\u00e4nner und Frauen in der WRI unterschiedlich an das Thema herangehen. Die ReflektorInnen haben die Aufgabe, in Diskussionen hereinzuh\u00f6ren &#8211; nicht nur in den Themengruppen oder Workshops, sondern auch auf dem Gang, in Warteschlangen vor der Essensausgabe, usw. &#8211; und das Geh\u00f6rte auf dem Abendplenum unter dem Titel &#8222;M\u00e4nnerthemen &#8211; Frauenthemen&#8220; zur\u00fcck&#8217;spiegeln&#8216;. Die ReflektorInnen werden jedoch nicht verdeckt agieren, sondern \u00f6ffentlich erkennbar auftreten.<\/p>\n<h3>Auf nach Kroatien &#8230;<\/h3>\n<p>Auch wenn der Termin im September f\u00fcr einige ung\u00fcnstig sein mag, so lohnt es sich doch in jedem Falle, bereits jetzt f\u00fcr das Triennial zu planen. Die Diskussionen versprechen spannend zu werden, und der Konferenzort Porec an der kroatischen Adria bietet genug M\u00f6glichkeiten, nach den Diskussionen etwas auszuspannen und sich zu erholen.<\/p>\n","protected":false},"excerpt":{"rendered":"<p>Unter dem Titel &#8222;Choosing Peace Together&#8220; wird im n\u00e4chsten Jahr die Dreijahreskonferenz der War Resisters&#8216; International (WRI) in Kroatien stattfinden. Der Titel ist doppeldeutig und bezieht sich stark auf die Situation in Ex-Jugoslawien, l\u00e4\u00dft sich aber in Zeiten wachsenden Rassismus und Nationalismus und sogenannter &#8222;ethnischer Konflikte&#8220; gut auf andere Situation \u00fcbertragen. &#8222;Choosing Peace&#8220; &#8211; sich &hellip; <a href=\"https:\/\/www.graswurzel.net\/gwr\/1997\/09\/choosing-peace-together\/\">Weiterlesen<\/a><\/p>\n","protected":false},"author":1,"featured_media":0,"comment_status":"closed","ping_status":"closed","sticky":false,"template":"","format":"standard","meta":{"slim_seo":{"title":"Choosing Peace Together - graswurzelrevolution","description":"Unter dem Titel \"Choosing Peace Together\" wird im n\u00e4chsten Jahr die Dreijahreskonferenz der War Resisters' International (WRI) in Kroatien stattfinden. Der Tite"},"footnotes":""},"categories":[97,1025,1027],"tags":[],"class_list":["post-1351","post","type-post","status-publish","format-standard","hentry","category-221-september-1997","category-die-waffen-nieder","category-wir-sind-nicht-alleine"],"_links":{"self":[{"href":"https:\/\/www.graswurzel.net\/gwr\/wp-json\/wp\/v2\/posts\/1351","targetHints":{"allow":["GET"]}}],"collection":[{"href":"https:\/\/www.graswurzel.net\/gwr\/wp-json\/wp\/v2\/posts"}],"about":[{"href":"https:\/\/www.graswurzel.net\/gwr\/wp-json\/wp\/v2\/types\/post"}],"author":[{"embeddable":true,"href":"https:\/\/www.graswurzel.net\/gwr\/wp-json\/wp\/v2\/users\/1"}],"replies":[{"embeddable":true,"href":"https:\/\/www.graswurzel.net\/gwr\/wp-json\/wp\/v2\/comments?post=1351"}],"version-history":[{"count":0,"href":"https:\/\/www.graswurzel.net\/gwr\/wp-json\/wp\/v2\/posts\/1351\/revisions"}],"wp:attachment":[{"href":"https:\/\/www.graswurzel.net\/gwr\/wp-json\/wp\/v2\/media?parent=1351"}],"wp:term":[{"taxonomy":"category","embeddable":true,"href":"https:\/\/www.graswurzel.net\/gwr\/wp-json\/wp\/v2\/categories?post=1351"},{"taxonomy":"post_tag","embeddable":true,"href":"https:\/\/www.graswurzel.net\/gwr\/wp-json\/wp\/v2\/tags?post=1351"}],"curies":[{"name":"wp","href":"https:\/\/api.w.org\/{rel}","templated":true}]}}