{"id":15151,"date":"2016-03-01T00:00:00","date_gmt":"2016-02-29T22:00:00","guid":{"rendered":"http:\/\/test.graswurzel.net\/gwr\/2016\/03\/eine-stimme-der-friedensbewegung-ist-verstummt\/"},"modified":"2022-07-26T13:30:57","modified_gmt":"2022-07-26T11:30:57","slug":"eine-stimme-der-friedensbewegung-ist-verstummt","status":"publish","type":"post","link":"https:\/\/www.graswurzel.net\/gwr\/2016\/03\/eine-stimme-der-friedensbewegung-ist-verstummt\/","title":{"rendered":"Eine Stimme der Friedensbewegung ist verstummt"},"content":{"rendered":"<p>Er traute sich, auch in den Mainstream-Medien Meinungen zu \u00e4u\u00dfern, die sich ansonsten dort kaum eineR zu sagen wagte, 2009 etwa \u00fcber die menschenverachtende &#8222;Germany&#8217;s Next Topmodel&#8220;-Show. ((1)) \u00dcber Heidi Klum \u00e4u\u00dferte er sich in der taz: &#8222;Eine unsch\u00f6ne Frau mit laubges\u00e4gtem Gouvernanten-Profil bringt kleine M\u00e4dchen zum Weinen, indem sie ihre orthodoxe, hochger\u00fcstete Belanglosigkeit zum Ma\u00dfstab humaner Seinserf\u00fcllung hochschwindelt, \u00fcber \u201aPers\u00f6nlichkeit&#8216; redet, sich aber kaum mehr erinnern kann, was das ist, und sollte diese je zum Vorschein kommen, sie mit Rauswurf bestraft. Der Exzess der Nichtigkeit aber erreicht seinen H\u00f6hepunkt, wo Heidi Nazionale mit Knallchargen-Pathos und einer Pause, in der man die Leere ihres Kopfes wabern h\u00f6rt, ihre gestrenge Entscheidung mitteilt und wertes von unwertem Leben scheidet. Da m\u00f6chte man sechs Sorten Schei\u00dfe aus ihr herauspr\u00fcgeln &#8211; wenn es nur nicht so frauenfeindlich w\u00e4re.&#8220;<\/p>\n<p>Ich hatte das Gl\u00fcck, Roger Willemsen pers\u00f6nlich kennen zu lernen, auf dem bundesweiten Kongress &#8222;Vom Fernsehbild zum Feindbild&#8220;, wo er sich u.a. auch als eifriger Leser der Graswurzelrevolution outete. Die Medien im Krieg, der Krieg in den Medien und der Krieg um die Mediengesellschaft waren die Themen, welche 120 Teilnehmende aus ganz Deutschland am 2. Februar 2002 in M\u00fcnster besch\u00e4ftigten. Im Mittelpunkt standen dabei die konkreten Erfahrungen von Journalistinnen und Journalisten mit Manipulation, L\u00fcgen und Propaganda w\u00e4hrend der j\u00fcngsten Kriege.<\/p>\n<p>Kathrin Vogler kommentierte im Juni 2002 in der GWR 270: &#8222;Einleitend zog Roger Willemsen ein verheerendes Fazit der gegenw\u00e4rtigen Situation. Nirgendwo sei die Gegen\u00f6ffentlichkeit so diffamiert, kriminalisiert und an den Rand gedr\u00e4ngt worden wie in Deutschland, nirgendwo sonst sei so wenig Widerspruch gegen den Krieg ge\u00e4u\u00dfert und seien die Verlautbarungen der Regierungen so kritiklos \u00fcbernommen worden. Dementsprechend wirkungslos seien die Versuche Einzelner geblieben, die Aufteilung der Toten in zwei Klassen zu verhindern und den Blick auf die afghanischen Opfer ebenso zu lenken, wie auf die amerikanischen. Willemsen warf viele Fragen auf, die in der Berichterstattung der Massenmedien unterzugehen drohen. Zum Beispiel die Tatsache, dass weltweit unz\u00e4hlige Terroristen und Gewaltherrscher ausgebildet und unterst\u00fctzt wurden vom US-Geheimdienst, dass bislang weltweit nicht eine Person festgenommen wurde, der ein direkter Zusammenhang mit den Attentaten vom 11.9.2001 nachgewiesen werden konnte, dass vielmehr alle Verhafteten in den USA vollkommen unbescholtene und unauff\u00e4llige B\u00fcrger sind, warum sich die Medien und Politiker mit offiziellen Ansichten des Gefangenenlagers Guantanamo Bay zufrieden geben, statt selbst die Haftbedingungen zu recherchieren.&#8220; ((2))<\/p>\n<p>Da ich ebenfalls einer der Referenten dieses Friedens- und Medien-Kongresses war, interviewte Kathrin Vogler mich anschlie\u00dfend f\u00fcr die <i>ZivilCourage<\/i>, das Magazin der DFG-VK. Im Interview \u00e4u\u00dferte ich mich damals auch zur Kongressteilnahme des prominenten Fernsehmoderators:<\/p>\n<p>&#8222;Besonders begeistert und \u00fcberrascht war ich von Roger Willemsen und seiner hervorragenden Rede. Es war sehr erfrischend zu sehen, dass jemand, der so tief in dem Medienapparat steckt, trotzdem noch kritisch bleiben kann. Roger Willemsen ist allerdings auch in den gro\u00dfen Massenmedien, vor allem in der Bildzeitung, daf\u00fcr abgewatscht und mit einer Schmutzkampagne \u00fcberzogen worden, \u00e4hnlich wie der Tagesthemen-Moderator Ulrich Wickert. Von daher war es ein wichtiger Kongress, weil hier kritische Medienschaffende aus den gro\u00dfen Medien zusammengekommen sind mit Aktiven aus der Friedensbewegung und sich untereinander austauschen konnten. Das war f\u00fcr beide Seiten sehr fruchtbar und anregend. Die Diskussionen, die ich mitbekommen habe, fand ich supertoll. Was bezeichnend war: Keine der beiden Lokalzeitungen in M\u00fcnster hat \u00fcber den Kongress auch nur mit einer Zeile berichtet, obwohl er ein bundesweit herausragendes Ereignis war.&#8220; ((3))<\/p>\n<p>Mit Roger Willemsen verliert auch die Friedensbewegung eine interessante und gut zu h\u00f6rende Stimme.<\/p>\n","protected":false},"excerpt":{"rendered":"<p>Er traute sich, auch in den Mainstream-Medien Meinungen zu \u00e4u\u00dfern, die sich ansonsten dort kaum eineR zu sagen wagte, 2009 etwa \u00fcber die menschenverachtende &#8222;Germany&#8217;s Next Topmodel&#8220;-Show. ((1)) \u00dcber Heidi Klum \u00e4u\u00dferte er sich in der taz: &#8222;Eine unsch\u00f6ne Frau mit laubges\u00e4gtem Gouvernanten-Profil bringt kleine M\u00e4dchen zum Weinen, indem sie ihre orthodoxe, hochger\u00fcstete Belanglosigkeit zum &hellip; <a href=\"https:\/\/www.graswurzel.net\/gwr\/2016\/03\/eine-stimme-der-friedensbewegung-ist-verstummt\/\">Weiterlesen<\/a><\/p>\n","protected":false},"author":1,"featured_media":0,"comment_status":"closed","ping_status":"closed","sticky":false,"template":"","format":"standard","meta":{"slim_seo":{"title":"Eine Stimme der Friedensbewegung ist verstummt - graswurzelrevolution","description":"Er traute sich, auch in den Mainstream-Medien Meinungen zu \u00e4u\u00dfern, die sich ansonsten dort kaum eineR zu sagen wagte, 2009 etwa \u00fcber die menschenverachtende \"Ge"},"footnotes":""},"categories":[885,1025],"tags":[],"class_list":["post-15151","post","type-post","status-publish","format-standard","hentry","category-407-maerz-2016","category-die-waffen-nieder"],"_links":{"self":[{"href":"https:\/\/www.graswurzel.net\/gwr\/wp-json\/wp\/v2\/posts\/15151","targetHints":{"allow":["GET"]}}],"collection":[{"href":"https:\/\/www.graswurzel.net\/gwr\/wp-json\/wp\/v2\/posts"}],"about":[{"href":"https:\/\/www.graswurzel.net\/gwr\/wp-json\/wp\/v2\/types\/post"}],"author":[{"embeddable":true,"href":"https:\/\/www.graswurzel.net\/gwr\/wp-json\/wp\/v2\/users\/1"}],"replies":[{"embeddable":true,"href":"https:\/\/www.graswurzel.net\/gwr\/wp-json\/wp\/v2\/comments?post=15151"}],"version-history":[{"count":0,"href":"https:\/\/www.graswurzel.net\/gwr\/wp-json\/wp\/v2\/posts\/15151\/revisions"}],"wp:attachment":[{"href":"https:\/\/www.graswurzel.net\/gwr\/wp-json\/wp\/v2\/media?parent=15151"}],"wp:term":[{"taxonomy":"category","embeddable":true,"href":"https:\/\/www.graswurzel.net\/gwr\/wp-json\/wp\/v2\/categories?post=15151"},{"taxonomy":"post_tag","embeddable":true,"href":"https:\/\/www.graswurzel.net\/gwr\/wp-json\/wp\/v2\/tags?post=15151"}],"curies":[{"name":"wp","href":"https:\/\/api.w.org\/{rel}","templated":true}]}}