{"id":15274,"date":"2016-05-01T00:00:00","date_gmt":"2016-04-30T22:00:00","guid":{"rendered":"http:\/\/test.graswurzel.net\/gwr\/2016\/05\/erdogans-angriff-auf-die-pressefreiheit\/"},"modified":"2022-07-26T14:22:10","modified_gmt":"2022-07-26T12:22:10","slug":"erdogans-angriff-auf-die-pressefreiheit","status":"publish","type":"post","link":"https:\/\/www.graswurzel.net\/gwr\/2016\/05\/erdogans-angriff-auf-die-pressefreiheit\/","title":{"rendered":"Erdogans Angriff auf die Pressefreiheit"},"content":{"rendered":"<p>Die aktuellen Geschehnisse in der T\u00fcrkei erinnern mich an den von mir sehr gesch\u00e4tzten Journalisten, Schriftsteller und Pazifisten Carl von Ossietzky.<\/p>\n<p>Der am 3. Oktober 1889 in Hamburg geborene Ossietzky war Mitglied der Deutschen Friedensgesellschaft (heute DFG-VK) und Herausgeber der antimilitaristischen Zeitschrift &#8222;Die Weltb\u00fchne&#8220;, die von 1905 bis 1933 mit Auflagen von 1.200 bis 15.000 Exemplaren erschien.<\/p>\n<p>&#8222;Die Weltb\u00fchne&#8220; war ein radikal linkes, antifaschistisches Sprachrohr, unter anderem auch von Kurt Tucholsky, Erich K\u00e4stner, Gustav Landauer und Erich M\u00fchsam. Zweifellos eine der herausragenden Publikationen des 20. Jahrhunderts.<\/p>\n<p>Carl von Ossietzky wurde 1931 im international aufsehenerregenden &#8222;Weltb\u00fchne&#8220;-Prozess wegen Spionage verurteilt, weil die von ihm presserechtlich verantwortete Zeitschrift in der Ausgabe vom 12. M\u00e4rz 1929 \u00fcber die verbotene Aufr\u00fcstung der Reichswehr aufgekl\u00e4rt hatte.<\/p>\n<p>1936 erhielt er r\u00fcckwirkend den Friedensnobelpreis f\u00fcr das Jahr 1935. Er konnte den Preis nie entgegennehmen. Am 4. Mai 1938 starb Ossietzky an den Folgen von jahrelanger Folter und KZ-Haft in Berlin.<\/p>\n<p>&#8222;Was hat der Fall Ossietzky denn mit dem Fall des bisweilen eher mittelm\u00e4\u00dfigen Klassenclowns Jan B\u00f6hmermann zu tun?! Das ist doch \u00fcbertrieben!&#8220;, werden jetzt einige emp\u00f6rt aufschreien. Zu Recht. Ich rede hier nicht vom &#8222;Fall B\u00f6hmermann&#8220;, zu dem andernorts schon viel gesagt wurde ((1)). Ich rede vom Fall Can D\u00fcndar, von dem einige hier vielleicht zum ersten Mal h\u00f6ren.<\/p>\n<p>Can D\u00fcndar ist der presserechtlich verantwortliche Redakteur der linksliberalen t\u00fcrkischen Tageszeitung &#8222;Cumhuriyet&#8220; (Republik). Seine bereits 1924 gegr\u00fcndete, kemalistisch-laizistisch gepr\u00e4gte Zeitung erscheint mit einer Auflage von t\u00e4glich 55.000 bis 70.000 Exemplaren und ist, wenn man so will, in gewisser Weise journalistisch vergleichbar mit der &#8222;Frankfurter Rundschau&#8220;. Ende Mai 2015 hat die &#8222;Cumhuriyet&#8220; \u00fcber einen Waffenschmuggel von der T\u00fcrkei nach Syrien berichtet und damit \u00fcber eines der Themen, die in der T\u00fcrkei immer wieder zum Anlass f\u00fcr staatliche Repressionen benutzt und somit de facto tabuisiert sind.<\/p>\n<p>Die von &#8222;Cumhuriyet&#8220; ver\u00f6ffentlichten Fotos und ein Video dokumentieren die Beteiligung des t\u00fcrkischen Geheimdienstes an Waffenlieferungen f\u00fcr Dschihadisten in Syrien.<\/p>\n<h3>&#8222;Spionage&#8220; und die &#8222;Verbreitung von Staatsgeheimnissen&#8220;<\/h3>\n<p>Der t\u00fcrkische Staatspr\u00e4sident Recep Tayyip Erdogan reagierte auf die Ver\u00f6ffentlichungen &#8211; wie so oft &#8211; als sei er von der Tarantel gebissen.<\/p>\n<p>Der rachs\u00fcchtige W\u00fcterich lie\u00df pers\u00f6nlich Strafanzeige unter anderem wegen Geheimnisverrats gegen das Oppositionsblatt und seinen Chefredakteur stellen. Im regierungsnahen TRT-Fernsehen drohte Erdogan, Can D\u00fcndar werde &#8222;einen hohen Preis&#8220; f\u00fcr die Ver\u00f6ffentlichung bezahlen und nicht ungestraft davonkommen. Erdogan hatte &#8222;auch gleich das passende Strafma\u00df mitgeteilt &#8211; einmal lebensl\u00e4nglich, noch einmal lebensl\u00e4nglich mit besonderer Schwere der Schuld und zus\u00e4tzlich 42 Jahre. So, als w\u00fcrde er eine Restaurantbestellung aufgeben: ein Lahmacun, ein Lahmacun mit scharf und einen Ayran&#8220;, kommentierte T\u00fcrkei-Korrespondent Deniz Y\u00fccel am 17.4.2016 in der &#8222;Welt&#8220;.<\/p>\n<p>Die t\u00fcrkischen Beh\u00f6rden verh\u00e4ngten eine Nachrichtensperre \u00fcber den Fall D\u00fcndar und die Staatsanwaltschaft leitete Ermittlungen ein.<\/p>\n<p>D\u00fcndar muss sich nun, wie viele seiner KollegInnen, wegen Terrorismusvorw\u00fcrfen und Beleidigung des Staatspr\u00e4sidenten vor Gericht verantworten. Hohe Haftstrafen drohen mehreren MitarbeiterInnen seiner Zeitung auch wegen der Ver\u00f6ffentlichung von &#8222;Charlie Hebdo&#8220;-Karikaturen nach den Anschl\u00e4gen auf das franz\u00f6sische Satiremagazin im Januar 2015. Die Beh\u00f6rden hatten auf diese Geste der Solidarit\u00e4t mit einer n\u00e4chtlichen Razzia in der Druckerei der &#8222;Cumhuriyet&#8220; reagiert. Am 24. April 2015 widmete das Oppositionsblatt seine Titelseite mit der in armenischer Sprache geschriebenen Schlagzeile &#8222;Nie wieder!&#8220; dem 100. Jahrestag des von der T\u00fcrkei nach wie vor geleugneten Genozids an 1,5 Millionen Armeniern.<\/p>\n<h3>In der Rangliste der Pressefreiheit steht die T\u00fcrkei mittlerweile auf Platz 149 von 180 Staaten<\/h3>\n<p>Am 21. April 2016 meldete die vom t\u00fcrkischen Statt immer wieder kriminalisierte linke, kurdische Zeitung &#8222;\u00d6zg\u00fcr G\u00fcndem&#8220;, dass in dem im Juni 2015 auf Befehl von Erdogan angezettelten Krieg der t\u00fcrkischen Armee gegen die KurdInnen bereits 868 ZivilistInnen, &#8222;darunter viele Kinder&#8220;, get\u00f6tet wurden. W\u00e4hrend die t\u00fcrkische Armee also gegen die kurdische Bev\u00f6lkerung einen brutalen Krieg f\u00fchrt, verfolgt das zunehmend autorit\u00e4r regierende AKP-Regime Tausende, die sich kritisch oder auch nur satirisch \u00e4u\u00dfern. Die international aktive Nichtregierungsorganisation &#8222;Reporter Ohne Grenzen&#8220; setzt sich weltweit f\u00fcr die Pressefreiheit und gegen Zensur ein. Sie mahnt: &#8222;Zu den besorgniserregenden derzeitigen Einschr\u00e4nkungen der Pressefreiheit in der T\u00fcrkei geh\u00f6ren die immer st\u00e4rkere Medienkonzentration in den H\u00e4nden regierungsnaher Unternehmer sowie eine zunehmend systematische Internetzensur ohne richterliche Pr\u00fcfung. Erg\u00e4nzt wird das Arsenal der Einsch\u00fcchterung und Schikane durch repressive Gesetze, eine von Sicherheitsdenken dominierte Justiz und verbreitete, selten geahndete Polizeigewalt. Redaktionen werden von AKP-Anh\u00e4ngern angegriffen, regierungskritische Medien m\u00fcssen mit Razzien rechnen. Kritische Journalisten werden inhaftiert und bel\u00e4stigt. Anstatt dem Klima von Selbstzensur und politischer Polarisierung etwas entgegenzusetzen, stacheln Regierung und Staatsspitze mit aggressiver Rhetorik gegen Journalisten die Stimmung zus\u00e4tzlich an.&#8220; ((2))<\/p>\n<p>Solidarit\u00e4t mit kritischen JournalistInnen, Kriegsdienstverweigerern und Deserteuren &#8211; \u00fcberall! Schluss mit dem Krieg des AKP-Regimes gegen die Kurdinnen und Kurden!<\/p>\n","protected":false},"excerpt":{"rendered":"<p>Die aktuellen Geschehnisse in der T\u00fcrkei erinnern mich an den von mir sehr gesch\u00e4tzten Journalisten, Schriftsteller und Pazifisten Carl von Ossietzky. Der am 3. Oktober 1889 in Hamburg geborene Ossietzky war Mitglied der Deutschen Friedensgesellschaft (heute DFG-VK) und Herausgeber der antimilitaristischen Zeitschrift &#8222;Die Weltb\u00fchne&#8220;, die von 1905 bis 1933 mit Auflagen von 1.200 bis 15.000 &hellip; <a href=\"https:\/\/www.graswurzel.net\/gwr\/2016\/05\/erdogans-angriff-auf-die-pressefreiheit\/\">Weiterlesen<\/a><\/p>\n","protected":false},"author":1,"featured_media":0,"comment_status":"closed","ping_status":"closed","sticky":false,"template":"","format":"standard","meta":{"slim_seo":{"title":"Erdogans Angriff auf die Pressefreiheit - graswurzelrevolution","description":"Die aktuellen Geschehnisse in der T\u00fcrkei erinnern mich an den von mir sehr gesch\u00e4tzten Journalisten, Schriftsteller und Pazifisten Carl von Ossietzky. Der am 3."},"footnotes":""},"categories":[894,1027],"tags":[],"class_list":["post-15274","post","type-post","status-publish","format-standard","hentry","category-409-mai-2016","category-wir-sind-nicht-alleine"],"_links":{"self":[{"href":"https:\/\/www.graswurzel.net\/gwr\/wp-json\/wp\/v2\/posts\/15274","targetHints":{"allow":["GET"]}}],"collection":[{"href":"https:\/\/www.graswurzel.net\/gwr\/wp-json\/wp\/v2\/posts"}],"about":[{"href":"https:\/\/www.graswurzel.net\/gwr\/wp-json\/wp\/v2\/types\/post"}],"author":[{"embeddable":true,"href":"https:\/\/www.graswurzel.net\/gwr\/wp-json\/wp\/v2\/users\/1"}],"replies":[{"embeddable":true,"href":"https:\/\/www.graswurzel.net\/gwr\/wp-json\/wp\/v2\/comments?post=15274"}],"version-history":[{"count":0,"href":"https:\/\/www.graswurzel.net\/gwr\/wp-json\/wp\/v2\/posts\/15274\/revisions"}],"wp:attachment":[{"href":"https:\/\/www.graswurzel.net\/gwr\/wp-json\/wp\/v2\/media?parent=15274"}],"wp:term":[{"taxonomy":"category","embeddable":true,"href":"https:\/\/www.graswurzel.net\/gwr\/wp-json\/wp\/v2\/categories?post=15274"},{"taxonomy":"post_tag","embeddable":true,"href":"https:\/\/www.graswurzel.net\/gwr\/wp-json\/wp\/v2\/tags?post=15274"}],"curies":[{"name":"wp","href":"https:\/\/api.w.org\/{rel}","templated":true}]}}