{"id":15384,"date":"2016-09-01T00:00:00","date_gmt":"2016-08-31T22:00:00","guid":{"rendered":"http:\/\/test.graswurzel.net\/gwr\/2016\/09\/der-genozid-an-den-armeniern-und-die-mitschuld-des-deutschen-kaiserreichs\/"},"modified":"2020-10-31T20:21:25","modified_gmt":"2020-10-31T18:21:25","slug":"der-genozid-an-den-armeniern-und-die-mitschuld-des-deutschen-kaiserreichs","status":"publish","type":"post","link":"https:\/\/www.graswurzel.net\/gwr\/2016\/09\/der-genozid-an-den-armeniern-und-die-mitschuld-des-deutschen-kaiserreichs\/","title":{"rendered":"Der Genozid an den Armeniern und die Mitschuld des deutschen Kaiserreichs"},"content":{"rendered":"<p style=\"text-align: justify;\" align=\"justify\"><strong>Graswurzelrevolution: Der deutsche Bundestag hat am 2. Juni 2016 fast einstimmig die sogenannte Armenien-Resolution verabschiedet, in der die \u201efast vollst\u00e4ndige Vernichtung der Armenier im Osmanischen Reich\u201c beklagt wird. Wie bewerten Sie dieses Ereignis?<\/strong><\/p>\n<p style=\"text-align: justify;\" align=\"justify\">Garo Paylan: Der Genozid an den Armeniern im Osmanischen Reich ab 1915 wurde in vielen Parlamenten der Welt als solcher anerkannt, aber niemals versetzte mich das in Aufregung, denn die jeweiligen Beschl\u00fcsse wurden aus realpolitischen Erw\u00e4gungen verabschiedet. Die Entscheidung des deutschen Bundestages ist anders, denn hier geht es zu einem Gro\u00dfteil um die Mitschuld des deutschen Kaiserreichs beim Genozid. Zus\u00e4tzlich wird die t\u00fcrkische Seite dazu aufgefordert, sich mit diesem Teil ihrer Geschichte auseinanderzusetzen. Nach dem deutschen Bundestag gibt es legitimerweise nur mehr ein Parlament auf dieser Erde, das den Genozid anerkennen muss, und das ist das t\u00fcrkische. Aber die T\u00fcrkei geht gerade leider erneut durch eine dunkle Periode.<\/p>\n<p style=\"text-align: justify;\" align=\"justify\"><strong>GWR: Wie genau sieht das mit der deutschen Mitschuld und der Armenien-Resolution aus? Mir scheint mehr die Klage im Vordergrund zu stehen, dass das Kaiserreich den Genozid nicht verhindert hat. Auf das organische B\u00fcndnis vom deutschen Kaiserreich und dem Osmanischen Reich und dass zum Beispiel der damalige Reichskanzler Bethmann Hollweg die Vernichtung der Armenier bewusst in Kauf genommen hat, um die T\u00fcrkei an seiner Seite zu behalten, wird eigentlich nicht wirklich eingegangen.<\/strong><\/p>\n<p style=\"text-align: justify;\" align=\"justify\">Garo Paylan: Ich w\u00fcrde sagen, dass ein wichtiger Anfang gemacht wurde. Von gro\u00dfer Bedeutung ist hierbei, dass das Thema in die Lehrb\u00fccher aufgenommen wird. Bei meinen bisherigen Aufenthalten und Erfahrungen in Deutschland hatte ich den Eindruck, dass sich die deutsche Gesellschaft nicht f\u00fcr den Genozid an den Armeniern und auch nicht wirklich f\u00fcr den Ersten Weltkrieg interessierte und dass es nur um die Auseinandersetzung mit dem Holocaust ging. Vielleicht wird die Aufarbeitung des Genozids an den Armeniern zu einer erneuten Besch\u00e4ftigung mit dem Ersten Weltkrieg und der Rolle, Haltung und Verbrechen der damaligen deutschen Regierung f\u00fchren. Deshalb finde ich die Formulierung der Armenien-Resolution f\u00fcrs Erste ausreichend, aber wir werden nat\u00fcrlich alle die weiteren Entwicklungen verfolgen.<\/p>\n<p style=\"text-align: justify;\" align=\"justify\"><strong>GWR: Denken Sie, dass es einen realpolitischen Grund daf\u00fcr gibt, dass die Resolution jetzt, im Jahre 2016 akzeptiert wurde? Bisher wurden \u00e4hnliche Resolutionen, zum Beispiel diejenige im Jahre 2015, vom selben Bundestag abgelehnt.<\/strong><\/p>\n<p style=\"text-align: justify;\" align=\"justify\">Garo Paylan: Ja, nat\u00fcrlich. Merkels Politik f\u00fchrt zu Unmut in der deutschen Gesellschaft und den versucht sie jetzt mit dem Unmut \u00fcber die Diktatur Erdo\u011fans zu verkn\u00fcpfen und von ihr selbst und ihrer Politik abzulenken. Hier wird zu verstehen gegeben: \u201eJa, wir haben einige Zugest\u00e4ndnisse an die T\u00fcrkei gemacht, setzen uns aber auch mit ihr auseinander.\u201c<\/p>\n<p style=\"text-align: justify;\" align=\"justify\">Nat\u00fcrlich h\u00e4tte diese Resolution auch 2015, 100 Jahre nach dem Beginn des Genozids angenommen werden k\u00f6nnen. Aber \u00fcberall auf der Welt verging dieses 100. Jahr ruhig, weil man damals der Meinung war die T\u00fcrkei bef\u00e4nde sich an einem sehr kritischen Punkt und es st\u00fcnde zu viel auf dem Spiel in Syrien. Es war eben das 101. Jahr, in dem die realpolitischen Umst\u00e4nde es Deutschland erlaubten, eine solche Resolution zu verabschieden.<\/p>\n<p style=\"text-align: justify;\" align=\"justify\">Keine Frage gibt es aber auch viele nicht realpolitisch motivierte Momente in dieser Resolution. Viele deutsche ParlamentarierInnen haben seit Jahren im vollen Ernst f\u00fcr eine solche Resolution gek\u00e4mpft und nun sind endlich auch die Systemparteien dazu gekommen, die Ergebnisse jener Anstrengungen zu akzeptieren.<\/p>\n<p style=\"text-align: justify;\" align=\"justify\"><strong>GWR: Die Reaktionen in der T\u00fcrkei auf die Resolution fielen sehr harsch aus. Die Bandbreite reichte von \u201eDeutschland soll sich mit der Vernichtung der Herero und Nama besch\u00e4ftigen\u201c bis hin zu \u201eWar Hitler etwa T\u00fcrke?\u201c. Wie sch\u00e4tzen sie diese Reaktionen ein? Und was halten sie von dem, insbesondere von Pr\u00e4sident Erdo\u011fan, wiederholt vorgebrachten Vorschlag der Errichtung einer Historikerkommission, die das endg\u00fcltige Urteil \u00fcber die Vorg\u00e4nge in den Jahren 1915 bis 1916 f\u00e4llen soll?<\/strong><\/p>\n<p style=\"text-align: justify;\" align=\"justify\">Garo Paylan: Ich bin 43 Jahre alt und habe die Geschichte dessen, was damals geschehen ist, von meiner Gro\u00dfmutter v\u00e4terlicherseits geh\u00f6rt, die den V\u00f6lkermord miterlebt und dabei alle ihre Angeh\u00f6rigen verloren hat. Sie war meine Quelle, was die Ereignisse von damals angeht. Welcher Historiker soll mir denn diese Quelle widerlegen k\u00f6nnen? Es leben noch immer Menschen, die den V\u00f6lkermord \u00fcberlebt haben, und vieles wird weiterhin m\u00fcndlich \u00fcberliefert. Die Ereignisse von damals sind eine gro\u00dfe Katastrophe, die nicht zu einem Spielzeug f\u00fcr irgendwelche Historiker degradiert werden sollte. In der T\u00fcrkei wird seit Jahren versucht, sich mit irgendwelchen Ausreden um die Sache zu dr\u00fccken, w\u00e4hrend die ganze Welt die Geschehnisse von damals als V\u00f6lkermord begreift. Und das wird dann wiederum vom t\u00fcrkischen Nationalismus dahingehend instrumentalisiert, um zu wiederholen, dass die ganze Welt gegen die T\u00fcrkei sei. Und wenn man sich die gegen ArmenierInnen gerichteten Hassbotschaften an den W\u00e4nden der Stra\u00dfen von Cizre und Silopi anschaut, die die Sicherheitskr\u00e4fte dort w\u00e4hrend den milit\u00e4rischen Auseinandersetzungen hinterlie\u00dfen, sieht man, dass der V\u00f6lkermord an den Armeniern auch im derzeitigen Krieg seitens des t\u00fcrkischen Nationalismus instrumentalisiert wird. Ein Umgang, der nun seit \u00fcber 100 Jahren Tradition ist.<\/p>\n<p style=\"text-align: right;\" align=\"justify\"><strong>Interview: Alp Kayserilio\u011flu, 8. Juli 2016<\/strong><\/p>\n","protected":false},"excerpt":{"rendered":"<p>Graswurzelrevolution: Der deutsche Bundestag hat am 2. Juni 2016 fast einstimmig die sogenannte Armenien-Resolution verabschiedet, in der die \u201efast vollst\u00e4ndige Vernichtung der Armenier im Osmanischen Reich\u201c beklagt wird. Wie bewerten Sie dieses Ereignis? Garo Paylan: Der Genozid an den Armeniern im Osmanischen Reich ab 1915 wurde in vielen Parlamenten der Welt als solcher anerkannt, aber &hellip; <a href=\"https:\/\/www.graswurzel.net\/gwr\/2016\/09\/der-genozid-an-den-armeniern-und-die-mitschuld-des-deutschen-kaiserreichs\/\">Weiterlesen<\/a><\/p>\n","protected":false},"author":504,"featured_media":0,"comment_status":"closed","ping_status":"closed","sticky":false,"template":"","format":"standard","meta":{"slim_seo":{"title":"Der Genozid an den Armeniern und die Mitschuld des deutschen Kaiserreichs - graswurzelrevolution","description":"Graswurzelrevolution: Der deutsche Bundestag hat am 2. Juni 2016 fast einstimmig die sogenannte Armenien-Resolution verabschiedet, in der die \u201efast vollst\u00e4ndige"},"footnotes":""},"categories":[897,1032],"tags":[1283,1287],"class_list":["post-15384","post","type-post","status-publish","format-standard","hentry","category-411-september-2016","category-spurensicherung","tag-armenien","tag-genozid"],"_links":{"self":[{"href":"https:\/\/www.graswurzel.net\/gwr\/wp-json\/wp\/v2\/posts\/15384","targetHints":{"allow":["GET"]}}],"collection":[{"href":"https:\/\/www.graswurzel.net\/gwr\/wp-json\/wp\/v2\/posts"}],"about":[{"href":"https:\/\/www.graswurzel.net\/gwr\/wp-json\/wp\/v2\/types\/post"}],"author":[{"embeddable":true,"href":"https:\/\/www.graswurzel.net\/gwr\/wp-json\/wp\/v2\/users\/504"}],"replies":[{"embeddable":true,"href":"https:\/\/www.graswurzel.net\/gwr\/wp-json\/wp\/v2\/comments?post=15384"}],"version-history":[{"count":0,"href":"https:\/\/www.graswurzel.net\/gwr\/wp-json\/wp\/v2\/posts\/15384\/revisions"}],"wp:attachment":[{"href":"https:\/\/www.graswurzel.net\/gwr\/wp-json\/wp\/v2\/media?parent=15384"}],"wp:term":[{"taxonomy":"category","embeddable":true,"href":"https:\/\/www.graswurzel.net\/gwr\/wp-json\/wp\/v2\/categories?post=15384"},{"taxonomy":"post_tag","embeddable":true,"href":"https:\/\/www.graswurzel.net\/gwr\/wp-json\/wp\/v2\/tags?post=15384"}],"curies":[{"name":"wp","href":"https:\/\/api.w.org\/{rel}","templated":true}]}}