{"id":17237,"date":"2017-09-01T00:00:00","date_gmt":"2017-08-31T22:00:00","guid":{"rendered":"https:\/\/www.graswurzel.net\/gwr\/2017\/09\/freie-gegenoeffentlichkeit\/"},"modified":"2018-10-13T18:27:00","modified_gmt":"2018-10-13T16:27:00","slug":"freie-gegenoeffentlichkeit","status":"publish","type":"post","link":"https:\/\/www.graswurzel.net\/gwr\/2017\/09\/freie-gegenoeffentlichkeit\/","title":{"rendered":"Freie Gegen\u00f6ffentlichkeit!"},"content":{"rendered":"<p><b>Liebe Leserinnen und Leser,<\/b><\/p>\n<p>an dieser Stelle gebe ich seit 19 Jahren unmittelbar vor GWR-Drucklegung und auf Platz meinen Senf ab. Diesmal wollte ich \u00fcber antimilitaristische Aktionen berichten und die Bundestagswahl kommentieren. Die Situation von Peter Steudtner, Deniz Y\u00fccel, Me?ale Tolu, 170 inhaftierten Journalist*innen und zigtausenden Menschenrechtsaktivist*innen in der T\u00fcrkei sollte im Mittelpunkt stehen. Stattdessen muss ich Euch auf die Oktober-GWR 422 vertr\u00f6sten, in der Ihr Beitr\u00e4ge u.a. zur T\u00fcrkei, zur Russischen Revolution und die Libert\u00e4ren Buchseiten finden werdet.<\/p>\n<p>Bundesinnenminister de Maizi\u00e8re hat mir einen Strich durch die Rechnung gemacht. Der &#8222;G20-R\u00e4cher&#8220; hat sich ein Beispiel am Autokraten Erdo?an genommen und am 25. August das linksalternative Internetportal linksunten.indymedia.org verboten.<\/p>\n<p>Indymedia ist seit 1999 ein dezentral organisiertes, globales Netzwerk sozialer Bewegungen, mit vielen Ablegern weltweit. linksunten.indymedia hat sich zum meist besuchten Indymedia-Ableger in Deutschland entwickelt. Das Projekt m\u00f6chte &#8222;Bewegungen die M\u00f6glichkeit bieten, frei von staatlichen Kontrollen und kapitalistischen Interessen Berichte, Erfahrungen, Analysen, Tr\u00e4ume und Meinungen zu verbreiten, um Gegen\u00f6ffentlichkeit zu schaffen&#8220;. Auf linksunten.indymedia wurden seit 2009 anonym unz\u00e4hlige linke Demoaufrufe, antimilitaristische Aktionsberichte und auch (bisweilen haarstr\u00e4ubende) Bekennerbriefe aus der autonomen Szene dokumentiert und diskutiert.<\/p>\n<p>Das Portal ist zudem eines der wichtigsten Antifa-Onlinearchive der sozialen Bewegungen im deutschsprachigen Raum. Katharina K\u00f6nig (Die Linke) kommentierte am 25. August entsprechend treffend auf Twitter: &#8222;W\u00e4hrend #Verfassungsschutz Akten und Infos schredderte, ver\u00f6ffentlichte #linksunten Infos \u00fcber #NSU und dessen Umfeld.&#8220; Auch das Klimab\u00fcndnis &#8222;Ende Gel\u00e4nde&#8220; solidarisierte sich: &#8222;Kohlekraftwerke vom Netz nehmen &#8211; nicht @indy_linksunten&#8220;.<\/p>\n<p>Mit der von der AfD und den meisten Medien begr\u00fc\u00dften Kriminalisierung versucht der CDU-Wahlk\u00e4mpfer Thomas de Maizi\u00e8re zur Bundestagswahl Stimmen am rechten Rand abzusch\u00f6pfen. So sollen die durch BILD und Co. im Zusammenhang mit den Protesten gegen den G20-Gipfel gesch\u00fcrten Rachegel\u00fcste (siehe G20-Schwerpunkt in dieser GWR) befriedigt und die von unten erk\u00e4mpften Rechte auf freie Kommunikation und Meinungs\u00e4u\u00dferung ausgehebelt werden. Der Minister will den \u00dcberwachungsstaat ausbauen, u.a. mit Gesichtserkennung auf Bahnh\u00f6fen und ohne Alternativmedien und staatskritische Internetportale.<\/p>\n<p>Dieser staatliche Angriff auf die Pressefreiheit ist ein Einsch\u00fcchterungsversuch, der sich gegen alle linken Medienmacher*innen und kritischen Geister richtet. Als Reaktion auf das Verbot zitierten die Kriminalisierten John Perry Barlows &#8222;Unabh\u00e4ngigkeitserkl\u00e4rung des Cyberspace&#8220; von 1996 (siehe unten).<\/p>\n<p>Die\u00a0<i>Graswurzelrevolution<\/i>\u00a0solidarisiert sich mit den Kolleg*innen von linksunten.indymedia.<\/p>\n<p>Wir fordern die R\u00fccknahme des Verbotes. Schluss mit Zensur und Repression! Pressefreiheit statt Big Brother! I.A. des GWR-HerausgeberInnenkreises,<\/p>\n<p><b>Bernd Dr\u00fccke (GWR-Red.), 26.8.2017<\/b><\/p>\n","protected":false},"excerpt":{"rendered":"<p>Liebe Leserinnen und Leser, an dieser Stelle gebe ich seit 19 Jahren unmittelbar vor GWR-Drucklegung und auf Platz meinen Senf ab. Diesmal wollte ich \u00fcber antimilitaristische Aktionen berichten und die Bundestagswahl kommentieren. Die Situation von Peter Steudtner, Deniz Y\u00fccel, Me?ale Tolu, 170 inhaftierten Journalist*innen und zigtausenden Menschenrechtsaktivist*innen in der T\u00fcrkei sollte im Mittelpunkt stehen. Stattdessen &hellip; <a href=\"https:\/\/www.graswurzel.net\/gwr\/2017\/09\/freie-gegenoeffentlichkeit\/\">Weiterlesen<\/a><\/p>\n","protected":false},"author":1,"featured_media":17571,"comment_status":"closed","ping_status":"closed","sticky":false,"template":"","format":"standard","meta":{"slim_seo":{"title":"Freie Gegen\u00f6ffentlichkeit! - graswurzelrevolution","description":"Liebe Leserinnen und Leser, an dieser Stelle gebe ich seit 19 Jahren unmittelbar vor GWR-Drucklegung und auf Platz meinen Senf ab. Diesmal wollte ich \u00fcber antim"},"footnotes":""},"categories":[997],"tags":[],"class_list":["post-17237","post","type-post","status-publish","format-standard","has-post-thumbnail","hentry","category-421-september-2017"],"_links":{"self":[{"href":"https:\/\/www.graswurzel.net\/gwr\/wp-json\/wp\/v2\/posts\/17237","targetHints":{"allow":["GET"]}}],"collection":[{"href":"https:\/\/www.graswurzel.net\/gwr\/wp-json\/wp\/v2\/posts"}],"about":[{"href":"https:\/\/www.graswurzel.net\/gwr\/wp-json\/wp\/v2\/types\/post"}],"author":[{"embeddable":true,"href":"https:\/\/www.graswurzel.net\/gwr\/wp-json\/wp\/v2\/users\/1"}],"replies":[{"embeddable":true,"href":"https:\/\/www.graswurzel.net\/gwr\/wp-json\/wp\/v2\/comments?post=17237"}],"version-history":[{"count":0,"href":"https:\/\/www.graswurzel.net\/gwr\/wp-json\/wp\/v2\/posts\/17237\/revisions"}],"wp:featuredmedia":[{"embeddable":true,"href":"https:\/\/www.graswurzel.net\/gwr\/wp-json\/wp\/v2\/media\/17571"}],"wp:attachment":[{"href":"https:\/\/www.graswurzel.net\/gwr\/wp-json\/wp\/v2\/media?parent=17237"}],"wp:term":[{"taxonomy":"category","embeddable":true,"href":"https:\/\/www.graswurzel.net\/gwr\/wp-json\/wp\/v2\/categories?post=17237"},{"taxonomy":"post_tag","embeddable":true,"href":"https:\/\/www.graswurzel.net\/gwr\/wp-json\/wp\/v2\/tags?post=17237"}],"curies":[{"name":"wp","href":"https:\/\/api.w.org\/{rel}","templated":true}]}}