{"id":17486,"date":"2018-03-01T00:00:00","date_gmt":"2018-02-28T22:00:00","guid":{"rendered":"https:\/\/www.graswurzel.net\/gwr\/2018\/03\/erdogans-krieg-in-afrin\/"},"modified":"2022-07-26T14:07:47","modified_gmt":"2022-07-26T12:07:47","slug":"erdogans-krieg-in-afrin","status":"publish","type":"post","link":"https:\/\/www.graswurzel.net\/gwr\/2018\/03\/erdogans-krieg-in-afrin\/","title":{"rendered":"Erdogans Krieg in Afrin"},"content":{"rendered":"<p style=\"text-align: justify;\" align=\"justify\"><span lang=\"de-DE\">Bis heute wird der Genozid an den Armeniern von den Herrschenden in der T\u00fcrkei geleugnet. Wer diesen Massenmord als V\u00f6lkermord bezeichnet, macht sich in der T\u00fcrkei strafbar und muss mit Repression rechnen. Kurz nachdem ich 1993 mit einer Menschenrechtsdelegation durch das t\u00fcrkisch-kurdische Kriegsgebiet reiste ((1)), wurde unsere deutsch-kurdische Dolmetscherin in der T\u00fcrkei verhaftet. Sie wurde gefoltert und kam erst nach einer internationalen Protestkampagne frei, an der sich auch die damalige CDU-Politikerin Rita S\u00fcssmuth, der Rektor der Uni Bremen und der Bremer B\u00fcrgermeister beteiligten. Sie berichtete anschlie\u00dfend, dass einer ihrer Folterer damit geprahlt hat, dass er in Deutschland in \u201emodernen Verh\u00f6rmethoden\u201c ausgebildet worden sei. W\u00e4hrend der Folterungen und Scheinhinrichtung wurde Nil\u00fcfer als \u201earmenische Schlampe\u201c beschimpft. <\/span><span lang=\"de-DE\">F\u00fcr t\u00fcrkische Faschisten sind Armenier das, was f\u00fcr deutsche Nazis Juden sind: \u201eUntermenschen\u201c, die man aus faschistischer Sicht dem\u00fctigen und t\u00f6ten darf.<\/span><\/p>\n<p style=\"text-align: justify;\" align=\"justify\"><span lang=\"de-DE\">Worin sich t\u00fcrkische und andere Faschisten einig sind, ist zudem ihr Hass auf Homosexuelle. Nachdem das Internetportal M\u00fcnsterTube am 24. Januar 2018 ein Statement von mir zum Afrin-Krieg ver\u00f6ffentlicht hat ((2)), kommentierte das der homophobe \u201eGraue Wolf\u201c Orhan G\u00f6ksoy wie folgt: \u201eIch hoffe diese Terroristen l\u00f6schen deine ganze Familie aus damit ihr SCHWUCHTELN merkt das das ein Angriff auf Terroristen gerichtet ist. Du bist nur ne Lachnummer.\u201c (sic!) <\/span><\/p>\n<p style=\"text-align: justify;\" align=\"justify\"><span lang=\"de-DE\">Wer, wie der t\u00fcrkische Staat, die Geschichte des Genozids an den Armeniern leugnet, der droht indirekt auch mit einem neuen Genozid. <\/span><span lang=\"de-DE\">Seit vielen Jahren richtet sich diese t\u00fcrkisch-nationalistische Drohung vor allem gegen die Kurden. <\/span><\/p>\n<p style=\"text-align: justify;\" align=\"justify\"><span lang=\"de-DE\">Am 20. Januar 2018 begann der unter anderem mit Leopard-2-Panzern aus deutscher Produktion gef\u00fchrte Angriffskrieg der t\u00fcrkischen Armee gegen den bis dahin vom Krieg in Syrien weitgehend verschonten Kanton Afrin in Rojava\/Nordsyrien. Afrin ist ungef\u00e4hr so gro\u00df wie das Saarland. Hier leben unter kurdischer Selbstverwaltung etwa 800.000 Menschen, davon viele Eziden und andere, etwa 400.000 Fl\u00fcchtlinge aus den syrischen Kriegsgebieten. Unter Verh\u00f6hnung eines Friedenssymbols nennt das t\u00fcrkische Regime ihren Bombenterror \u201eOlivenzweig Offensive\u201c. Die t\u00fcrkische Armee wird bei dieser Invasion von Dschihadisten und S\u00f6ldnern der sogenannten \u201eFreien Syrischen Armee\u201c unterst\u00fctzt. Tats\u00e4chlich wird bei diesem gegen die basisdemokratische Selbstverwaltung in Afrin gerichteten Angriffskrieg eine Symbiose aus extremem Nationalismus und Islamismus sichtbar. Auf Fotos zeigen t\u00fcrkische Soldaten sowohl den faschistischen \u201eWolfsgru\u00df\u201c der \u201eGrauen W\u00f6lfe\u201c als auch \u201eRabia\u201c, das islamistische Handzeichen (siehe Foto auf dieser Seite). Diese Symbiose kommt nicht von ungef\u00e4hr. Das AKP-Regime hat eine in der fr\u00fcher laizistischen T\u00fcrkei unvorstellbare Islamisierung vorangetrieben, schreckt aber auch nicht davor zur\u00fcck den extremen Nationalismus, wie er auch von der faschistischen MHP verbreitet wird, zu f\u00fcttern.<\/span><\/p>\n<p style=\"text-align: justify;\" align=\"justify\"><span lang=\"de-DE\">Erdogan tr\u00e4umt von der Wiederauferstehung des Osmanischen Reiches unter seiner F\u00fchrung. Er sieht sich als Sultan in der Tradition derjenigen, die auch den Genozid an den Armeniern zu verantworten haben. <\/span><span lang=\"de-DE\">Daf\u00fcr braucht er eine gleichgeschaltete Presse, eine willf\u00e4hrige Justiz, sowie deutsche Panzer und andere Waffen. Die 400 Leopard-1-Panzer und 352 Leopard-2-Panzer, die Deutschland in den letzten Jahren seinem NATO-Partner vermacht hat, sind nur die Spitze des Eisbergs. Das AKP-Regime plant den Bau einer deutsch-t\u00fcrkischen Rheinmetall-Fabrik, in der direkt in der T\u00fcrkei \u00fcber 1000 weitere Panzer f\u00fcr die kriegerischen Invasionspl\u00e4ne der T\u00fcrkei gebaut werden sollen. Die T\u00fcrkei unterh\u00e4lt nach den USA die zweitgr\u00f6\u00dfte NATO-Armee, die insbesondere f\u00fcr die Kurden in der T\u00fcrkei und Syrien eine existentielle Bedrohung darstellt.<\/span><\/p>\n<h5 style=\"text-align: justify;\"><span lang=\"de-DE\">T\u00fcrkische Nationalisten hetzen f\u00fcr den Krieg: \u201eSyrien soll brennen, Afrin soll zerst\u00f6rt werden\u201c<\/span><\/h5>\n<p style=\"text-align: justify;\" align=\"justify\"><span lang=\"de-DE\">Durch die Bodenoffensiven und Luftangriffe sind seit Beginn der Invasion bereits Hunderte Menschen, vor allem Frauen und Kinder, ums Leben gekommen und verletzt worden. Tausende Menschen wurden traumatisiert und sind auf der Flucht. <\/span><\/p>\n<p style=\"text-align: justify;\" align=\"justify\"><span lang=\"de-DE\">Abgesehen von der linken kurdischen HDP unterst\u00fctzen dennoch alle Parteien des t\u00fcrkischen Parlaments diesen Angriffskrieg. Durch die vom Regime weitgehend gleichgeschalteten Medien wird ein extremer Nationalismus und Hass auf die kurdischen \u201eTerroristen\u201c propagiert. Ismail K\u00fcpeli beschreibt im ND vom 13.2.2018: <\/span><\/p>\n<p style=\"text-align: justify;\" align=\"justify\">\u201e<span lang=\"de-DE\">Wer in einer solchen politischen Atmosph\u00e4re dennoch versucht, Kritik am Krieg zu \u00fcben, muss mit einer Festnahme oder sonstigen repressiven Reaktionen rechnen. Das t\u00fcrkische Innenministerium gab jetzt bekannt, dass 474 Menschen wegen kritischen \u00c4u\u00dferungen in Sozialen Medien und 192 Menschen bei Protesten gegen den Krieg festgenommen wurden. Selbst sehr zur\u00fcckhaltende Kritik am Krieg, wie etwa die \u00c4u\u00dferung der \u00c4rztevereinigung TBB, dass der Krieg ein \u201aProblem f\u00fcr die \u00f6ffentliche Gesundheit\u2018 sei, f\u00fchrte zu der Festnahme der F\u00fchrungsspitze der TBB. Inzwischen wird \u00fcber die Zerschlagung der TBB debattiert und der Verband als \u201aanti-t\u00fcrkisch\u2018 diffamiert.\u201c ((3)): <\/span><span lang=\"de-DE\">Umfragen zu folge, begr\u00fc\u00dfen \u00fcber 80 Prozent der t\u00fcrkischen Bev\u00f6lkerung die Milit\u00e4roperation. <\/span><\/p>\n<p style=\"text-align: justify;\" align=\"justify\"><span lang=\"de-DE\">Der Politikwissenschaftler K\u00fcpeli beschreibt wie in den Sozialen Medien Kampagnen initiiert werden, die dazu dienen, sich mit den t\u00fcrkischen Soldaten zu solidarisieren und die in Afrin lebenden Menschen als \u201eTerroristen\u201c zu verunglimpfen.<\/span><\/p>\n<p style=\"text-align: justify;\" align=\"justify\"><span lang=\"de-DE\">In den letzten Tagen habe sich herausgestellt, dass die t\u00fcrkische Armee bei der Afrin-Offensive deutlich h\u00f6here Verluste erleidet, als bisher bekannt gegeben. Daraufhin sei eine Social-Media-Kampagne ins Rollen gekommen, die den Glauben an eine Bev\u00f6lkerungsmehrheit, die eigentlich gegen den Krieg sei, ersch\u00fcttert. K\u00fcpeli: \u201eDas Kampagnen-Hashtag #Yans<\/span><span lang=\"de-DE\">\u0131<\/span><span lang=\"de-DE\">nSuriyeY<\/span><span lang=\"de-DE\">\u0131<\/span><span lang=\"de-DE\">k<\/span><span lang=\"de-DE\">\u0131<\/span><span lang=\"de-DE\">ls<\/span><span lang=\"de-DE\">\u0131<\/span><span lang=\"de-DE\">nAfrin (\u201aSyrien soll brennen, Afrin soll zerst\u00f6rt werden\u2018) erreichte auf Twitter weltweit Platz zwei und blieb in der T\u00fcrkei recht lange stabil auf Platz eins. Eine der h\u00e4ufigen Forderungen bei dieser Twitter-Kampagne ist: \u201aTa<\/span><span lang=\"de-DE\">\u015f<\/span><span lang=\"de-DE\"> \u00fcst\u00fcnde ta<\/span><span lang=\"de-DE\">\u015f<\/span><span lang=\"de-DE\"> omuz \u00fcst\u00fcnde ba<\/span><span lang=\"de-DE\">\u015f<\/span><span lang=\"de-DE\"> kalmamal<\/span><span lang=\"de-DE\">\u0131<\/span><span lang=\"de-DE\">\u2018 (\u201aKein Stein auf dem anderen lassen, keinen Kopf auf den Schultern lassen\u2018); also die totale Zerst\u00f6rung und T\u00f6tung aller Menschen in Afrin. <\/span><span lang=\"de-DE\">Wenn solche Forderungen nach Massenmord so breit \u00f6ffentlich akzeptiert werden, dann fehlt nicht viel bis zum Genozid.\u201c<\/span><\/p>\n<p style=\"text-align: justify;\" align=\"justify\"><span lang=\"de-DE\">Wer darauf setze, einen gerechten und nachhaltigen Frieden in der \u201ekurdischen Frage\u201c zu erreichen, m\u00fcsse sich laut K\u00fcpeli mit dem zentralen Problem auseinandersetzen, dass derzeit in der t\u00fcrkischen Bev\u00f6lkerung keine Mehrheit f\u00fcr einen Frieden existiert. <\/span>\u201e<span lang=\"de-DE\">Vielmehr erstarken jene Stimmen, die Tod und Vernichtung fordern \u2013 wieder einmal, wie vor 100 Jahren. Ziya G\u00f6kalp, der Chefideologe der t\u00fcrkischen Nationalisten, dichtete 1912: <\/span><\/p>\n<p style=\"text-align: justify;\" align=\"justify\"><span lang=\"de-DE\">(\u2026) Kein Stein soll den anderen liegen, warte nicht zerschlag sie<\/span><\/p>\n<p style=\"text-align: justify;\" align=\"justify\"><span lang=\"de-DE\">Mit [abgeschlagenen] K\u00f6pfen sollen die Wege geebnet werden<\/span><\/p>\n<p style=\"text-align: justify;\" align=\"justify\"><span lang=\"de-DE\">Vergiss nicht, du bist der Sohn von Attila [Herrscher der Hunnen]<\/span><\/p>\n<p style=\"text-align: justify;\" align=\"justify\"><span lang=\"de-DE\">Drei Jahre sp\u00e4ter folgte der Genozid an den Armeniern im Osmanischen Reich unter der F\u00fchrung t\u00fcrkischer Nationalisten. (\u2026) Den Weg dorthin haben auch solche Texte geebnet.\u201c <\/span><\/p>\n<p style=\"text-align: justify;\" align=\"justify\"><span lang=\"de-DE\">Es sei sicher kein Zufall, dass das Gedicht von Ziya G\u00f6kalp jetzt immer wieder unter dem Hashtag #Yans<\/span><span lang=\"de-DE\">\u0131<\/span><span lang=\"de-DE\">nSuriyeY<\/span><span lang=\"de-DE\">\u0131<\/span><span lang=\"de-DE\">k<\/span><span lang=\"de-DE\">\u0131<\/span><span lang=\"de-DE\">ls<\/span><span lang=\"de-DE\">\u0131<\/span><span lang=\"de-DE\">nAfrin (\u201eSyrien soll brennen, Afrin soll zerst\u00f6rt werden\u201c) zitiert wird, so K\u00fcpeli. \u201eDie Ideologie, die f\u00fcr die Taten damals verantwortlich war, ist nicht verschwunden. Sie wirkt auch heute und ebnet wieder den Weg f\u00fcr Tod und Vernichtung.\u201c<\/span><\/p>\n<h5 style=\"text-align: justify;\"><span lang=\"de-DE\">Krieg gegen Frauen<\/span><\/h5>\n<p style=\"text-align: justify;\" align=\"justify\"><span lang=\"de-DE\">Die feministisch-pazifistische Kampagne \u201eFrauen und Frauenorganisationen f\u00fcr einen Frieden in Afrin\/Nordsyrien\u201c schreibt in einer der GWR vorliegenden Presseerkl\u00e4rung ((4)) vom 23. Februar 2018, dass die T\u00fcrkei &#8211; wie in all ihren Angriffen gegen\u00fcber der kurdischen Bev\u00f6lkerung und Andersdenkenden &#8211; psychologisch wie milit\u00e4risch einen besonderen Krieg gegen\u00fcber Frauen und M\u00e4dchen f\u00fchre: \u201eSo wurde Bar\u00een Koban\u00ea, die in die H\u00e4nde der t\u00fcrkischen Armee und ihrer Verb\u00fcndeten fiel, von Mitgliedern jihadistischer Truppen gefoltert, ihre Br\u00fcste abgeschnitten und ihr entbl\u00f6\u00dfter Leichnam durch Videoaufnahmen auf sozialen Medien verbreitet.\u201c <\/span><\/p>\n<p style=\"text-align: justify;\" align=\"justify\"><span lang=\"de-DE\">Mittlerweile habe die T\u00fcrkei auch angefangen, andere St\u00e4dte Nordsyriens anzugreifen. Neben ZivilistInnen w\u00fcrden vor allem auch kulturelle und historische St\u00e4tten bombardiert wie Kirchen, Moscheen, heilige ezidische St\u00e4tten oder die \u00fcber 3000 Jahre alte hethitische Tempelanlage Ain Dara. Zudem w\u00fcrden tausende Olivenb\u00e4ume, die ein Symbol und die Lebensgrundlage der Region sind, durch den Besatzungsversuch zerst\u00f6rt.<\/span><\/p>\n<p style=\"text-align: justify;\" align=\"justify\"><span lang=\"de-DE\">Insbesondere seien ezidische D\u00f6rfer nahe der t\u00fcrkischen Grenze von den Angriffen betroffen: \u201eDie ezidische Gemeinschaft betrachtet diesen Angriff als einen weiteren Genozid, den somit 74. in ihrer Geschichte. Der 73. Genozid vom 3.8.2014 in Shengal dauert, auch laut einem UN Bericht, noch an. Dabei wurden hunderte EzidInnen hingerichtet, Tausende Frauen und Kinder verschleppt. Von vielen von ihnen fehlt bis heute jegliche Spur. Die Bundesregierung schweigt zu den v\u00f6lkerrechtswidrigen Angriffen der T\u00fcrkei. Der Bundesrepublik Deutschland kommt aufgrund ihrer politischen F\u00fchrungsrolle in der EU und auch in der internationalen Gemeinschaft, durch ihre langj\u00e4hrige Partnerschaft mit der T\u00fcrkei eine besondere Verantwortung zu\u201c, so die Feministinnen.<\/span><\/p>\n<p style=\"text-align: justify;\" align=\"justify\"><span lang=\"de-DE\">Frauen h\u00e4tten sowohl den Kampf gegen den IS mutig angef\u00fchrt, als auch in der Arbeit zur Stabilisierung der Gesellschaft eine Vorreiterinnenrolle gespielt. \u201eSie haben hunderte von Ezidinnen, tausende Frauen und Kinder aus der IS-Gefangenschaft befreit oder davor bewahrt und sind zum Symbol des Widerstandes geworden. (&#8230;)Sie haben Versorgungssysteme f\u00fcr Fl\u00fcchtlinge und von Armut betroffene Familien eingerichtet, ein Bildungssystem, eine Gesundheitsversorgung und zahlreiche Frauenkooperativen aufgebaut.\u201c <\/span><\/p>\n<p style=\"text-align: justify;\" align=\"justify\"><span lang=\"de-DE\">All dies k\u00f6nne mit dem Angriff der T\u00fcrkei auf Nordsyrien wieder zerst\u00f6rt werden, so die Pazifistinnen: \u201eEs drohen ein Genozid und die Zerst\u00f6rung von Lebensbedingungen, die Menschen in die Flucht zwingen werden.\u201c<\/span><\/p>\n<p style=\"text-align: justify;\" align=\"justify\"><span lang=\"de-DE\">Die der Graswurzelrevolution nahestehende Pazifistin Dorothee S\u00f6lle bleibt aktuell: <\/span>\u201e<span lang=\"de-DE\">Frei werden wir erst, wenn wir uns mit dem Leben verb\u00fcnden gegen die Todesproduktion und die permanente T\u00f6tungsvorbereitung. Frei werden wir weder durch R\u00fcckzug ins Private, ins \u201aOhne mich\u2018, noch durch Anpassung an die Gesellschaft, in der Gener\u00e4le und Million\u00e4re besonders hochgeachtet werden. Frei werden wir, wenn wir aktiv, bewusst und militant f\u00fcr den Frieden arbeiten lernen.\u201c <\/span><\/p>\n<p style=\"text-align: right;\" align=\"right\"><strong><span lang=\"de-DE\">Bernd Dr\u00fccke<\/span><\/strong><\/p>\n","protected":false},"excerpt":{"rendered":"<p>Bis heute wird der Genozid an den Armeniern von den Herrschenden in der T\u00fcrkei geleugnet. Wer diesen Massenmord als V\u00f6lkermord bezeichnet, macht sich in der T\u00fcrkei strafbar und muss mit Repression rechnen. Kurz nachdem ich 1993 mit einer Menschenrechtsdelegation durch das t\u00fcrkisch-kurdische Kriegsgebiet reiste ((1)), wurde unsere deutsch-kurdische Dolmetscherin in der T\u00fcrkei verhaftet. Sie wurde &hellip; <a href=\"https:\/\/www.graswurzel.net\/gwr\/2018\/03\/erdogans-krieg-in-afrin\/\">Weiterlesen<\/a><\/p>\n","protected":false},"author":504,"featured_media":0,"comment_status":"closed","ping_status":"closed","sticky":false,"template":"","format":"standard","meta":{"slim_seo":{"title":"Erdogans Krieg in Afrin - graswurzelrevolution","description":"Bis heute wird der Genozid an den Armeniern von den Herrschenden in der T\u00fcrkei geleugnet. Wer diesen Massenmord als V\u00f6lkermord bezeichnet, macht sich in der T\u00fcr"},"footnotes":""},"categories":[1003,1025,1027],"tags":[1283,1146,1286],"class_list":["post-17486","post","type-post","status-publish","format-standard","hentry","category-427-maerz-2018","category-die-waffen-nieder","category-wir-sind-nicht-alleine","tag-armenien","tag-kurdistan","tag-tuerkei"],"_links":{"self":[{"href":"https:\/\/www.graswurzel.net\/gwr\/wp-json\/wp\/v2\/posts\/17486","targetHints":{"allow":["GET"]}}],"collection":[{"href":"https:\/\/www.graswurzel.net\/gwr\/wp-json\/wp\/v2\/posts"}],"about":[{"href":"https:\/\/www.graswurzel.net\/gwr\/wp-json\/wp\/v2\/types\/post"}],"author":[{"embeddable":true,"href":"https:\/\/www.graswurzel.net\/gwr\/wp-json\/wp\/v2\/users\/504"}],"replies":[{"embeddable":true,"href":"https:\/\/www.graswurzel.net\/gwr\/wp-json\/wp\/v2\/comments?post=17486"}],"version-history":[{"count":0,"href":"https:\/\/www.graswurzel.net\/gwr\/wp-json\/wp\/v2\/posts\/17486\/revisions"}],"wp:attachment":[{"href":"https:\/\/www.graswurzel.net\/gwr\/wp-json\/wp\/v2\/media?parent=17486"}],"wp:term":[{"taxonomy":"category","embeddable":true,"href":"https:\/\/www.graswurzel.net\/gwr\/wp-json\/wp\/v2\/categories?post=17486"},{"taxonomy":"post_tag","embeddable":true,"href":"https:\/\/www.graswurzel.net\/gwr\/wp-json\/wp\/v2\/tags?post=17486"}],"curies":[{"name":"wp","href":"https:\/\/api.w.org\/{rel}","templated":true}]}}