{"id":18732,"date":"2018-11-29T01:22:55","date_gmt":"2018-11-28T23:22:55","guid":{"rendered":"https:\/\/www.graswurzel.net\/gwr\/?p=18732"},"modified":"2018-11-29T14:14:22","modified_gmt":"2018-11-29T12:14:22","slug":"eine-zeitreise-2","status":"publish","type":"post","link":"https:\/\/www.graswurzel.net\/gwr\/2018\/11\/eine-zeitreise-2\/","title":{"rendered":"Eine Zeitreise"},"content":{"rendered":"<p align=\"justify\">Der Fotoband \u201eTage im Juli\u201c entf\u00fchrt mich zur\u00fcck in die Gipfeltage 2017 in Hamburg. Meine eigenen Erinnerungen werden wach. Die sechs Fotograf_innen, die ihre Werke beigesteuert haben, erm\u00f6glichen dank der chronologischen Sortierung eine Zeitreise, denn, ohne auch nur einen einzigen der Begleittexte zu lesen, kann ich anhand der Fotos die Ereignisse der Gipfeltage nachvollziehen, sie nachf\u00fchlen. Bunte Fahnen an Flugh\u00e4fen, schwere Koffer und Anzugtr\u00e4ger. Tausende Polizist_innen, Hubschrauber. Es ist die Leblosigkeit eben dieser Welt, die eindrucksvoll durch die komplett grau geschminkten und gekleideten Beteiligten der Aktion \u201e1000 Gestalten\u201c dargestellt und am Ende jedenfalls symbolisch zugunsten des Bunten aufgebrochen wird.<\/p>\n<p align=\"justify\">Von den Versuchen der Polizei, Camps zu verhindern, f\u00fchrt die Reise weiter zu einem riesigen Rave und der Frauendemo. Es folgen die Angriffe der Polizei auf diverse Demonstrationen und Blockaden. Auch das Cornern, gepl\u00fcnderte L\u00e4den und die polizeilichen Sondereinheiten an der Schanze wurden bildlich eingefangen. Mit einer gelungenen Mischung aus charmanten Details und informativen bis schockierenden \u00dcbersichtsaufnahmen zeichnet das Buch damit ein realistisches Bild der Geschehnisse. Die Fotografien sind teils schwarz-wei\u00df und teils bunt, manchmal doppelseitig und dann wieder dezent. Gelungen fangen sie Emotionen und Inhalte ein, mal mit \u00e4sthetischem Schwerpunkt, dann wieder dokumentarisch am Geschehen.<\/p>\n<p align=\"justify\">Den Abschluss bilden Interviews, die sehr unterschiedlichen Akteur_innen eine Stimme geben und somit aus diversen Perspektiven die Geschehnisse r\u00fcckwirkend kommentieren und politisch einordnen. Vom Polizeipressesprecher \u00fcber Politiker_innen von SPD und Gr\u00fcnen zur DGB-Jugend, vom Pressefotografen zu den Blockierenden von Block G20 zu Demonstrant_innen bei der Welcome-to-hell-Demo. Diese Interviews n\u00f6tigen, gerade weil sie mit all ihren Widerspr\u00fcchen unkommentiert nebeneinander stehen, die Lesenden zu einer eigenen Positionierung, was sie sehr wertvoll macht. Insgesamt ist dieses Buch ein gelungener Beitrag zur Erinnerung sowie Aufarbeitung und Dokumentation der Gipfelproteste.<\/p>\n<p align=\"right\">Hanna Poddig<\/p>\n","protected":false},"excerpt":{"rendered":"<p>Der Fotoband \u201eTage im Juli\u201c entf\u00fchrt mich zur\u00fcck in die Gipfeltage 2017 in Hamburg. Meine eigenen Erinnerungen werden wach. Die sechs Fotograf_innen, die ihre Werke beigesteuert haben, erm\u00f6glichen dank der chronologischen Sortierung eine Zeitreise, denn, ohne auch nur einen einzigen der Begleittexte zu lesen, kann ich anhand der Fotos die Ereignisse der Gipfeltage nachvollziehen, sie &hellip; <a href=\"https:\/\/www.graswurzel.net\/gwr\/2018\/11\/eine-zeitreise-2\/\">Weiterlesen<\/a><\/p>\n","protected":false},"author":502,"featured_media":18779,"comment_status":"closed","ping_status":"closed","sticky":false,"template":"","format":"standard","meta":{"slim_seo":{"title":"Eine Zeitreise - graswurzelrevolution","description":"Der Fotoband \u201eTage im Juli\u201c entf\u00fchrt mich zur\u00fcck in die Gipfeltage 2017 in Hamburg. Meine eigenen Erinnerungen werden wach. Die sechs Fotograf_innen, die ihre W"},"footnotes":""},"categories":[1015,44],"tags":[],"class_list":["post-18732","post","type-post","status-publish","format-standard","has-post-thumbnail","hentry","category-434-dezember-2018","category-bucher"],"_links":{"self":[{"href":"https:\/\/www.graswurzel.net\/gwr\/wp-json\/wp\/v2\/posts\/18732","targetHints":{"allow":["GET"]}}],"collection":[{"href":"https:\/\/www.graswurzel.net\/gwr\/wp-json\/wp\/v2\/posts"}],"about":[{"href":"https:\/\/www.graswurzel.net\/gwr\/wp-json\/wp\/v2\/types\/post"}],"author":[{"embeddable":true,"href":"https:\/\/www.graswurzel.net\/gwr\/wp-json\/wp\/v2\/users\/502"}],"replies":[{"embeddable":true,"href":"https:\/\/www.graswurzel.net\/gwr\/wp-json\/wp\/v2\/comments?post=18732"}],"version-history":[{"count":0,"href":"https:\/\/www.graswurzel.net\/gwr\/wp-json\/wp\/v2\/posts\/18732\/revisions"}],"wp:featuredmedia":[{"embeddable":true,"href":"https:\/\/www.graswurzel.net\/gwr\/wp-json\/wp\/v2\/media\/18779"}],"wp:attachment":[{"href":"https:\/\/www.graswurzel.net\/gwr\/wp-json\/wp\/v2\/media?parent=18732"}],"wp:term":[{"taxonomy":"category","embeddable":true,"href":"https:\/\/www.graswurzel.net\/gwr\/wp-json\/wp\/v2\/categories?post=18732"},{"taxonomy":"post_tag","embeddable":true,"href":"https:\/\/www.graswurzel.net\/gwr\/wp-json\/wp\/v2\/tags?post=18732"}],"curies":[{"name":"wp","href":"https:\/\/api.w.org\/{rel}","templated":true}]}}