{"id":19012,"date":"2018-12-20T17:07:56","date_gmt":"2018-12-20T15:07:56","guid":{"rendered":"https:\/\/www.graswurzel.net\/gwr\/?p=19012"},"modified":"2022-07-26T14:21:59","modified_gmt":"2022-07-26T12:21:59","slug":"der-aufruf-von-commercy-lothringen-fuer-direkte-demokratie","status":"publish","type":"post","link":"https:\/\/www.graswurzel.net\/gwr\/2018\/12\/der-aufruf-von-commercy-lothringen-fuer-direkte-demokratie\/","title":{"rendered":"Der Aufruf von Commercy\/Lothringen f\u00fcr direkte Demokratie"},"content":{"rendered":"<p style=\"text-align: justify;\" align=\"justify\"><span lang=\"de-DE\">Seit zwei Wochen hat die Bewegung der Gelbwesten Hunderttausende \u00fcberall in Frankreich auf die Stra\u00dfen gebracht, oft zum ersten Mal in ihrem Leben. Der Preis f\u00fcr Dieselkraftstoff [Dieselautos sind in Frankreich noch weit verbreiteter als in der BRD; d.\u00dc.] war der Tropfen auf den hei\u00dfen Stein, der das Pr\u00e4riefeuer entfacht hat. Der Leidensdruck; der Eindruck, die Schnauze voll zu haben; das Gef\u00fchl der Ungerechtigkeit waren noch nie so verbreitet gewesen. Jetzt organisieren sich \u00fcberall im ganzen Land Hunderte lokaler Gruppen selbst, jedesmal auf unterschiedliche Weise.<\/span><\/p>\n<p style=\"text-align: justify;\" align=\"justify\"><span lang=\"de-DE\">Hier in Commercy, im Departement Meuse, funktionieren wir seit unsern Anf\u00e4ngen mittels t\u00e4glich stattfindender Volksversammlungen, an denen jede Person gleichberechtigt teilnimmt. Wir haben Blockaden der Zufahrtsstra\u00dfen zur Stadt, der Einfahrten zu Tankstellen und filternde Stra\u00dfensperren [frei f\u00fcr Autos, geschlossen f\u00fcr LKWs und Lieferw\u00e4gen; d.\u00dc.] organisiert. Daran ankn\u00fcpfend haben wir eine H\u00fctte auf dem zentralen Platz der Stadt aufgestellt. Wir treffen uns dort jeden Tag, um uns zu organisieren, \u00fcber unsere n\u00e4chsten Aktionen zu entscheiden, mit den Leuten zu reden und diejenigen einzuweisen, die sich der Bewegung anschlie\u00dfen. Wir organisieren dort ebenfalls \u201esolidarische Suppenk\u00fcchen\u201c, um so einen sch\u00f6nen Moment in Gemeinschaft zu erleben und uns kennenzuleren \u2013 unter Bedingungen der Gleichheit.<\/span><\/p>\n<p style=\"text-align: justify;\" align=\"justify\"><span lang=\"de-DE\">Aber jetzt schlagen uns die Regierung und einige Fraktionen der Bewegung vor, f\u00fcr die gesamte Region [die Verwaltungsebenen in Frankreich sind, von unten nach oben, Gemeinderat\/Stadtrat, Departementsrat, Regionalrat, nationale Ebene; d.\u00dc.] <\/span><span lang=\"de-DE\">Repr\u00e4sentant*innen zu benennen! Das bedeutet: Einige Personen sollen zu den einzigen \u201eAnsprechpartner*innen\u201c der \u00f6ffentlichen Beh\u00f6rden werden und unsere Vielfalt widerspiegeln.<\/span><\/p>\n<p style=\"text-align: justify;\" align=\"justify\"><span lang=\"de-DE\">Wir aber wollen keine \u201eRepr\u00e4sentant*innen\u201c, die notwendig dabei enden werden, an unserer Stelle zu sprechen!<\/span><\/p>\n<p style=\"text-align: justify;\" align=\"justify\"><span lang=\"de-DE\">Wozu soll das gut sein? In Commercy hat eine zeitlich befristete Delegation den Unter-Pr\u00e4fekten (offizieller Repr\u00e4sentant des Departements) getroffen; in gr\u00f6\u00dferen St\u00e4dten haben andere punktuelle Delegationen den Pr\u00e4fekten gesprochen. Diese offiziellen Vertreter haben bereits jetzt unsere Wut und auch unsere Forderungen vergr\u00f6\u00dfert. Sie wissen bereits jetzt, dass wir entschlossen sind, dieser verhassten Pr\u00e4sidentschaft ein Ende zu bereiten und mit ihr dieser verabscheuenswerten Regierung und dem verfaulten System, dass sie verk\u00f6rpern!<\/span><\/p>\n<p style=\"text-align: justify;\" align=\"justify\"><span lang=\"de-DE\">Und genau das ist es, was der Regierung Angst macht! Denn sie wei\u00df, wenn sie damit anf\u00e4ngt, bei der Frage der Steuern und der Benzinpreise nachzugeben, muss sie auch bei den Renten, den Arbeitslosen, den Beamten und dem ganzen Rest nachgeben! Sie wei\u00df au\u00dferdem sehr gut, dass sie damit Gefahr l\u00e4uft, eine allgemeine Bewegung gegen das System zu verst\u00e4rken!<\/span><\/p>\n<h5 style=\"text-align: justify;\" align=\"justify\"><span lang=\"de-DE\">Die Regierung sucht verzweifelt \u201eRepr\u00e4sentant*innen\u201c der Bewegung<\/span><\/h5>\n<p style=\"text-align: justify;\" align=\"justify\"><span lang=\"de-DE\">Es geht der Regierung bei ihrer Forderung nach \u201eRepr\u00e4sentant*innen\u201c nicht um das Verstehenwollen unserer Wut und unserer Forderungen: Sondern sie will uns damit einschr\u00e4nken und begraben! So wie \u00fcblicherweise mit den Gewerkschaftszentralen sucht sie nach Vermittler*innen, nach Leuten, mit denen sie verhandeln kann. Sie sucht nach Leuten, auf die sie Druck aus\u00fcben kann, um diese Bewegungseruption zu befrieden; nach Leuten, die sie dann in der Folge vereinnahmen und dazu bewegen kann, die Bewegung zu spalten, um sie begraben zu k\u00f6nnen.<\/span><\/p>\n<p style=\"text-align: justify;\" align=\"justify\"><span lang=\"de-DE\">Aber dabei ber\u00fccksichtigen sie nicht die St\u00e4rke und die Intelligenz unserer Bewegung. Dabei denken sie nicht daran, dass wir bereits dabei sind, dar\u00fcber nachzudenken, wie wir uns organisieren und unsere Aktionen weiter entwickeln, die ihnen Angst und Bange machen; dass wir bereits dabei sind, unsere Bewegung zu vergr\u00f6\u00dfern!<\/span><\/p>\n<p style=\"text-align: justify;\" align=\"justify\"><span lang=\"de-DE\">Au\u00dferdem ber\u00fccksichtigen sie alle eine wichtige Sache nicht, dass n\u00e4mlich die Bewegung der Gelbwesten in verschiedenen Formen und auch jenseits der Kaufkrafterh\u00f6hung die Macht des Volkes, durch das Volk und f\u00fcr das Volk einfordert. Das meint ein neues System, in dem die \u201eNichtsw\u00fcrdigen\u201c, wie sie uns mit Verachtung bezeichnen, die Macht \u00fcber all diejenigen wieder an sich rei\u00dfen, die sich \u00fcberfressen \u2013 \u00fcber die F\u00fchrungsschichten und \u00fcber die Macht des Geldes! Denn das hei\u00dft Gleichheit und Gerechtigkeit. Das bedeutet Freiheit. Das ist es, was wir wollen. Und das geht von der Basis aus!<\/span><\/p>\n<p style=\"text-align: justify;\" align=\"justify\"><span lang=\"de-DE\">Wenn wir aber \u201eRepr\u00e4sentant*innen\u201c und \u201eSprecher*innen\u201c benennen, dann endet das nur damit, dass wir wieder zu Passiven gemacht werden. Schlimmer noch: Wir w\u00fcrden ganz schnell das System reproduzieren und von Oben nach Unten verwalten, so wie die Lumpenkerle, die uns regieren. Diese sogenannten \u201eVolksvertreter\u201c, die sich die Taschen f\u00fcllen, die Gesetze beschlie\u00dfen und uns das Leben verschlimmern \u2013 und nur den Interessen der Ultra-Reichen dienen!<\/span><\/p>\n<p style=\"text-align: justify;\" align=\"justify\"><span lang=\"de-DE\">Reichen wir dem R\u00e4derwerk der Repr\u00e4sentation und der Vereinnahmung nicht den kleinen Finger. Es ist jetzt nicht die Zeit, unsere Stimme einer Handvoll von Leuten \u2013 auch aus unseren Reihen, und wenn sie noch so ehrenwert sind \u2013 zu \u00fcberantworten. Wir wollen, dass die Regierenden uns allen zuh\u00f6ren \u2013 oder eben niemandem!<\/span><\/p>\n<p style=\"text-align: justify;\" align=\"justify\"><span lang=\"de-DE\">Von diesem Ort Commercy aus rufen wir daher dazu auf, \u00fcberall in Frankreich Volkskomitees zu gr\u00fcnden, die als regelm\u00e4\u00dfige allgemeine Versammlungen fungieren. Es sollen Orte sein, an denen alle frei zu Wort kommen, an denen man es wagt, die Meinung zu sagen, Leute f\u00fcr etwas zu begeistern, sich gegenseitig zu helfen. Wenn es dabei zu Delegierten kommt, dann nur auf der Ebene jedes lokalen Volkskomitees der Gelbwesten \u2013 und damit so nah wie m\u00f6glich an der Stimme des Volkes. Und diese Delegierten haben imperative Mandate, ihre Funktionen sind widerrufbar und ihre Zust\u00e4ndigkeiten rotieren. Sie unterliegen der Transparenz \u2013 und basieren auf Vertrauen.<\/span><\/p>\n<p style=\"text-align: justify;\" align=\"justify\"><span lang=\"de-DE\">Wir rufen gleichfalls dazu auf, dass die Hunderte von Gruppen der Gelbwesten eine H\u00fctte errichten, wie wir in Commercy, oder auch ein \u201eVolkshaus\u201c wie in Saint-Nazaire, kurz: einen gemeinsamen Ort f\u00fcr Versammlungen und Fragen der Organisierung! Und wir rufen dazu auf, sich untereinander zu koordinieren, auf lokaler Ebene und auf der Ebene des Departements \u2013 unter den Bedingungen der Gleichheit!<\/span><\/p>\n<p style=\"text-align: justify;\" align=\"justify\"><span lang=\"de-DE\">Auf diese Weise werden wir diese Auseinandersetzung gewinnen, den von da Oben aus sind sie es nicht gewohnt, das alles zu verwalten! Und das macht ihnen viel Angst. Lassen wir uns nicht fremdbestimmen! Lassen wir uns nicht vereinnahmen und spalten!<\/span><\/p>\n<p style=\"text-align: justify;\" align=\"justify\"><span lang=\"de-DE\">Wir sagen also Nein zu Repr\u00e4sentant*innen und zu selbst erkl\u00e4rten Sprecher*innen! Lasst uns die Macht \u00fcber unser Leben wieder zur\u00fcckgewinnen! Es leben die Gelbwesten in ihrer Vielf\u00e4ltigkeit! <\/span><\/p>\n<p style=\"text-align: justify;\" align=\"justify\"><span lang=\"de-DE\">Es lebe die Macht des Volkes, durch das Volk, f\u00fcr das Volk!<\/span><\/p>\n<p style=\"text-align: justify;\" align=\"justify\"><span lang=\"de-DE\">Wenn ihr euch auf der Grundlage dieses Aufrufs wiederfindet, in eurer lokalen Gelbwesten-Gruppe oder eben in anderen Gruppen, nehmt zu uns Kontakt auf, damit wir uns auf der Basis egalit\u00e4rer Volksversammlungen koordinieren k\u00f6nnen: giletsjaunescommercy@gmail.com<\/span><\/p>\n<p style=\"text-align: right;\" align=\"justify\"><strong><span lang=\"de-DE\">Die Gelbwesten aus Commercy, 2.12.2018<\/span><\/strong><\/p>\n","protected":false},"excerpt":{"rendered":"<p>Seit zwei Wochen hat die Bewegung der Gelbwesten Hunderttausende \u00fcberall in Frankreich auf die Stra\u00dfen gebracht, oft zum ersten Mal in ihrem Leben. Der Preis f\u00fcr Dieselkraftstoff [Dieselautos sind in Frankreich noch weit verbreiteter als in der BRD; d.\u00dc.] war der Tropfen auf den hei\u00dfen Stein, der das Pr\u00e4riefeuer entfacht hat. Der Leidensdruck; der Eindruck, &hellip; <a href=\"https:\/\/www.graswurzel.net\/gwr\/2018\/12\/der-aufruf-von-commercy-lothringen-fuer-direkte-demokratie\/\">Weiterlesen<\/a><\/p>\n","protected":false},"author":502,"featured_media":19234,"comment_status":"closed","ping_status":"closed","sticky":false,"template":"","format":"standard","meta":{"slim_seo":{"title":"Der Aufruf von Commercy\/Lothringen f\u00fcr direkte Demokratie - graswurzelrevolution","description":"Seit zwei Wochen hat die Bewegung der Gelbwesten Hunderttausende \u00fcberall in Frankreich auf die Stra\u00dfen gebracht, oft zum ersten Mal in ihrem Leben. Der Preis f\u00fc"},"footnotes":""},"categories":[1016,1,1026,1027],"tags":[],"class_list":["post-19012","post","type-post","status-publish","format-standard","has-post-thumbnail","hentry","category-435-januar-2019","category-allgemeines","category-geld-oder-leben","category-wir-sind-nicht-alleine"],"_links":{"self":[{"href":"https:\/\/www.graswurzel.net\/gwr\/wp-json\/wp\/v2\/posts\/19012","targetHints":{"allow":["GET"]}}],"collection":[{"href":"https:\/\/www.graswurzel.net\/gwr\/wp-json\/wp\/v2\/posts"}],"about":[{"href":"https:\/\/www.graswurzel.net\/gwr\/wp-json\/wp\/v2\/types\/post"}],"author":[{"embeddable":true,"href":"https:\/\/www.graswurzel.net\/gwr\/wp-json\/wp\/v2\/users\/502"}],"replies":[{"embeddable":true,"href":"https:\/\/www.graswurzel.net\/gwr\/wp-json\/wp\/v2\/comments?post=19012"}],"version-history":[{"count":0,"href":"https:\/\/www.graswurzel.net\/gwr\/wp-json\/wp\/v2\/posts\/19012\/revisions"}],"wp:featuredmedia":[{"embeddable":true,"href":"https:\/\/www.graswurzel.net\/gwr\/wp-json\/wp\/v2\/media\/19234"}],"wp:attachment":[{"href":"https:\/\/www.graswurzel.net\/gwr\/wp-json\/wp\/v2\/media?parent=19012"}],"wp:term":[{"taxonomy":"category","embeddable":true,"href":"https:\/\/www.graswurzel.net\/gwr\/wp-json\/wp\/v2\/categories?post=19012"},{"taxonomy":"post_tag","embeddable":true,"href":"https:\/\/www.graswurzel.net\/gwr\/wp-json\/wp\/v2\/tags?post=19012"}],"curies":[{"name":"wp","href":"https:\/\/api.w.org\/{rel}","templated":true}]}}