{"id":19016,"date":"2018-12-21T02:20:49","date_gmt":"2018-12-21T00:20:49","guid":{"rendered":"https:\/\/www.graswurzel.net\/gwr\/?p=19016"},"modified":"2022-07-26T14:21:59","modified_gmt":"2022-07-26T12:21:59","slug":"ich-bin-dafuer-sich-genau-in-diese-muehen-hineinzubegeben","status":"publish","type":"post","link":"https:\/\/www.graswurzel.net\/gwr\/2018\/12\/ich-bin-dafuer-sich-genau-in-diese-muehen-hineinzubegeben\/","title":{"rendered":"\u201eIch bin daf\u00fcr, sich in diese M\u00fchen hineinzubegeben\u201c"},"content":{"rendered":"<p style=\"text-align: justify;\" align=\"justify\"><strong><span lang=\"de-DE\">GWR: Sind die Gelbwesten nun ein franz\u00f6sisches Pegida oder der Beginn der sozialistischen Weltrevolution? Die deutsche Linke scheint sich da nicht ganz einig zu sein.<\/span><\/strong><\/p>\n<p style=\"text-align: justify;\" align=\"justify\"><span lang=\"de-DE\">Daniel Kulla: Das ist eher eine Aussage \u00fcber die deutsche Linke, von der ich leider auch mehr mitbekomme als aus der Entfernung vom Geschehen in Frankreich. Von Anfang an \u00fcberwog der starke Drang, letztg\u00fcltige Urteile zu f\u00e4llen, um sich entweder angewidert abwenden oder in blinde Euphorie ausbrechen zu k\u00f6nnen. F\u00fcr viele war die Widerspr\u00fcchlichkeit der franz\u00f6sischen Proteste selbst ein Problem, was f\u00fcr mich mit der zumindest selektiven Praxisferne zu vieler tonangebender Linker zusammenh\u00e4ngt. Dass sich sozusagen roher Klassenkampf, der gr\u00f6\u00dfere Teile der Bev\u00f6lkerung erfasst, auch inmitten der ganzen ideologischen Erz\u00e4hlungen entwickelt und nur bestenfalls durch den interessenbasierten Zusammenschluss von immer mehr Sektoren der Klasse diese Erz\u00e4hlungen aufkl\u00e4ren kann, entsprach nicht den einge\u00fcbten Beurteilungsmustern. Ebenso scheint die Vorstellung f\u00fcr viele schwierig, dass auch den Nazis oder anderen Rechten mal etwas weggenommen, sie aus Bewegungen zur\u00fcckgedr\u00e4ngt werden k\u00f6nnen, obwohl es das auch in Deutschland immer wieder gegeben hat. <\/span><\/p>\n<figure id=\"attachment_19041\" aria-describedby=\"caption-attachment-19041\" style=\"width: 516px\" class=\"wp-caption alignleft\"><a href=\"https:\/\/www.graswurzel.net\/gwr\/wp-content\/uploads\/2018\/12\/Eisenbahner.jpg\"><img loading=\"lazy\" decoding=\"async\" class=\" wp-image-19041\" src=\"https:\/\/www.graswurzel.net\/gwr\/wp-content\/uploads\/2018\/12\/Eisenbahner-1024x596.jpg\" alt=\"\" width=\"516\" height=\"301\" srcset=\"https:\/\/www.graswurzel.net\/gwr\/wp-content\/uploads\/2018\/12\/Eisenbahner.jpg 1024w, https:\/\/www.graswurzel.net\/gwr\/wp-content\/uploads\/2018\/12\/Eisenbahner-300x175.jpg 300w, https:\/\/www.graswurzel.net\/gwr\/wp-content\/uploads\/2018\/12\/Eisenbahner-600x349.jpg 600w, https:\/\/www.graswurzel.net\/gwr\/wp-content\/uploads\/2018\/12\/Eisenbahner-768x447.jpg 768w\" sizes=\"auto, (max-width: 516px) 100vw, 516px\" \/><\/a><figcaption id=\"caption-attachment-19041\" class=\"wp-caption-text\">Eisenbahner mit gelben Westen: Protestaktion in Paris, 8.Dez. 2018 &#8211; Foto: Jacques-BILLAUDEL (CC BY-SA 2.0)<\/figcaption><\/figure>\n<p style=\"text-align: justify;\" align=\"justify\"><strong><span lang=\"de-DE\">GWR: Wie sollten sich anarchistische, kommunistische, antikapitalistische Linke zu der Bewegung insgesamt verhalten? Mitwirken oder abgrenzen?<\/span><\/strong><\/p>\n<p style=\"text-align: justify;\" align=\"justify\"><span lang=\"de-DE\">Kulla: In Frankreich beteiligen sich viele Linke an den Protesten, versuchen sie mit anderen laufenden K\u00e4mpfen zu verbinden, das hei\u00dft, sie ringen um die Hegemonie in der Bewegung, was mir sinnvoll erscheint. Die teilweise groteske Erscheinung von deutschen Gelbwesten-Ablegern, gr\u00f6\u00dftenteils von rechts angesto\u00dfen, hei\u00dft ja eigentlich, dass es auch in Deutschland relativ leicht sein k\u00f6nnte, dieses Thema zu besetzen. Dazu fehlen aber offenbar viele organisatorische Grundlagen und eben auch vielfach schlicht die Klassenkampf-Erfahrungen, die entsprechend erstmal wieder in gr\u00f6\u00dferem Ausma\u00df gemacht werden m\u00fcssten. Das hei\u00dft, ohne h\u00f6heren Selbstorganisationsgrad der Klasse und ohne wenigstens einige st\u00e4rkere Verbindungen zwischen den verschiedenen Sektoren sind wir hier weder besonders solidarit\u00e4tsf\u00e4hig \u2013 Stichwort Solistreik oder \u00e4hnliches \u2013 noch k\u00f6nnen wir meistens spontan entstehende Bewegungen aufgreifen oder inhaltlich beeinflussen. <\/span><\/p>\n<p style=\"text-align: justify;\" align=\"justify\"><strong><span lang=\"de-DE\">GWR: Was m\u00fcsste passieren, damit sich aus einer solchen spontanen Bewegung eine revolution\u00e4re Situation entwickeln k\u00f6nnte, in der das kapitalistische System bzw. der b\u00fcrgerliche Staat insgesamt Ziel der Proteste w\u00fcrde?<\/span><\/strong><\/p>\n<p style=\"text-align: justify;\" align=\"justify\"><span lang=\"de-DE\">Kulla: Sofern die Proteste weitergehen und sich, wie es bisher den Anschein hat, mit immer mehr anderen Bewegungen wie Sch\u00fclerprotesten, Gewerkschaften oder Klimaschutzbewegungen verbinden, bestehen gute Chancen, dass die Aussetzung der Konkurrenz zwischen den Beteiligten auch die Erfahrung der eigenen kollektiven Macht und vor allem der geteilten Interessen st\u00e4rkt und das Bild von der herrschenden Klasse sch\u00e4rft. Ans\u00e4tze dazu sind bereits un\u00fcbersehbar und werden ja auch aktiv von Linken ins Geschehen getragen. \u00dcber die diesbez\u00fcglichen Mehrheits- und Kr\u00e4fteverh\u00e4ltnisse kann ich aber keine Aussage treffen.<\/span><\/p>\n<p style=\"text-align: justify;\" align=\"justify\"><strong><span lang=\"de-DE\">GWR: Wie sch\u00e4tzt du die Rolle der Polizei ein? Man h\u00f6rt von teils spontanen Solidarisierungen seitens einzelner Polizeieinheiten und eine kleine Polizeigewerkschaft hat durchblicken lassen, in Streik treten zu wollen. Andererseits sind Bilder von brutalen Eins\u00e4tzen im Umlauf. Inwiefern kann das Verhalten der Polizei den Verlauf des Aufstandes beeinflussen?<\/span><\/strong><\/p>\n<p style=\"text-align: justify;\" align=\"justify\"><span lang=\"de-DE\">Kulla: Bisher ist die Polizei gr\u00f6\u00dftenteils mit der angeordneten H\u00e4rte gegen die ja auch teilweise nicht zimperlichen Proteste vorgegangen, an manchen Stellen bis zur Erniedrigung. Mit den Kampfmitteln, die dabei zum Einsatz kommen, werden schwerste Verletzungen und auch Tote inkaufgenommen. Die Streikank\u00fcndigung kam von einer kleinen Gewerkschaft, die vor allem Personal in der Verwaltung und Versorgung der Polizei organisiert, nicht von den Einsatzkr\u00e4ften. Und das virale Video, in dem die Cops ihre Helme herunternehmen, ist laut Correctiv-Recherche einem falschen Ort zugeordnet und zeigt den Versuch, durch vor\u00fcbergehende Deeskalation eine Menge zu zerstreuen. Sollte es tats\u00e4chlich im gr\u00f6\u00dferen Stil zur Fraternisierung der Polizei kommen, steht die Revolution vermutlich schon unmittelbar bevor.<\/span><\/p>\n<p style=\"text-align: justify;\" align=\"justify\"><strong><span lang=\"de-DE\">GWR: Zuletzt wurde auch in Belgien und den Niederlanden mit Bezug auf die Gelbwesten demonstriert. W\u00e4re eine \u00e4hnliche Bewegung in Deutschland denkbar und wenn ja unter welchen Bedingungen?<\/span><\/strong><\/p>\n<p style=\"text-align: justify;\" align=\"justify\"><span lang=\"de-DE\">Kulla: Wie schon angedeutet, sind die Voraussetzungen hier ung\u00fcnstig, namentlich fehlt die Verbindung des Gro\u00dfteils der Linken zu Arbeitsk\u00e4mpfen, was sich allerdings m.E. zuletzt zu \u00e4ndern begonnen hat. M\u00f6glicherweise sind die Zeiten, in denen die liberalen und z.B. auch antideutschen Haltungen, sich den Klassenkampf und die Verbindung \u201enach unten\u201c systematisch auszureden, die weite Teile der Linken gepr\u00e4gt haben, doch allm\u00e4hlich vorbei. Auf der anderen Seite steht dann aber oft eine komplement\u00e4re \u00dcber-Begeisterung und \u00dcberidentifikation, die \u2013 verst\u00e4ndlicherweise \u2013 gern die M\u00fchen der Organisierung und der Selbstaufkl\u00e4rung \u00fcberspringen m\u00f6chte, und den Leuten statt mit Spritpreis und Arbeitspl\u00e4tzen erstmal mit den Segnungen der jeweils eigenen politischen Richtung kommt. Ich bin daf\u00fcr, sich genau in diese M\u00fchen hineinzubegeben, alles so gut es geht sich und anderen zu erkl\u00e4ren und locker, ehrlich und geduldig f\u00fcr die interessenbasierte Selbstorganisation der Arbeitskr\u00e4fte als Klasse zu werben.<\/span><\/p>\n","protected":false},"excerpt":{"rendered":"<p>GWR: Sind die Gelbwesten nun ein franz\u00f6sisches Pegida oder der Beginn der sozialistischen Weltrevolution? Die deutsche Linke scheint sich da nicht ganz einig zu sein. Daniel Kulla: Das ist eher eine Aussage \u00fcber die deutsche Linke, von der ich leider auch mehr mitbekomme als aus der Entfernung vom Geschehen in Frankreich. Von Anfang an \u00fcberwog &hellip; <a href=\"https:\/\/www.graswurzel.net\/gwr\/2018\/12\/ich-bin-dafuer-sich-genau-in-diese-muehen-hineinzubegeben\/\">Weiterlesen<\/a><\/p>\n","protected":false},"author":502,"featured_media":19039,"comment_status":"closed","ping_status":"closed","sticky":false,"template":"","format":"standard","meta":{"slim_seo":{"title":"\u201eIch bin daf\u00fcr, sich in diese M\u00fchen hineinzubegeben\u201c - graswurzelrevolution","description":"GWR: Sind die Gelbwesten nun ein franz\u00f6sisches Pegida oder der Beginn der sozialistischen Weltrevolution? Die deutsche Linke scheint sich da nicht ganz einig zu"},"footnotes":""},"categories":[1016,1026,1027],"tags":[],"class_list":["post-19016","post","type-post","status-publish","format-standard","has-post-thumbnail","hentry","category-435-januar-2019","category-geld-oder-leben","category-wir-sind-nicht-alleine"],"_links":{"self":[{"href":"https:\/\/www.graswurzel.net\/gwr\/wp-json\/wp\/v2\/posts\/19016","targetHints":{"allow":["GET"]}}],"collection":[{"href":"https:\/\/www.graswurzel.net\/gwr\/wp-json\/wp\/v2\/posts"}],"about":[{"href":"https:\/\/www.graswurzel.net\/gwr\/wp-json\/wp\/v2\/types\/post"}],"author":[{"embeddable":true,"href":"https:\/\/www.graswurzel.net\/gwr\/wp-json\/wp\/v2\/users\/502"}],"replies":[{"embeddable":true,"href":"https:\/\/www.graswurzel.net\/gwr\/wp-json\/wp\/v2\/comments?post=19016"}],"version-history":[{"count":0,"href":"https:\/\/www.graswurzel.net\/gwr\/wp-json\/wp\/v2\/posts\/19016\/revisions"}],"wp:featuredmedia":[{"embeddable":true,"href":"https:\/\/www.graswurzel.net\/gwr\/wp-json\/wp\/v2\/media\/19039"}],"wp:attachment":[{"href":"https:\/\/www.graswurzel.net\/gwr\/wp-json\/wp\/v2\/media?parent=19016"}],"wp:term":[{"taxonomy":"category","embeddable":true,"href":"https:\/\/www.graswurzel.net\/gwr\/wp-json\/wp\/v2\/categories?post=19016"},{"taxonomy":"post_tag","embeddable":true,"href":"https:\/\/www.graswurzel.net\/gwr\/wp-json\/wp\/v2\/tags?post=19016"}],"curies":[{"name":"wp","href":"https:\/\/api.w.org\/{rel}","templated":true}]}}