{"id":19030,"date":"2018-12-21T10:43:05","date_gmt":"2018-12-21T08:43:05","guid":{"rendered":"https:\/\/www.graswurzel.net\/gwr\/?p=19030"},"modified":"2018-12-21T10:43:05","modified_gmt":"2018-12-21T08:43:05","slug":"promyri","status":"publish","type":"post","link":"https:\/\/www.graswurzel.net\/gwr\/2018\/12\/promyri\/","title":{"rendered":"Prom\u00fdri"},"content":{"rendered":"<p style=\"text-align: justify;\" align=\"justify\"><span lang=\"de-DE\">Am Abend des 1. Dezember 2018 hatte ich das gro\u00dfe Gl\u00fcck einen der ber\u00fchrendsten Abende meines Lebens zu erleben. Drei Frauen in fortgeschrittenem Alter, Schwestern, griechische J\u00fcdinnen aus V\u00f3los und \u00dcberlebende des Holocaust, waren f\u00fcr drei Tage gemeinsam mit Kindern und Enkelkindern aus Israel nach Prom\u00fdri zur\u00fcckgekehrt, um gemeinsam mit den Einwohner*innen des Dorfes die Tatsache ihres \u00dcberlebens zu feiern. Rifka Kalderon, Malka Cohen und Geula Taboch wurden mit ihren Eltern Aaron und Stella Gkanis und zwei weiteren Geschwistern von 1941 bis zum Abzug der faschistischen deutschen Besatzer 1944, gemeinsam mit 80 weiteren j\u00fcdischen Mitb\u00fcrger*innen aus V\u00f3los in Prom\u00fdri und anderen D\u00f6rfern versteckt. Das gesamte Dorf, damals um die 2000 Menschen, hielt \u00fcber vier Jahre dicht, nahm die aus V\u00f3los Gefl\u00fcchteten in ihren Familien auf, verpflegte und versteckte sie. Eine Geschichte, die auch in Prom\u00fdri bis Dezember 2018 so gut wie vergessen war.<\/span><\/p>\n<p style=\"text-align: justify;\" align=\"justify\"><span lang=\"de-DE\">Im Rahmen eines rauschenden Festes mit den noch lebenden Helfer*innen von damals und uns J\u00fcngeren in der Dorftaverne, \u00fcberreichten die Schwestern den Einwohner*innen Prom\u00fdris ein Foto mit Danksagung, auf dem die Familie und Mitglieder ihrer Gastfamilie w\u00e4hrend des Zweiten Weltkriegs abgebildet sind. <\/span><\/p>\n<p style=\"text-align: justify; padding-left: 30px;\" align=\"justify\"><span lang=\"de-DE\">Danksagung: <\/span><\/p>\n<p style=\"text-align: justify; padding-left: 30px;\" align=\"justify\">\u201e<span lang=\"de-DE\">An alle Einwohner des Dorfes Prom\u00fdri.<\/span><\/p>\n<p style=\"text-align: justify; padding-left: 30px;\" align=\"justify\"><span lang=\"de-DE\">Dank von Herzen, dass ihr unserer Familie das Leben gerettet habt.<\/span><\/p>\n<p style=\"text-align: justify; padding-left: 30px;\" align=\"justify\"><span lang=\"de-DE\">Wir danken den Einwohnern von Prom\u00fdri f\u00fcr ihre edle und zutiefst menschliche Tat. Sie gef\u00e4hrdeten ihr eigenes Leben um das Leben unserer Familie und das anderer j\u00fcdischer Familien w\u00e4hrend des 2.Weltkrieges zu retten.<\/span><\/p>\n<p style=\"text-align: justify; padding-left: 30px;\" align=\"justify\"><span lang=\"de-DE\">Von der ganzen Familie von Aaron und Stella Gkanis, inzwischen bis zur f\u00fcnften Generation, w\u00e4rmsten Dank.\u201c<\/span><\/p>\n<p style=\"text-align: right;\" align=\"right\"><strong><span lang=\"de-DE\">Ralf Dreis, Prom\u00fdri<\/span><\/strong><\/p>\n","protected":false},"excerpt":{"rendered":"<p>Am Abend des 1. Dezember 2018 hatte ich das gro\u00dfe Gl\u00fcck einen der ber\u00fchrendsten Abende meines Lebens zu erleben. Drei Frauen in fortgeschrittenem Alter, Schwestern, griechische J\u00fcdinnen aus V\u00f3los und \u00dcberlebende des Holocaust, waren f\u00fcr drei Tage gemeinsam mit Kindern und Enkelkindern aus Israel nach Prom\u00fdri zur\u00fcckgekehrt, um gemeinsam mit den Einwohner*innen des Dorfes die &hellip; <a href=\"https:\/\/www.graswurzel.net\/gwr\/2018\/12\/promyri\/\">Weiterlesen<\/a><\/p>\n","protected":false},"author":502,"featured_media":0,"comment_status":"closed","ping_status":"closed","sticky":false,"template":"","format":"standard","meta":{"slim_seo":{"title":"Prom\u00fdri - graswurzelrevolution","description":"Am Abend des 1. Dezember 2018 hatte ich das gro\u00dfe Gl\u00fcck einen der ber\u00fchrendsten Abende meines Lebens zu erleben. Drei Frauen in fortgeschrittenem Alter, Schwest"},"footnotes":""},"categories":[1016],"tags":[],"class_list":["post-19030","post","type-post","status-publish","format-standard","hentry","category-435-januar-2019"],"_links":{"self":[{"href":"https:\/\/www.graswurzel.net\/gwr\/wp-json\/wp\/v2\/posts\/19030","targetHints":{"allow":["GET"]}}],"collection":[{"href":"https:\/\/www.graswurzel.net\/gwr\/wp-json\/wp\/v2\/posts"}],"about":[{"href":"https:\/\/www.graswurzel.net\/gwr\/wp-json\/wp\/v2\/types\/post"}],"author":[{"embeddable":true,"href":"https:\/\/www.graswurzel.net\/gwr\/wp-json\/wp\/v2\/users\/502"}],"replies":[{"embeddable":true,"href":"https:\/\/www.graswurzel.net\/gwr\/wp-json\/wp\/v2\/comments?post=19030"}],"version-history":[{"count":0,"href":"https:\/\/www.graswurzel.net\/gwr\/wp-json\/wp\/v2\/posts\/19030\/revisions"}],"wp:attachment":[{"href":"https:\/\/www.graswurzel.net\/gwr\/wp-json\/wp\/v2\/media?parent=19030"}],"wp:term":[{"taxonomy":"category","embeddable":true,"href":"https:\/\/www.graswurzel.net\/gwr\/wp-json\/wp\/v2\/categories?post=19030"},{"taxonomy":"post_tag","embeddable":true,"href":"https:\/\/www.graswurzel.net\/gwr\/wp-json\/wp\/v2\/tags?post=19030"}],"curies":[{"name":"wp","href":"https:\/\/api.w.org\/{rel}","templated":true}]}}