{"id":19264,"date":"2019-01-30T20:14:27","date_gmt":"2019-01-30T18:14:27","guid":{"rendered":"https:\/\/www.graswurzel.net\/gwr\/?p=19264"},"modified":"2019-01-31T01:54:57","modified_gmt":"2019-01-30T23:54:57","slug":"schluss-mit-militarisierung-und-krieg","status":"publish","type":"post","link":"https:\/\/www.graswurzel.net\/gwr\/2019\/01\/schluss-mit-militarisierung-und-krieg\/","title":{"rendered":"Schlu\u00df mit Militarisierung und Krieg!"},"content":{"rendered":"<h2 align=\"justify\">Schlu\u00df mit Militarisierung und Krieg!<\/h2>\n<p>&nbsp;<\/p>\n<p align=\"justify\"><span lang=\"de-DE\">Liebe Leserinnen und Leser,<\/span><\/p>\n<p align=\"justify\"><span lang=\"de-DE\">bei ihrem Gipfeltreffen im Juli 2018 in Br\u00fcssel haben die Regierungschefs der NATO-Staaten ihr Ziel einer massiven Aufr\u00fcstung bekr\u00e4ftigt. Alle Mitgliedsl\u00e4nder sollen bis 2024 ihre Milit\u00e4rausgaben auf zwei Prozent der Wirtschaftsleistung erh\u00f6hen, Deutschland also auf 80 Milliarden. US-Pr\u00e4sident Trump fordert gar eine Erh\u00f6hung auf vier Prozent. <\/span><\/p>\n<p align=\"justify\"><span lang=\"de-DE\">Wer diese drastischen Militarisierungs- und Aufr\u00fcstungspl\u00e4ne durchkreuzen will, bekommt bald eine Gelegenheit zum antimilitaristischen Protest. Vom 15. bis 17. Februar 2019 findet in M\u00fcnchen die allj\u00e4hrliche \u201eSicherheitskonferenz\u201c (SIKO) statt, bei der sich die Staats- und Regierungschefs mit Vertreter*innen aus Milit\u00e4r, Wirtschaft und R\u00fcstungsindustrie treffen. Dazu schreibt das Anti-SIKO-B\u00fcndnis: \u201eSicherheit k\u00f6nnten wir gut gebrauchen: Die Sicherheit, dass wir uns morgen noch unsere Miete leisten k\u00f6nnen, dass es keinen Krieg gibt und unsere Umwelt nicht den Bach heruntergeht. Aber um all das geht es bei der SIKO nicht.\u201c Tats\u00e4chlich gehe es um die Rechtfertigung der NATO f\u00fcr ihre R\u00fcstungsausgaben und Kriegseins\u00e4tze, die uns als \u201ehumanit\u00e4re Interventionen\u201c verkauft werden.<\/span><\/p>\n<p align=\"justify\"><span lang=\"de-DE\">Zwei Drittel der weltweiten R\u00fcstungsausgaben von 1739 Milliarden Dollar entfielen 2017 auf die NATO und die mit ihr kooperierenden Staaten. \u201eKurdistan, Jemen, Mali, Afghanistan, Irak, Syrien. Die Liste der L\u00e4nder, in denen NATO-Staaten Kriege f\u00fchren oder unterst\u00fctzen, ist lang. Sie st\u00fctzen Regime, die ihnen Zugang zu Rohstoffen garantieren, und nehmen dabei B\u00fcrgerkriege wie z.B. im Kongo in Kauf. Mit ihren Milit\u00e4reins\u00e4tzen sichern sie die Profite gro\u00dfer Konzerne, deren Zugang zu Absatzm\u00e4rkten und die \u201aNachfrage\u2018 nach Waffen. Durch diese Kriege werden die Lebensgrundlagen und damit jegliche soziale Sicherheit in den betroffenen Regionen zerst\u00f6rt und hunderttausende Zivilisten get\u00f6tet\u201c, schreibt das Aktionsb\u00fcndnis gegen die \u201eSicherheitskonferenz\u201c, das zur bundesweiten Demo am 16. Februar 2019 in M\u00fcnchen (ab 13 Uhr am Stachus) mobilisiert. (1) <\/span><\/p>\n<h5 align=\"left\"><span lang=\"de-DE\">GWR 436<\/span><\/h5>\n<p align=\"justify\"><span lang=\"de-DE\">Antimilitarist*innen, die sich auf die Demo in M\u00fcnchen einstimmen m\u00f6chten, finden in dieser GWR unter anderem auch bewegende Erinnerungen des vor kurzem gestorbenen US-Antikriegsaktivisten David McReynolds und einen Bericht \u00fcber die Situation von Kriegsdienstverweigerern in Korea. Der Korea-Artikel ist auch als antimilitaristische Sicht auf den Konflikt zu verstehen und unterscheidet sich deutlich von dem, was uns in den Massenmedien zum Thema Korea serviert wird. <\/span><\/p>\n<p align=\"justify\"><span lang=\"de-DE\">Nachdem wir in der Januar-GWR 435 ein Interview mit Rainer Schepper, einem der letzten noch lebenden Wehrmachtsdeserteure, ver\u00f6ffentlicht haben, bekamen wir Anfragen von einer DFG-VK-Gruppe, die das Interview gerne in ihrem Lokalradio ausstrahlen m\u00f6chte. Teile des Interviews wurden am 17. Januar von Antenne Antifa im B\u00fcrgerfunk auf Antenne M\u00fcnster ausgestrahlt. Jetzt ist sowohl diese B\u00fcrgerfunksendung (2) als auch der ungek\u00fcrzte Interviewmitschnitt (3) in der Mediathek von NRWision zu finden. Beides kann gerne ab sofort von anderen B\u00fcrgerfunker*innen und Freien Radios \u00fcbernommen und ausgestrahlt werden.<\/span><\/p>\n<h5 align=\"left\"><span lang=\"de-DE\">Blick in die Zukunft<\/span><\/h5>\n<p align=\"justify\"><span lang=\"de-DE\">In der M\u00e4rzausgabe werdet Ihr als Supplement wieder eine neue zw\u00f6lfseitige Ausgabe der Libert\u00e4ren Buchseiten finden. Redaktionsschluss ist der 10. Februar. Schwerpunkt der GWR 437 ist das Thema \u201eFeminismus heute\u201c. Wer einen akustischen Vorgeschmack auf diese Ausgabe bekommen m\u00f6chte, kann sich am 28. Februar von 20:04 Uhr bis 21 Uhr auf Antenne M\u00fcnster (95,4 Mhz.) und \u00fcberregional im Livestream auf www.antennemuenster.de die neue Radio Graswurzelrevolution-Sendung anh\u00f6ren. Eine transkribierte und \u00fcberarbeitete Fassung des Interviews, das GWR-Praktikant Marvin und ich mit den Feministinnen Kerstin Wilhelms-Zywocki und Marina Minor zum Internationalen Frauenkampftag 2019 gef\u00fchrt haben, und vieles mehr findet Ihr dann in der GWR 437.<\/span><\/p>\n<p align=\"justify\"><span lang=\"de-DE\">Zus\u00e4tzlich empfehle ich Euch einen Blick auf viele weitere Artikel und Filmbesprechungen auf www.graswurzel.net und w\u00fcnsche nun viel Spa\u00df beim Lesen der druckfrischen GWR 436.<\/span><\/p>\n<p align=\"justify\"><span lang=\"de-DE\">Li(e)bert\u00e4re Gr\u00fc\u00dfe,<\/span><\/p>\n<p align=\"right\"><strong><span lang=\"de-DE\">Bernd Dr\u00fccke (GWR-Koordinationsredakteur)<\/span> <\/strong><\/p>\n","protected":false},"excerpt":{"rendered":"<p>Schlu\u00df mit Militarisierung und Krieg! &nbsp; Liebe Leserinnen und Leser, bei ihrem Gipfeltreffen im Juli 2018 in Br\u00fcssel haben die Regierungschefs der NATO-Staaten ihr Ziel einer massiven Aufr\u00fcstung bekr\u00e4ftigt. Alle Mitgliedsl\u00e4nder sollen bis 2024 ihre Milit\u00e4rausgaben auf zwei Prozent der Wirtschaftsleistung erh\u00f6hen, Deutschland also auf 80 Milliarden. US-Pr\u00e4sident Trump fordert gar eine Erh\u00f6hung auf vier &hellip; <a href=\"https:\/\/www.graswurzel.net\/gwr\/2019\/01\/schluss-mit-militarisierung-und-krieg\/\">Weiterlesen<\/a><\/p>\n","protected":false},"author":502,"featured_media":19306,"comment_status":"closed","ping_status":"closed","sticky":false,"template":"","format":"standard","meta":{"slim_seo":{"title":"Schlu\u00df mit Militarisierung und Krieg! - graswurzelrevolution","description":"Schlu\u00df mit Militarisierung und Krieg! &nbsp; Liebe Leserinnen und Leser, bei ihrem Gipfeltreffen im Juli 2018 in Br\u00fcssel haben die Regierungschefs der NATO-Staa"},"footnotes":""},"categories":[1023],"tags":[],"class_list":["post-19264","post","type-post","status-publish","format-standard","has-post-thumbnail","hentry","category-436-februar-2019"],"_links":{"self":[{"href":"https:\/\/www.graswurzel.net\/gwr\/wp-json\/wp\/v2\/posts\/19264","targetHints":{"allow":["GET"]}}],"collection":[{"href":"https:\/\/www.graswurzel.net\/gwr\/wp-json\/wp\/v2\/posts"}],"about":[{"href":"https:\/\/www.graswurzel.net\/gwr\/wp-json\/wp\/v2\/types\/post"}],"author":[{"embeddable":true,"href":"https:\/\/www.graswurzel.net\/gwr\/wp-json\/wp\/v2\/users\/502"}],"replies":[{"embeddable":true,"href":"https:\/\/www.graswurzel.net\/gwr\/wp-json\/wp\/v2\/comments?post=19264"}],"version-history":[{"count":0,"href":"https:\/\/www.graswurzel.net\/gwr\/wp-json\/wp\/v2\/posts\/19264\/revisions"}],"wp:featuredmedia":[{"embeddable":true,"href":"https:\/\/www.graswurzel.net\/gwr\/wp-json\/wp\/v2\/media\/19306"}],"wp:attachment":[{"href":"https:\/\/www.graswurzel.net\/gwr\/wp-json\/wp\/v2\/media?parent=19264"}],"wp:term":[{"taxonomy":"category","embeddable":true,"href":"https:\/\/www.graswurzel.net\/gwr\/wp-json\/wp\/v2\/categories?post=19264"},{"taxonomy":"post_tag","embeddable":true,"href":"https:\/\/www.graswurzel.net\/gwr\/wp-json\/wp\/v2\/tags?post=19264"}],"curies":[{"name":"wp","href":"https:\/\/api.w.org\/{rel}","templated":true}]}}