{"id":19296,"date":"2019-01-30T20:21:46","date_gmt":"2019-01-30T18:21:46","guid":{"rendered":"https:\/\/www.graswurzel.net\/gwr\/?p=19296"},"modified":"2022-07-26T14:11:48","modified_gmt":"2022-07-26T12:11:48","slug":"von-der-geologie-zur-anarchie","status":"publish","type":"post","link":"https:\/\/www.graswurzel.net\/gwr\/2019\/01\/von-der-geologie-zur-anarchie\/","title":{"rendered":"Von der Geologie zur Anarchie"},"content":{"rendered":"<p align=\"justify\"><span lang=\"de-DE\">In Kreisen der Graswurzelrevolution waren viele Beteiligte, u.a. Bernd Dr\u00fccke, Martin Baxmeyer und auch ich, mit Dieter befreundet, in meinem Fall kontinuierlich und intensiv \u00fcber 20 Jahre hinweg bis zu seinem Tod. Aber beginnen wir diesen Gedenkartikel an Dieter mit seinem Werdegang.<\/span><\/p>\n<h5 align=\"left\"><span lang=\"de-DE\">Kurzer Werdegang<\/span><\/h5>\n<p align=\"justify\"><span lang=\"de-DE\">Dieter wurde 1944 in einer kleinen Stadt in der N\u00e4he von Berlin geboren, die heute zu Polen geh\u00f6rt. Damals, w\u00e4hrend des Krieges, haben einige Frauen ihre Kinder dort zur Welt gebracht, weil Berlin oft bombardiert wurde. Seine Kindheit hat Dieter in Berlin verbracht. W\u00e4hrend der ersten vier Jahre wuchs er nur mit Mutter und Gro\u00dfmutter auf, weil sich sein Vater noch in russischer Kriegsgefangenschaft befand. Als Dieter 13 Jahre alt war, ist die Familie nach M\u00fcnchen umgezogen. Nach dem Abitur hat er an der Universit\u00e4t M\u00fcnchen Geologie studiert. Seine Liebe zur Geologie hat er schon fr\u00fch als Jugendlicher entwickelt, als er mit einem Kollegen Mineralien gesammelt hat und mit seinem Gro\u00dfvater in die Berge ging.<\/span><\/p>\n<p align=\"justify\"><span lang=\"de-DE\">Ab seinem 25. Lebensjahr hat Dieter dauernd in Z\u00fcrich gelebt, wo er in den Siebzigerjahren seine Doktorarbeit geschrieben und weiter bis zu seiner Pensionierung, im Jahr 2008, an der ETH (Eidgen\u00f6ssische Technische Hochschule) Z\u00fcrich gearbeitet hat. Geologie war seine Leidenschaft. Er war ein etablierter und weltweit anerkannter Wissenschaftler im Fachgebiet Geochronologie, welches sich mit der absoluten Altersbestimmung von Gesteinen befasst. <\/span><\/p>\n<p align=\"justify\"><span lang=\"de-DE\">Er hat fast 40 Jahre lang an der ETH Z\u00fcrich geforscht und in Zusammenarbeit mit seinen Doktorand*innen, Post-docs, Arbeitskolleg*innen und seiner Lebenspartnerin, ebenfalls Geologin, unsere Kenntnisse \u00fcber die Entstehung und Entwicklung verschiedener Gebirgsketten der Welt weiter gebracht und zum Teil revolutioniert. Dank seiner erfolgreichen Forschungsarbeit, die er in hochrangigen Fachzeitschriften publiziert hat, hatte er immer vom Schweizerischen Nationalfonds sein eigenes Forschungsgeld bekommen. <\/span><span lang=\"de-DE\">Dies gab ihm die Unabh\u00e4ngigkeit und Freiheit, ab 1991 als Titular-Professor seine eigene Forschung zu betreiben \u2013 und dies gab ihm auch Zeit f\u00fcr seine anderen Leidenschaften.<\/span><\/p>\n<h5 align=\"justify\"><span lang=\"de-DE\">Dieters anarchistische Seite \u2013 Reisender in Sachen Anarchie<\/span><\/h5>\n<p align=\"justify\"><span lang=\"de-DE\">Ab dem Ende seines dritten Lebensjahrzehnts hat sich Dieter mit anarchistischen Ideen auseinander gesetzt. Er war von diesem Gesellschaftsmodell fasziniert und bis zu seinem Lebensende davon \u00fcberzeugt, dass dies mit der menschlichen Natur im Einklang steht. F\u00fcr ihn war es die einzige Alternative zu den misslungenen kapitalistischen und etatistisch-sozialistischen Systemen. Er hat sein Wissen \u00fcber diese Ideen vertieft, vor allem seine Kenntnisse \u00fcber die spanische Geschichte und besonders die Geschichte der Spanischen Revolution, als Millionen von Menschen in anarchistischen Kollektiven, vor allem auch in Barcelona, ohne Chef, Staat und sogar ohne Geld gelebt haben. Solche Leute, die in den Drei\u00dfigerjahren diese Erlebnisse hatten, hat Dieter gesucht, kennengelernt und zum Teil in hohem Alter interviewt, damit deren Erfahrungen nicht verloren gehen. Federico Arcos, einen wichtigen Zeitzeugen und ehemaligen Anarchisten aus Spanien, hat Dieter mehrmals in Kanada besucht und interviewt. Dar\u00fcber hinaus hat er Veranstaltungstouren in vielen L\u00e4ndern Europas (z.B. Spanien, Frankreich, \u00d6sterreich, Polen, Slowenien, die BRD) organisiert oder begleitet. Vor allem und \u00fcber viele Jahre fuhr er mit Diego Camacho (bekannter als: Abel Paz) zu zahlreichen Vortr\u00e4gen zur Spanischen Revolution durch viele L\u00e4nder. <\/span><\/p>\n<p align=\"justify\"><span lang=\"de-DE\">Im Vorfeld dieser Touren war bereits die \u00dcbersetzung der gro\u00dfen Durruti-Biografie von Abel Paz bei Nautilus erschienen (1), dann w\u00e4hrend der Touren der von Bernd Dr\u00fccke, Martin Baxmeyer und Luz Kerkeling herausgegebene Interview-Band mit Abel Paz im Verlag AV (2) sowie im Anschluss die \u00dcbersetzungen der vierb\u00e4ndigen Autobiografie von Abel Paz, ebenfalls bei AV und mit tatkr\u00e4ftiger finanzieller Unterst\u00fctzung durch Dieter (3).<\/span><\/p>\n<p align=\"justify\"><span lang=\"de-DE\">Nach seiner Pensionierung 2008 hat Dieter diese Besch\u00e4ftigung mit der Anarchie noch intensiviert. Er war ein Lebensgenie\u00dfer und wollte Sachen kombinieren, die ihm Spa\u00df machten. So kaufte er ein Wohnmobil, und sobald die K\u00e4lte in Z\u00fcrich eintraf, fuhr er nach S\u00fcd-Spanien, vor allem in die Gegend von Cabo de Gata, Andalusien, wo er die Sonne genossen hat. <\/span><\/p>\n<p align=\"justify\"><span lang=\"de-DE\">Er hat Tennis gespielt, mit Leuten \u00fcber die spanische Geschichte, die Spanische Revolution und den B\u00fcrgerkrieg aus anarchistischer Sicht diskutiert, auch dort Veranstaltungen gemacht und immer wieder noch lebende Anarchist*innen aus der Revolutionszeit \u00fcberall in Spanien interviewt. Au\u00dferdem hat er libert\u00e4re Ferrer-Schulen besucht, die im Rahmen des spanischen Projekts \u201ePaideia\u201c (griech.: Erziehung) organisiert sind und bei denen Lehrer*innen nur als Mentor*innen wirken, wo es weder Noten noch Strafen gibt. <\/span><\/p>\n<p align=\"justify\"><span lang=\"de-DE\">Weiterhin hat Dieter eine Wohnmobil-Tour mit dem individualanarchistischen US-Historiker Michael Seidman und mir gemacht. Wir stellten im Jahr 2011 in einer einmonatigen Tour durch die BRD die deutsche \u00dcbersetzung des Seidman-Buches \u201eGegen die Arbeit\u201c vor, die im Buchverlag Graswurzelrevolution erschien. Es ging darin um Arbeitsverweigerungen und Widerstand gegen Produktivismus w\u00e4hrend der Spanischen Revolution und den franz\u00f6sischen Betriebsbesetzungen 1936-38. (4) <\/span><\/p>\n<p align=\"justify\"><span lang=\"de-DE\">Schlie\u00dflich fuhr Dieter Gebauer j\u00fcngst Anatole Dolgoff im Wohnmobil herum, dessen Biografie seines Vaters, Sam Dolgoff, viel \u00fcber die Geschichte der Industrial Workers of the World (IWW) enth\u00e4lt. Das Buch wird nun f\u00fcr den Buchverlag Graswurzelrevolution ins Deutsche \u00fcbersetzt. (5) Auch mit Heleno Sa\u00f1a, dem Autor des Buches \u201eDie libert\u00e4re Revolution\u201c, erschienen bei Nautilus (6), hat Dieter Veranstaltungen organisiert, u.a. in Z\u00fcrich. <\/span><span lang=\"de-DE\">In Z\u00fcrich geh\u00f6rte Dieter au\u00dferdem einem Diskussionskreis zur Spanischen Revolution sowie einem Kreis um die Z\u00fcrcher Schule f\u00fcr Psychotherapie um den gewaltfreien Anarchisten Friedrich Liebling an.<\/span><\/p>\n<h5 align=\"justify\"><span lang=\"de-DE\">Von der Geologie zum gl\u00fccklichen Leben der Individuen im Diesseits<\/span><\/h5>\n<p align=\"left\"><span lang=\"de-DE\">Als mir auf der Trauerfeier durch die Beitr\u00e4ge aus seinen verschiedenen Wirkungskreisen besonders die Leidenschaft Dieters f\u00fcr die Geologie in Erinnerung gerufen wurde, fiel mir wieder ein, wie ich Dieter kennenlernte. Es war 1998 und ich hielt einen Vortrag \u00fcber Albert Camus w\u00e4hrend der Schweizer Anarchietage in Winterthur. <\/span><span lang=\"de-DE\">Ich ging dabei auf Camus\u2019 Werk \u201eDer Mythos von Sisyphos\u201c ein. Im Vergleich zur Existenzgeschichte eines Steins sei die L\u00e4nge eines individuellen Menschenlebens verschwindend gering. Camus\u2019 ganzes Denken war danach ausgerichtet, wie ein Individuum in dieser absurd kurzen Lebensspanne trotzdem einen positiven Lebenswillen entwickeln und im Diesseits frei und gl\u00fccklich werden k\u00f6nne. <\/span><span lang=\"de-DE\">Nachdem ich geendet hatte, kam Dieter auf mich zu und meinte, es sei sehr wichtig, die Relation zwischen dem Alter von Steinen und einem freien individuellen Leben aufzuzeigen. Mir wurde im Gespr\u00e4ch klar, dass er hier \u00fcber die zwei Leidenschaften seines Lebens sprach und nach einer Verbindung beider suchte. In der Folge tauschten wir uns \u00fcber zwei Jahrzehnte hinweg kontinuierlich \u00fcber Geschichte, Theorie und Gegenwart des gewaltfreien Anarchismus aus. Wir verstanden uns blind und konnten so in die Tiefe gehen und zu Erkenntnissen vordringen, die bei inhaltlich unterschiedlich ausgerichteten Gespr\u00e4chspartnern unm\u00f6glich sind.<\/span><span lang=\"de-DE\">Nicht zuf\u00e4llig wurde Dieter \u00fcber die Jahre hinweg auch zu einem umfassenden Darlehensgeber und Spender f\u00fcr die Publikationen des Buchverlags Graswurzelrevolution, was an den Danksagungen in vielen unserer B\u00fccher abzulesen ist.<\/span><\/p>\n<h5 align=\"left\"><span lang=\"de-DE\">Dieters Vortrag am Sterbebett und sein letzter Wunsch<\/span><\/h5>\n<p align=\"justify\"><span lang=\"de-DE\">Am 6. Dezember 2018 empfing Dieter im Z\u00fcrcher Spital den Kreis seiner \u00c4rzt*innen und Pfleger*innen zusammen mit dem Chefarzt. Lange hatte er optimistisch gegen den Krebs gek\u00e4mpft, erst jetzt wusste er seit kurzem, dass er bald sterben w\u00fcrde, und hatte sich damit abgefunden. Doch er richtete sich bei der Visite auf und hielt, so berichtete die Krankenschwester E. Richard auf der Trauerfeier, eine leidenschaftliche Rede an die versammelte Crew. (7)<\/span><\/p>\n<p align=\"justify\"><span lang=\"de-DE\">Dieter begann mit: \u201eIch habe Ihnen etwas sehr Wichtiges zu sagen!\u201c Und er f\u00fchrte aus: \u201eEs ist m\u00f6glich, dass Menschen ohne hierarchische Strukturen zusammenleben. Sie alle kooperieren auf gleicher Ebene und finden L\u00f6sungen f\u00fcr ihre Probleme, ohne Hierarchien.\u201c \u201eAha, und wie k\u00f6nnen wir dahin gelangen, Herr Gebauer?\u201c, fragte der Chefarzt. Dieter redete weiter, alle h\u00f6rten zu: <\/span>\u201e<span lang=\"de-DE\">Es gibt Schulen, die von Francisco Ferrer in Spanien gegr\u00fcndet wurden, wo die Kinder ohne Anleitung von Lehrern lernen. Niemand befiehlt ihnen, was sie zu tun haben. Sie entscheiden alles selbst. Sie kooperieren, helfen sich gegenseitig und werden von Lehrern nicht bestraft oder zu etwas gezwungen. Sie haben nur Mentoren, die ihnen Vorschl\u00e4ge machen. Sie selbst k\u00f6nnen studieren, was sie wollen. Sie bekommen im Gegenzug Hilfe, positive Zustimmung und Freundschaft. <\/span><span lang=\"de-DE\">Diese Erziehungsweise in Freiheit bringt starke Pers\u00f6nlichkeiten hervor, die \u201aNein\u2019 sagen zu Korruption, Manipulation, Gewalt und Hierarchien. Sie werden selbst\u00e4ndig denken und ihr Leben ohne Chefs organisieren, nicht von Oben nach Unten, sondern in horizontalen Strukturen. Sie brauchen keine Regierung. Diese Erziehung in absoluter Freiheit ist der grundlegende neue Weg des Zusammenlebens ohne Hierarchien. Verstehen Sie?\u201c<\/span><\/p>\n<p align=\"justify\"><span lang=\"de-DE\">Anschlie\u00dfend fragte Dieter die Crew, ob ihr Chefarzt sie gut behandle und ob er abweichende Meinungen und eine freie Diskussion zulasse. Und Dieter schloss seinen Vortrag wie folgt:<\/span>\u201e<span lang=\"de-DE\">Eine Million Menschen lebten so in Spanien vor Franco. Es war eine gro\u00dfartige Erfahrung. Sie lebten in v\u00f6lliger Gleichheit \u2013 und ohne Regierung! Es ist m\u00f6glich!\u201c Dieter hob die Faust in die H\u00f6he und strahlte, so berichtete die Krankenschwester: \u201eViva la revoluci\u00f3n social!\u201c (8) So war Dieter Gebauer.<\/span><\/p>\n<p align=\"justify\"><span lang=\"de-DE\">Sein letzter Wunsch ging genau in diese Richtung: Dass die Leute informiert werden, sei es mit B\u00fcchern, Diskussionen oder Veranstaltungen, dass es eine Alternative zum Kapitalismus und \u201eKommunismus\u201c gibt, n\u00e4mlich das anarchistische Gesellschaftsmodell und seine gewaltfreie Anwendung. <\/span><span lang=\"de-DE\">Es ging ihm darum, dass die Leute auch dar\u00fcber informiert werden, dass der Mensch trotz allem von Natur aus gut ist und bereit zur gegenseitigen Hilfe; dass die Erziehung ohne hierarchische Strukturen, Noten und Strafen starke und selbst\u00e4ndige Menschen bildet, die ein sch\u00f6nes und gewaltfreies Leben f\u00fchren k\u00f6nnen und es genie\u00dfen! Denn nur wenn die Menschen richtig informiert sind, wird der richtige Grundstein zur Anarchie gelegt. Danke Dieter, f\u00fcr alles. Deinem letzten Willen werden wir nachkommen!<\/span><\/p>\n<p align=\"right\"><strong><span lang=\"de-DE\">Lou Marin<\/span><\/strong><\/p>\n","protected":false},"excerpt":{"rendered":"<p>In Kreisen der Graswurzelrevolution waren viele Beteiligte, u.a. Bernd Dr\u00fccke, Martin Baxmeyer und auch ich, mit Dieter befreundet, in meinem Fall kontinuierlich und intensiv \u00fcber 20 Jahre hinweg bis zu seinem Tod. Aber beginnen wir diesen Gedenkartikel an Dieter mit seinem Werdegang. Kurzer Werdegang Dieter wurde 1944 in einer kleinen Stadt in der N\u00e4he von &hellip; <a href=\"https:\/\/www.graswurzel.net\/gwr\/2019\/01\/von-der-geologie-zur-anarchie\/\">Weiterlesen<\/a><\/p>\n","protected":false},"author":502,"featured_media":19450,"comment_status":"closed","ping_status":"closed","sticky":false,"template":"","format":"standard","meta":{"slim_seo":{"title":"Von der Geologie zur Anarchie - graswurzelrevolution","description":"In Kreisen der Graswurzelrevolution waren viele Beteiligte, u.a. Bernd Dr\u00fccke, Martin Baxmeyer und auch ich, mit Dieter befreundet, in meinem Fall kontinuierlic"},"footnotes":""},"categories":[1023,43,1042],"tags":[],"class_list":["post-19296","post","type-post","status-publish","format-standard","has-post-thumbnail","hentry","category-436-februar-2019","category-bildung-libertare-padagogik","category-ohne-chef-und-staat"],"_links":{"self":[{"href":"https:\/\/www.graswurzel.net\/gwr\/wp-json\/wp\/v2\/posts\/19296","targetHints":{"allow":["GET"]}}],"collection":[{"href":"https:\/\/www.graswurzel.net\/gwr\/wp-json\/wp\/v2\/posts"}],"about":[{"href":"https:\/\/www.graswurzel.net\/gwr\/wp-json\/wp\/v2\/types\/post"}],"author":[{"embeddable":true,"href":"https:\/\/www.graswurzel.net\/gwr\/wp-json\/wp\/v2\/users\/502"}],"replies":[{"embeddable":true,"href":"https:\/\/www.graswurzel.net\/gwr\/wp-json\/wp\/v2\/comments?post=19296"}],"version-history":[{"count":0,"href":"https:\/\/www.graswurzel.net\/gwr\/wp-json\/wp\/v2\/posts\/19296\/revisions"}],"wp:featuredmedia":[{"embeddable":true,"href":"https:\/\/www.graswurzel.net\/gwr\/wp-json\/wp\/v2\/media\/19450"}],"wp:attachment":[{"href":"https:\/\/www.graswurzel.net\/gwr\/wp-json\/wp\/v2\/media?parent=19296"}],"wp:term":[{"taxonomy":"category","embeddable":true,"href":"https:\/\/www.graswurzel.net\/gwr\/wp-json\/wp\/v2\/categories?post=19296"},{"taxonomy":"post_tag","embeddable":true,"href":"https:\/\/www.graswurzel.net\/gwr\/wp-json\/wp\/v2\/tags?post=19296"}],"curies":[{"name":"wp","href":"https:\/\/api.w.org\/{rel}","templated":true}]}}