{"id":19323,"date":"2019-02-03T12:39:03","date_gmt":"2019-02-03T10:39:03","guid":{"rendered":"https:\/\/www.graswurzel.net\/gwr\/?p=19323"},"modified":"2019-02-03T12:39:03","modified_gmt":"2019-02-03T10:39:03","slug":"gedenken-an-den-anarchosyndikalisten-und-kriegsgegner-fritz-oerter","status":"publish","type":"post","link":"https:\/\/www.graswurzel.net\/gwr\/2019\/02\/gedenken-an-den-anarchosyndikalisten-und-kriegsgegner-fritz-oerter\/","title":{"rendered":"Gedenken an den Anarchosyndikalisten und Kriegsgegner Fritz Oerter"},"content":{"rendered":"<p align=\"justify\"><span lang=\"de-DE\">Den Gro\u00dfteil seines Lebens verbrachte er in F\u00fcrth. Fr\u00fch wandte er sich libert\u00e4ren Idealen zu, organisierte sich in anarchosyndikalistischen Gruppen und Kulturvereinigungen. <\/span><span lang=\"de-DE\">Als Schriftsteller und politischer Kommentator hinterlie\u00df er ein umfangreiches Werk, das durch umfassendes Wissen, treffende Alltagsbeobachtungen und Analysen gl\u00e4nzt. Darin befasste er sich intensiv mit wirtschaftlichen und politischen Fragen, mit P\u00e4dagogik und Sexualit\u00e4t. <\/span><span lang=\"de-DE\">Gerade in Zeiten des Rechtsrutsches ist sein Werk aktuell. So schrieb er 1914 in seinem Tagebuch: \u201eWenn sich der Zorn des Publikums anstatt gegen wirkliche oder vermeintliche Ausl\u00e4nder mehr gegen Silberdiebe im eigenen Land richten w\u00fcrde, w\u00e4re das viel gescheiter.\u201c<\/span><\/p>\n<p align=\"justify\"><span lang=\"de-DE\">Fritz Oerter war 1918\/1919 Mitglied des Arbeiterrates F\u00fcrth und unterst\u00fctzte auch in den Folgejahren die sozialen K\u00e4mpfe der Arbeiter*innen. Der Vielbelesene richtete in der Oberen Fischerstra\u00dfe 3 eine Leihb\u00fccherei ein. Denn der Syndikalismus war f\u00fcr ihn auch \u201eeine Kulturmacht\u201c, der die gewaltfreie, soziale Revolution u. a. durch Bildung erreichen wollte. <\/span><span lang=\"de-DE\">Fritz Oerter erkannte die kommenden Gr\u00e4uel der Nazis fr\u00fch. \u201eDie politische Nacht dauert an\u201c, schrieb er am 21. Dezember 1932 in seinen Tageb\u00fcchern. <\/span><span lang=\"de-DE\">1935 starb er vermutlich infolge der Haftbedingungen und der Misshandlungen durch die SA nach seiner Entlassung aus dem Gef\u00e4ngnis. <\/span><\/p>\n<p align=\"justify\"><span lang=\"de-DE\">Fritz Oerters Leben war gepr\u00e4gt von einer radikalen Menschenfreundlichkeit, vom Kampf gegen Krieg, Kapitalismus und Nationalismus. Er strebte nach der Befreiung aller Menschen, nach einer gewaltfreien Welt. <\/span><span lang=\"de-DE\">M\u00f6ge uns sein Lebenswerk mahnen und motivieren: \u201eIch glaube an die Macht des Guten, wenn es auch den Anschein hat, als w\u00e4re sie g\u00e4nzlich aus den Herzen der Menschen vertrieben.\u201c (Fritz Oerter, 1914)<\/span><\/p>\n","protected":false},"excerpt":{"rendered":"<p>Den Gro\u00dfteil seines Lebens verbrachte er in F\u00fcrth. Fr\u00fch wandte er sich libert\u00e4ren Idealen zu, organisierte sich in anarchosyndikalistischen Gruppen und Kulturvereinigungen. Als Schriftsteller und politischer Kommentator hinterlie\u00df er ein umfangreiches Werk, das durch umfassendes Wissen, treffende Alltagsbeobachtungen und Analysen gl\u00e4nzt. Darin befasste er sich intensiv mit wirtschaftlichen und politischen Fragen, mit P\u00e4dagogik und Sexualit\u00e4t. &hellip; <a href=\"https:\/\/www.graswurzel.net\/gwr\/2019\/02\/gedenken-an-den-anarchosyndikalisten-und-kriegsgegner-fritz-oerter\/\">Weiterlesen<\/a><\/p>\n","protected":false},"author":502,"featured_media":0,"comment_status":"closed","ping_status":"closed","sticky":false,"template":"","format":"standard","meta":{"slim_seo":{"title":"Gedenken an den Anarchosyndikalisten und Kriegsgegner Fritz Oerter - graswurzelrevolution","description":"Den Gro\u00dfteil seines Lebens verbrachte er in F\u00fcrth. Fr\u00fch wandte er sich libert\u00e4ren Idealen zu, organisierte sich in anarchosyndikalistischen Gruppen und Kulturve"},"footnotes":""},"categories":[1023],"tags":[],"class_list":["post-19323","post","type-post","status-publish","format-standard","hentry","category-436-februar-2019"],"_links":{"self":[{"href":"https:\/\/www.graswurzel.net\/gwr\/wp-json\/wp\/v2\/posts\/19323","targetHints":{"allow":["GET"]}}],"collection":[{"href":"https:\/\/www.graswurzel.net\/gwr\/wp-json\/wp\/v2\/posts"}],"about":[{"href":"https:\/\/www.graswurzel.net\/gwr\/wp-json\/wp\/v2\/types\/post"}],"author":[{"embeddable":true,"href":"https:\/\/www.graswurzel.net\/gwr\/wp-json\/wp\/v2\/users\/502"}],"replies":[{"embeddable":true,"href":"https:\/\/www.graswurzel.net\/gwr\/wp-json\/wp\/v2\/comments?post=19323"}],"version-history":[{"count":0,"href":"https:\/\/www.graswurzel.net\/gwr\/wp-json\/wp\/v2\/posts\/19323\/revisions"}],"wp:attachment":[{"href":"https:\/\/www.graswurzel.net\/gwr\/wp-json\/wp\/v2\/media?parent=19323"}],"wp:term":[{"taxonomy":"category","embeddable":true,"href":"https:\/\/www.graswurzel.net\/gwr\/wp-json\/wp\/v2\/categories?post=19323"},{"taxonomy":"post_tag","embeddable":true,"href":"https:\/\/www.graswurzel.net\/gwr\/wp-json\/wp\/v2\/tags?post=19323"}],"curies":[{"name":"wp","href":"https:\/\/api.w.org\/{rel}","templated":true}]}}