{"id":1955,"date":"1998-05-01T00:00:19","date_gmt":"1998-04-30T22:00:19","guid":{"rendered":"http:\/\/test.graswurzel.net\/gwr\/?p=1955"},"modified":"2022-07-26T13:34:08","modified_gmt":"2022-07-26T11:34:08","slug":"gelobnix","status":"publish","type":"post","link":"https:\/\/www.graswurzel.net\/gwr\/1998\/05\/gelobnix\/","title":{"rendered":"Gel\u00f6bNIX!"},"content":{"rendered":"<p>Den Auftakt macht im Juni Mainz. Im Beisein von Kriegsminister R\u00fche findet dort am 4. Juni ein Rekrutengel\u00f6bnis statt &#8211; so zumindest die Planung der Bundeswehr. Von der \u00f6rtlichen DFG-VK und der Stadtzeitung Dichtung und Wahrheit wurde mittlerweile ein B\u00fcndnis initiiert, das Aktionen gegen das \u00f6ffentliche Gel\u00f6bnis organisiert. Die inhaltlichen Schwerpunkte der Aktionen sollen sich an vier Argumenten festmachen: der Umr\u00fcstung der Bundeswehr zur Interventionsarmee, ihrer nationalistischen und faschistischen Kontinuit\u00e4ten, den deutschen R\u00fcstungsexporten und Kriegsdienst als Zwangsdienst. Voraussichtlich wird es auch Beitr\u00e4ge zum Krieg in Kurdistan und zum Thema Frauen und Milit\u00e4r geben.<\/p>\n<p>Bisher ist vor allem eine Demonstration am Samstag vor dem Gel\u00f6bnis geplant. Diese wird am 30. Mai vormittags stattfinden. Weitere Aktionen sind in Vorbereitung.<\/p>\n<h3>Bremen, 9. Juni<\/h3>\n<p>Wenige Tage sp\u00e4ter ist Bremen an der Reihe. Zum ersten Mal seit dem 6. Mai 1980 soll es an diesem Tag in der Hansestadt ein \u00f6ffentliches Gel\u00f6bnis geben. Kriegsdienstverweigerer und Oberb\u00fcrgermeister Henning Scherff hat diesem Milit\u00e4rereignis bereits zugestimmt, obwohl es in seiner eigenen Partei starke Kritik gibt. Neben zahlreichen bekannten Pers\u00f6nlichkeiten der Hansestadt, die an die Stadt und die Bundeswehr appellieren, das Gel\u00f6bnis abzusagen, bereiten sich antimilitaristische Gruppen in der Stadt auf Protest- und Verhinderungsaktionen vor.<\/p>\n<p>In Bremen geht es dabei um mehr als um die blo\u00dfe Abhaltung einer milit\u00e4rischen Propagandashow. Am 6. Mai 1980 sollte in Bremen zum ersten Mal seit 1945 ein \u00f6ffentliches Gel\u00f6bnis im Weserstadion stattfinden. Dagegen mobilisierte ein breites B\u00fcndnis zu einer Demonstration, die mit schweren Auseinandersetzungen mit der Polizei endete. Gleichzeitig fanden im und am Weserstadion St\u00f6raktionen statt. Das Bremer Gel\u00f6bnis blieb bis zum Ende der 80er Jahre das einzige \u00f6ffentliche Gel\u00f6bnis der Bundeswehr &#8211; in Bremen selbst bis heute!<\/p>\n<p>Aus Sicht der Bremer antimilitaristischen Gruppen geht es daher am 9. Juni nicht nur um das Abfeiern der Bundeswehr. Mehr noch geht es um eine Machtdemonstration, da\u00df Pazifismus und Antimilitarismus in der BRD nicht mehr zu melden haben, sondern maximal noch ein kleines H\u00e4uflein von ExtremistInnen sind. Gelingt dies der Bundeswehr, so ist R\u00fche seinem Ziel, der Akzeptanz der Bundeswehr in der \u00d6ffentlichkeit, einen gro\u00dfen Schritt n\u00e4her gekommen. Bremen hat also auch \u00fcberregional entscheidenden Symbolwert. In Bremen soll es daher nicht nur eine Demonstration am Tag des Gel\u00f6bnisses geben, gewaltfreie Gruppen bereite auch direkte Aktionen vor, die das Gel\u00f6bnis undurchf\u00fchrbar machen sollen.<\/p>\n<h3>Berlin, 10. Juni<\/h3>\n<p>Schon am n\u00e4chsten Tag ist die Hauptstadt dran. Urspr\u00fcnglich sollte es am 13. August stattfinden, doch die breite Kritik, die sich im wesentlichen auf den symboltr\u00e4chtigen Termin konzentrierte (der 13. August ist der Tag des Mauerbaus), hatte zu einer Vorverlegung auf den 10. Juni gef\u00fchrt.<\/p>\n<p>Das erste und bisher letzte Gel\u00f6bnis in Berlin, 1996 am Schlo\u00df Charlottenburg durchgef\u00fchrt, geriet im wesentlichen zu einer Demonstration polizeilicher Macht. Das jetzige Gel\u00f6bnis wird erneut zum Pr\u00fcfstein f\u00fcr die Hauptstadtf\u00e4higkeit Berlins hochstilisiert, und Gel\u00f6bnisgegnerInnen werden bereits als &#8218;P\u00f6bel&#8216; diffamiert. Damit bereitet General a.D. Innensenator Sch\u00f6nbohm bereits jetzt massive Polizeima\u00dfnamen vor. Die Berliner Kampagne gegen Wehrpflicht, Zwangsdienste und Milit\u00e4r l\u00e4\u00dft sich davon aber nicht einsch\u00fcchtern und ruft zu Gegenaktionen auf.<\/p>\n<h3>Guben\/Gubin, 15. Juni<\/h3>\n<p>Ein &#8211; oder besser zwei &#8211; Gel\u00f6bnis(se) der besonderen Art findet am 15. Juni statt. In Guben auf der deutschen Seite der Grenze soll unter Beteiligung polnischer Soldaten ein Gel\u00f6bnis stattfinden, gleichzeitig in Gubin auf der polnischen Seite eines unter Beteiligung deutscher Soldaten. Damit soll &#8211; so Kriegsminister R\u00fche &#8211; die Einbeziehung Polens in die NATO unterstrichen werden.<\/p>\n<p>Schon vor der offiziellen NATO-Mitgliedschaft gibt es mit Polen zahlreiche Kooperationen. 400 polnische Soldaten sind an der NATO-Truppe in Bosnien beteiligt, mehr als 1000 polnische Offiziere wurden bereits in NATO-L\u00e4ndern ausgebildet. Ebenfalls im Vorgriff auf den NATO-Beitritt wurde bereits eine Truppenpartnerschaft zwischen d\u00e4nischen, polnischen und deutschen Truppen besiegelt, die ab dem 1.1.99 ein multinationales Korps mit Sitz in Stettin bilden werden.<\/p>\n<p>Bisher ist wenig \u00fcber geplante Aktionen gegen dieses deutsch-polnische Gel\u00f6bnis bekannt. Bleibt zu hoffen, da\u00df auf antimilitaristischer Ebene eine deutsch-polnische Partnerschaft etabliert werden kann, die dem &#8222;Jugendaustausch in Uniform\u201d (R\u00fche) etwas entgegensetzt.<\/p>\n","protected":false},"excerpt":{"rendered":"<p>Den Auftakt macht im Juni Mainz. Im Beisein von Kriegsminister R\u00fche findet dort am 4. Juni ein Rekrutengel\u00f6bnis statt &#8211; so zumindest die Planung der Bundeswehr. Von der \u00f6rtlichen DFG-VK und der Stadtzeitung Dichtung und Wahrheit wurde mittlerweile ein B\u00fcndnis initiiert, das Aktionen gegen das \u00f6ffentliche Gel\u00f6bnis organisiert. Die inhaltlichen Schwerpunkte der Aktionen sollen sich &hellip; <a href=\"https:\/\/www.graswurzel.net\/gwr\/1998\/05\/gelobnix\/\">Weiterlesen<\/a><\/p>\n","protected":false},"author":1,"featured_media":0,"comment_status":"closed","ping_status":"closed","sticky":false,"template":"","format":"standard","meta":{"slim_seo":{"title":"Gel\u00f6bNIX! - graswurzelrevolution","description":"Den Auftakt macht im Juni Mainz. Im Beisein von Kriegsminister R\u00fche findet dort am 4. Juni ein Rekrutengel\u00f6bnis statt - so zumindest die Planung der Bundeswehr."},"footnotes":""},"categories":[141,1025],"tags":[],"class_list":["post-1955","post","type-post","status-publish","format-standard","hentry","category-229-mai-1998","category-die-waffen-nieder"],"_links":{"self":[{"href":"https:\/\/www.graswurzel.net\/gwr\/wp-json\/wp\/v2\/posts\/1955","targetHints":{"allow":["GET"]}}],"collection":[{"href":"https:\/\/www.graswurzel.net\/gwr\/wp-json\/wp\/v2\/posts"}],"about":[{"href":"https:\/\/www.graswurzel.net\/gwr\/wp-json\/wp\/v2\/types\/post"}],"author":[{"embeddable":true,"href":"https:\/\/www.graswurzel.net\/gwr\/wp-json\/wp\/v2\/users\/1"}],"replies":[{"embeddable":true,"href":"https:\/\/www.graswurzel.net\/gwr\/wp-json\/wp\/v2\/comments?post=1955"}],"version-history":[{"count":0,"href":"https:\/\/www.graswurzel.net\/gwr\/wp-json\/wp\/v2\/posts\/1955\/revisions"}],"wp:attachment":[{"href":"https:\/\/www.graswurzel.net\/gwr\/wp-json\/wp\/v2\/media?parent=1955"}],"wp:term":[{"taxonomy":"category","embeddable":true,"href":"https:\/\/www.graswurzel.net\/gwr\/wp-json\/wp\/v2\/categories?post=1955"},{"taxonomy":"post_tag","embeddable":true,"href":"https:\/\/www.graswurzel.net\/gwr\/wp-json\/wp\/v2\/tags?post=1955"}],"curies":[{"name":"wp","href":"https:\/\/api.w.org\/{rel}","templated":true}]}}