{"id":19573,"date":"2019-05-06T22:17:20","date_gmt":"2019-05-06T20:17:20","guid":{"rendered":"https:\/\/www.graswurzel.net\/gwr\/?p=19573"},"modified":"2019-05-15T00:28:55","modified_gmt":"2019-05-14T22:28:55","slug":"v-anarchistische-buchmesse-mannheim","status":"publish","type":"post","link":"https:\/\/www.graswurzel.net\/gwr\/2019\/05\/v-anarchistische-buchmesse-mannheim\/","title":{"rendered":""},"content":{"rendered":"<h2 style=\"text-align: center;\" align=\"justify\">V. Anarchistische Buchmesse Mannheim<\/h2>\n<h2 align=\"justify\"><\/h2>\n<h2 style=\"text-align: center;\" align=\"justify\"><span lang=\"de-DE\">Bald geht\u2019s los! <\/span><\/h2>\n<blockquote>\n<p style=\"text-align: center;\" align=\"justify\"><span lang=\"de-DE\">Vom 10. bis 12. Mai 2019 findet die f\u00fcnfte Anarchistische Buchmesse Mannheim im Jugendkulturzentrum forum statt.<\/span><\/p>\n<\/blockquote>\n<p align=\"justify\"><span lang=\"de-DE\">Der positive Zuspruch des Publikums, der Verlage, der Ausstellenden und Referent*innen haben uns darin best\u00e4tigt, die zweij\u00e4hrig stattfindende Messe erneut durchzuf\u00fchren.<\/span><\/p>\n<p align=\"justify\"><span lang=\"de-DE\">Wir freuen uns, dass wieder zahlreiche libert\u00e4re Verlage auf der Buchmesse vertreten sein werden. Einige sind erstmals dabei. Wie in den Vorjahren werden auch diesmal wieder 24 Lesungen und Vortr\u00e4ge angeboten. Mit der Buchmesse wollen wir dazu beitragen, die Vielfalt des Anarchismus darzustellen. In den Referaten werden aus unterschiedlichen antiautorit\u00e4ren, libert\u00e4ren und anarchistischen Richtungen Positionen bezogen und zur Diskussion gestellt. Dar\u00fcber hinaus berichten Aktivist*innen von ihren aktuellen K\u00e4mpfen und gesellschaftlichen Auseinandersetzungen.<\/span><\/p>\n<p align=\"justify\"><span lang=\"de-DE\">Am Freitagabend beginnt die Buchmesse mit einem politischen Film: subversiv, anarchistisch, erz\u00e4hlt mit Augenzwinkern. F\u00fcr den Samstagabend haben wir uns etwas Neues ausgedacht: Wir kooperieren mit befreundeten selbstverwalteten Strukturen im Viertel, die das kulturelle Rahmenprogramm f\u00fcr Euch gestalten. Wie immer ist die Messe barrierefrei zu erreichen. Au\u00dferdem werden fairer Kaffee und vegane Gerichte angeboten. \u00dcbernachtungsm\u00f6glichkeiten gibt es auf der Schlafplatzb\u00f6rse. Der Eintritt f\u00fcr die Buchmesse ist frei. Messe und K\u00fcchenkollektiv werden \u00fcber Spenden finanziert, deshalb lassen wir in jeder Veranstaltung eine Spendendose rumgehen. Wir freuen uns Euch zu sehen! Freiheit und Gl\u00fcck!<\/span><\/p>\n<p align=\"right\"><strong><span lang=\"de-DE\">Anarchistische Gruppe Mannheim<\/span><\/strong><\/p>\n<p align=\"justify\">\n","protected":false},"excerpt":{"rendered":"<p>V. Anarchistische Buchmesse Mannheim Bald geht\u2019s los! Vom 10. bis 12. Mai 2019 findet die f\u00fcnfte Anarchistische Buchmesse Mannheim im Jugendkulturzentrum forum statt. Der positive Zuspruch des Publikums, der Verlage, der Ausstellenden und Referent*innen haben uns darin best\u00e4tigt, die zweij\u00e4hrig stattfindende Messe erneut durchzuf\u00fchren. Wir freuen uns, dass wieder zahlreiche libert\u00e4re Verlage auf der Buchmesse &hellip; <a href=\"https:\/\/www.graswurzel.net\/gwr\/2019\/05\/v-anarchistische-buchmesse-mannheim\/\">Weiterlesen<\/a><\/p>\n","protected":false},"author":502,"featured_media":20172,"comment_status":"closed","ping_status":"closed","sticky":false,"template":"","format":"standard","meta":{"slim_seo":{"title":"graswurzelrevolution","description":"V. Anarchistische Buchmesse Mannheim Bald geht\u2019s los! Vom 10. bis 12. Mai 2019 findet die f\u00fcnfte Anarchistische Buchmesse Mannheim im Jugendkulturzentrum forum"},"footnotes":""},"categories":[1024,1042],"tags":[],"class_list":["post-19573","post","type-post","status-publish","format-standard","has-post-thumbnail","hentry","category-437-maerz-2019","category-ohne-chef-und-staat"],"_links":{"self":[{"href":"https:\/\/www.graswurzel.net\/gwr\/wp-json\/wp\/v2\/posts\/19573","targetHints":{"allow":["GET"]}}],"collection":[{"href":"https:\/\/www.graswurzel.net\/gwr\/wp-json\/wp\/v2\/posts"}],"about":[{"href":"https:\/\/www.graswurzel.net\/gwr\/wp-json\/wp\/v2\/types\/post"}],"author":[{"embeddable":true,"href":"https:\/\/www.graswurzel.net\/gwr\/wp-json\/wp\/v2\/users\/502"}],"replies":[{"embeddable":true,"href":"https:\/\/www.graswurzel.net\/gwr\/wp-json\/wp\/v2\/comments?post=19573"}],"version-history":[{"count":0,"href":"https:\/\/www.graswurzel.net\/gwr\/wp-json\/wp\/v2\/posts\/19573\/revisions"}],"wp:featuredmedia":[{"embeddable":true,"href":"https:\/\/www.graswurzel.net\/gwr\/wp-json\/wp\/v2\/media\/20172"}],"wp:attachment":[{"href":"https:\/\/www.graswurzel.net\/gwr\/wp-json\/wp\/v2\/media?parent=19573"}],"wp:term":[{"taxonomy":"category","embeddable":true,"href":"https:\/\/www.graswurzel.net\/gwr\/wp-json\/wp\/v2\/categories?post=19573"},{"taxonomy":"post_tag","embeddable":true,"href":"https:\/\/www.graswurzel.net\/gwr\/wp-json\/wp\/v2\/tags?post=19573"}],"curies":[{"name":"wp","href":"https:\/\/api.w.org\/{rel}","templated":true}]}}