{"id":19854,"date":"2019-03-26T01:50:26","date_gmt":"2019-03-25T23:50:26","guid":{"rendered":"https:\/\/www.graswurzel.net\/gwr\/?p=19854"},"modified":"2019-03-27T20:58:13","modified_gmt":"2019-03-27T18:58:13","slug":"kampf-um-die-gruene-lunge-2","status":"publish","type":"post","link":"https:\/\/www.graswurzel.net\/gwr\/2019\/03\/kampf-um-die-gruene-lunge-2\/","title":{"rendered":"Kampf um die gr\u00fcne Lunge"},"content":{"rendered":"<p>Das &#8222;Medienkollektiv Frankfurt&#8220; dokumentiert weiter den Kampf der Frankfurter gegen die Betonierung der letzten gr\u00fcnen Fl\u00e4chen der Stadt:<\/p>\n<p>&#8222;Nach einer gemeinsamen Demonstration von &#8222;Climate Justice FFM Rhein-Main&#8220; und der &#8222;BI Gr\u00fcne Lunge&#8220; haben die ersten Aufr\u00e4um- und Umbauarbeiten in der Gr\u00fcnen Lunge begonnen. Wir sprechen mit den Aktivist*innen Feli (Climate Justice FFM Rhein-Main) &amp; Alexis J. Passadakis (Attac Frankfurt) \u00fcber die n\u00e4chsten Schritte zur Verteidigung der Gr\u00fcnen Lunge gegen Bauwahnsinn und Investoreninteressen und \u00fcber alternative Ideen f\u00fcr die Weiter- und Umnutzung des Gr\u00fcngebietes im Frankfurter Nordend.&#8220;<\/p>\n<p>&nbsp;<\/p>\n<p><iframe loading=\"lazy\" src=\"https:\/\/www.youtube.com\/embed\/oZoe6CifJ6k\" width=\"100%\" height=\"315\" frameborder=\"0\" allowfullscreen=\"allowfullscreen\"><\/iframe><\/p>\n<p>Quelle: <a href=\"https:\/\/www.youtube.com\/watch?v=oZoe6CifJ6k&amp;feature=youtu.be\">Youtube<\/a><\/p>\n","protected":false},"excerpt":{"rendered":"<p>Das &#8222;Medienkollektiv Frankfurt&#8220; dokumentiert weiter den Kampf der Frankfurter gegen die Betonierung der letzten gr\u00fcnen Fl\u00e4chen der Stadt: &#8222;Nach einer gemeinsamen Demonstration von &#8222;Climate Justice FFM Rhein-Main&#8220; und der &#8222;BI Gr\u00fcne Lunge&#8220; haben die ersten Aufr\u00e4um- und Umbauarbeiten in der Gr\u00fcnen Lunge begonnen. Wir sprechen mit den Aktivist*innen Feli (Climate Justice FFM Rhein-Main) &amp; Alexis &hellip; <a href=\"https:\/\/www.graswurzel.net\/gwr\/2019\/03\/kampf-um-die-gruene-lunge-2\/\">Weiterlesen<\/a><\/p>\n","protected":false},"author":499,"featured_media":19862,"comment_status":"closed","ping_status":"closed","sticky":false,"template":"","format":"standard","meta":{"slim_seo":{"title":"Kampf um die gr\u00fcne Lunge - graswurzelrevolution","description":"Das \"Medienkollektiv Frankfurt\" dokumentiert weiter den Kampf der Frankfurter gegen die Betonierung der letzten gr\u00fcnen Fl\u00e4chen der Stadt: \"Nach einer gemeinsame"},"footnotes":""},"categories":[12,26,1029],"tags":[],"class_list":["post-19854","post","type-post","status-publish","format-standard","has-post-thumbnail","hentry","category-news","category-okologie","category-prima-klima"],"_links":{"self":[{"href":"https:\/\/www.graswurzel.net\/gwr\/wp-json\/wp\/v2\/posts\/19854","targetHints":{"allow":["GET"]}}],"collection":[{"href":"https:\/\/www.graswurzel.net\/gwr\/wp-json\/wp\/v2\/posts"}],"about":[{"href":"https:\/\/www.graswurzel.net\/gwr\/wp-json\/wp\/v2\/types\/post"}],"author":[{"embeddable":true,"href":"https:\/\/www.graswurzel.net\/gwr\/wp-json\/wp\/v2\/users\/499"}],"replies":[{"embeddable":true,"href":"https:\/\/www.graswurzel.net\/gwr\/wp-json\/wp\/v2\/comments?post=19854"}],"version-history":[{"count":0,"href":"https:\/\/www.graswurzel.net\/gwr\/wp-json\/wp\/v2\/posts\/19854\/revisions"}],"wp:featuredmedia":[{"embeddable":true,"href":"https:\/\/www.graswurzel.net\/gwr\/wp-json\/wp\/v2\/media\/19862"}],"wp:attachment":[{"href":"https:\/\/www.graswurzel.net\/gwr\/wp-json\/wp\/v2\/media?parent=19854"}],"wp:term":[{"taxonomy":"category","embeddable":true,"href":"https:\/\/www.graswurzel.net\/gwr\/wp-json\/wp\/v2\/categories?post=19854"},{"taxonomy":"post_tag","embeddable":true,"href":"https:\/\/www.graswurzel.net\/gwr\/wp-json\/wp\/v2\/tags?post=19854"}],"curies":[{"name":"wp","href":"https:\/\/api.w.org\/{rel}","templated":true}]}}