{"id":19989,"date":"2019-04-12T09:46:52","date_gmt":"2019-04-12T07:46:52","guid":{"rendered":"https:\/\/www.graswurzel.net\/gwr\/?p=19989"},"modified":"2019-04-12T09:53:49","modified_gmt":"2019-04-12T07:53:49","slug":"die-polizei-in-ihrem-lauf","status":"publish","type":"post","link":"https:\/\/www.graswurzel.net\/gwr\/2019\/04\/die-polizei-in-ihrem-lauf\/","title":{"rendered":"Die Polizei in ihrem Lauf"},"content":{"rendered":"<p>Die Filmemacher schreiben zu ihrem neuen Clip:<\/p>\n<p>&#8222;Der 15 M\u00e4rz war der internationale Tag gegen Polizeigewalt. Ob durch pr\u00fcgelnde Polizist*innen, Todessch\u00fcsse, unterlassene Hilfestellung oder institutionalisierte Gewalt. Polizeigewalt findet t\u00e4glich statt, in Deutschland und anderswo. Ins Visier geraten vorrangig Migrant*innen, Queers, Roma, Sexarbeiter*innen und schwarze Menschen, die regelm\u00e4\u00dfig Dem\u00fctigungen \u00fcber sich ergehen lassen m\u00fcssen, wie z.B. das Racial Profiling, bei denen verdachtsunabh\u00e4ngige Polizeikontrollen lediglich aufgrund \u00e4u\u00dferlicher Merkmale durchgef\u00fchrt werden. Aber auch der NSU Skandal zeigt wie tief Rassismus institutionell verankert ist. Dieser spiegelt sich wieder in der Anwendung von Gesetzen und der Anwendung von Gewalt seitens der Beh\u00f6rden und der Polizei. Wir haben mit Siraad von der Initiative schwarzer Menschen (ISD) \u00fcber Polizeigewalt und institutionellen Rassismus gesprochen und waren auf der Demo gegen Polizeigewalt am 15 M\u00e4rz.&#8220;<\/p>\n<p><iframe src=\"https:\/\/www.youtube.com\/embed\/_fsz6xoNrJk\" width=100% height=\"315\" frameborder=\"0\" allowfullscreen=\"allowfullscreen\"><\/iframe><\/p>\n","protected":false},"excerpt":{"rendered":"<p>Die Filmemacher schreiben zu ihrem neuen Clip: &#8222;Der 15 M\u00e4rz war der internationale Tag gegen Polizeigewalt. Ob durch pr\u00fcgelnde Polizist*innen, Todessch\u00fcsse, unterlassene Hilfestellung oder institutionalisierte Gewalt. Polizeigewalt findet t\u00e4glich statt, in Deutschland und anderswo. Ins Visier geraten vorrangig Migrant*innen, Queers, Roma, Sexarbeiter*innen und schwarze Menschen, die regelm\u00e4\u00dfig Dem\u00fctigungen \u00fcber sich ergehen lassen m\u00fcssen, wie z.B. &hellip; <a href=\"https:\/\/www.graswurzel.net\/gwr\/2019\/04\/die-polizei-in-ihrem-lauf\/\">Weiterlesen<\/a><\/p>\n","protected":false},"author":499,"featured_media":19991,"comment_status":"closed","ping_status":"closed","sticky":false,"template":"","format":"standard","meta":{"slim_seo":{"title":"Die Polizei in ihrem Lauf - graswurzelrevolution","description":"Die Filmemacher schreiben zu ihrem neuen Clip: \"Der 15 M\u00e4rz war der internationale Tag gegen Polizeigewalt. Ob durch pr\u00fcgelnde Polizist*innen, Todessch\u00fcsse, unt"},"footnotes":""},"categories":[12],"tags":[],"class_list":["post-19989","post","type-post","status-publish","format-standard","has-post-thumbnail","hentry","category-news"],"_links":{"self":[{"href":"https:\/\/www.graswurzel.net\/gwr\/wp-json\/wp\/v2\/posts\/19989","targetHints":{"allow":["GET"]}}],"collection":[{"href":"https:\/\/www.graswurzel.net\/gwr\/wp-json\/wp\/v2\/posts"}],"about":[{"href":"https:\/\/www.graswurzel.net\/gwr\/wp-json\/wp\/v2\/types\/post"}],"author":[{"embeddable":true,"href":"https:\/\/www.graswurzel.net\/gwr\/wp-json\/wp\/v2\/users\/499"}],"replies":[{"embeddable":true,"href":"https:\/\/www.graswurzel.net\/gwr\/wp-json\/wp\/v2\/comments?post=19989"}],"version-history":[{"count":0,"href":"https:\/\/www.graswurzel.net\/gwr\/wp-json\/wp\/v2\/posts\/19989\/revisions"}],"wp:featuredmedia":[{"embeddable":true,"href":"https:\/\/www.graswurzel.net\/gwr\/wp-json\/wp\/v2\/media\/19991"}],"wp:attachment":[{"href":"https:\/\/www.graswurzel.net\/gwr\/wp-json\/wp\/v2\/media?parent=19989"}],"wp:term":[{"taxonomy":"category","embeddable":true,"href":"https:\/\/www.graswurzel.net\/gwr\/wp-json\/wp\/v2\/categories?post=19989"},{"taxonomy":"post_tag","embeddable":true,"href":"https:\/\/www.graswurzel.net\/gwr\/wp-json\/wp\/v2\/tags?post=19989"}],"curies":[{"name":"wp","href":"https:\/\/api.w.org\/{rel}","templated":true}]}}