{"id":1999,"date":"1998-05-01T00:00:32","date_gmt":"1998-04-30T22:00:32","guid":{"rendered":"http:\/\/test.graswurzel.net\/gwr\/?p=1999"},"modified":"2022-07-26T14:26:31","modified_gmt":"2022-07-26T12:26:31","slug":"demo-gegen-franzosisches-endlager-fur-atommull","status":"publish","type":"post","link":"https:\/\/www.graswurzel.net\/gwr\/1998\/05\/demo-gegen-franzosisches-endlager-fur-atommull\/","title":{"rendered":"Demo gegen franz\u00f6sisches Endlager f\u00fcr Atomm\u00fcll"},"content":{"rendered":"<p>(GWR-S\u00fcd) Frankreich sei, so hei\u00dft es im europaweiten Aufruf franz\u00f6sischer Anti-AKW-Gruppen, &#8222;Weltmeister f\u00fcr Atomwaffen und -strom und hat die sogenannte Entsorgung seines Atomm\u00fclls 400 m unterirdisch geplant.&#8220; Seit den f\u00fcnfziger Jahren wurde in Frankreich auf Atomwaffen zur Abschreckung im Kalten Krieg gesetzt (force de frappe), seit Ende der sechziger Jahre auf den massiven Ausbau von Atomkraftwerken. Seit mehr als 30 Jahren wird also Atomm\u00fcll aller Kategorien hergestellt, doch bis heute hat die Atomindustrie das Entsorgungsproblem ignoriert. Bisher wird die Wiederaufbereitungsanlage La Hague gleichzeitig als Zwischenlager benutzt, wobei der Atomm\u00fcll oberirdisch in Betonf\u00e4ssern gelagert wird. Das Provisorium dieser Lagerung f\u00e4llt offen ins Auge. Im Jahr 1998 soll nun die Entscheidung \u00fcber drei neue Endlager f\u00fcr hochradioaktiven M\u00fcll fallen.<\/p>\n<p>Seit 1986 hat der franz\u00f6sische Staat Orte f\u00fcr ein Endlager gesucht. Aufgrund von Protesten wurden die Pl\u00e4ne zun\u00e4chst verschoben, bis ein Gesetz vom Dezember 1991 Bodenstudien in drei Gegenden in Auftrag gab: in der Region Gard im S\u00fcdosten Frankreichs, der Region Vienne im Westen und im Nordosten (Haute-Marne, Meuse, Vogesen). Zu dieser Zeit wurde noch von geplanten Forschungslabors gesprochen, der politische Wille, dort Endlager durchzusetzen wurde verheimlicht. Trotzdem begann f\u00fcr die franz\u00f6sische Anti-AKW-Bewegung, die sich nach der &#8211; fast milit\u00e4risch zu nennenden &#8211; Niederlage von Malville 1997 nie wieder so richtig erholt hatte, ein neues Kapitel des Protests und Widerstandes. Mittels massiver finanzieller Mittelzuwendungen an die Gemeinden und kommunale PolitikerInnen, durch den Kauf von Grund und Immobilien lie\u00df die ANDRA (Agence Nationale de gestion des d\u00e9chets radionactifs) auch keinen Zweifel daran, das Projekt um jeden Preis durchsetzen zu wollen.<\/p>\n<p>Seit 1994 fanden in den angegebenen Regionen Probebohrungen f\u00fcr ein unterirdisches Endlager statt, 1997 fanden \u00f6ffentliche Anh\u00f6rungen statt, die Bauarbeiten sollen noch 1998 beginnen und bis 2001 dauern. Doch schon ein Jahr vorher hatten sich Protestgruppen aus den betroffenen Regionen gebildet und mit alten, \u00fcbriggebliebenen Anti-AKW-Gruppen zu einer Nationalen Koordination gegen die Endlagerung (Coordination Nationale des Collectifs contre l\u2019Enfouissement des d\u00e9chets radioactifs) zusammengeschlossen. Zun\u00e4chst versuchten sie, die \u00d6ffentlichkeit zu informieren und eine Sensibilisierung f\u00fcr das Problem herzustellen. Dann gab es erste lokale Veranstaltungen und Kundgebungen. Gleichzeitig wurde der Weg des Appells an lokale oder \u00fcberregionale PolitikerInnen sowie des juristischen Einspruchs beschritten. Bisher blieb alles ohne durchschlagenden Erfolg. Doch die Mobilisierung gegen die Endlagerpl\u00e4ne nimmt zu. 1995 demonstrierten im franz\u00f6sischen Nordosten noch 3 000 Menschen, 1997 schon 30 000. In diesem Jahr soll nun eine europaweite Massendemonstration der Regierung zeigen, da\u00df sie mit massivem Widerstand rechnen mu\u00df, wenn sie ihre Pl\u00e4ne durchziehen will.<\/p>\n<p>Die gesetzliche Grundlage f\u00fcr neue Endlager wird im Jahre 1998 beschlossen werden. Diese Endlager haben auch eine Signalwirkung f\u00fcr die gesamte europ\u00e4ische Atomindustrie und den Willen, an der Atomenergie festzuhalten, ja sie auszubauen. Das Problem der Atomenergie und des Atomm\u00fclls, so wissen die VeranstalterInnen, ist kein national franz\u00f6sisches, sondern ein internationales Problem, das heute vor allem in den europ\u00e4ischen Erzeugerl\u00e4ndern entschieden wird. Der Europ\u00e4isierung der Atomindustrie soll nun die Europ\u00e4isierung des Widerstands entgegengesetzt werden. Deswegen rufen die franz\u00f6sischen Initiativen f\u00fcr den 30.\/31. Mai 1998 zu einem europ\u00e4ischen Widerstandswochenende im franz\u00f6sischen Nordosten auf. Am 30.5. findet in Neufch\u00e2teau\/Vogesen ein Fest und ein gro\u00dfes Solidarit\u00e4tskonzert statt, am 31.5. wird im nahegelegenen D\u00f6rfchen Bure, dem designierten Endlagerort, die europ\u00e4ische Gro\u00dfdemo stattfinden.<\/p>\n","protected":false},"excerpt":{"rendered":"<p>(GWR-S\u00fcd) Frankreich sei, so hei\u00dft es im europaweiten Aufruf franz\u00f6sischer Anti-AKW-Gruppen, &#8222;Weltmeister f\u00fcr Atomwaffen und -strom und hat die sogenannte Entsorgung seines Atomm\u00fclls 400 m unterirdisch geplant.&#8220; Seit den f\u00fcnfziger Jahren wurde in Frankreich auf Atomwaffen zur Abschreckung im Kalten Krieg gesetzt (force de frappe), seit Ende der sechziger Jahre auf den massiven Ausbau von &hellip; <a href=\"https:\/\/www.graswurzel.net\/gwr\/1998\/05\/demo-gegen-franzosisches-endlager-fur-atommull\/\">Weiterlesen<\/a><\/p>\n","protected":false},"author":1,"featured_media":0,"comment_status":"closed","ping_status":"closed","sticky":false,"template":"","format":"standard","meta":{"slim_seo":{"title":"Demo gegen franz\u00f6sisches Endlager f\u00fcr Atomm\u00fcll - graswurzelrevolution","description":"(GWR-S\u00fcd) Frankreich sei, so hei\u00dft es im europaweiten Aufruf franz\u00f6sischer Anti-AKW-Gruppen, \"Weltmeister f\u00fcr Atomwaffen und -strom und hat die sogenannte Entso"},"footnotes":""},"categories":[141,1039,1027],"tags":[],"class_list":["post-1999","post","type-post","status-publish","format-standard","hentry","category-229-mai-1998","category-quergestellt","category-wir-sind-nicht-alleine"],"_links":{"self":[{"href":"https:\/\/www.graswurzel.net\/gwr\/wp-json\/wp\/v2\/posts\/1999","targetHints":{"allow":["GET"]}}],"collection":[{"href":"https:\/\/www.graswurzel.net\/gwr\/wp-json\/wp\/v2\/posts"}],"about":[{"href":"https:\/\/www.graswurzel.net\/gwr\/wp-json\/wp\/v2\/types\/post"}],"author":[{"embeddable":true,"href":"https:\/\/www.graswurzel.net\/gwr\/wp-json\/wp\/v2\/users\/1"}],"replies":[{"embeddable":true,"href":"https:\/\/www.graswurzel.net\/gwr\/wp-json\/wp\/v2\/comments?post=1999"}],"version-history":[{"count":0,"href":"https:\/\/www.graswurzel.net\/gwr\/wp-json\/wp\/v2\/posts\/1999\/revisions"}],"wp:attachment":[{"href":"https:\/\/www.graswurzel.net\/gwr\/wp-json\/wp\/v2\/media?parent=1999"}],"wp:term":[{"taxonomy":"category","embeddable":true,"href":"https:\/\/www.graswurzel.net\/gwr\/wp-json\/wp\/v2\/categories?post=1999"},{"taxonomy":"post_tag","embeddable":true,"href":"https:\/\/www.graswurzel.net\/gwr\/wp-json\/wp\/v2\/tags?post=1999"}],"curies":[{"name":"wp","href":"https:\/\/api.w.org\/{rel}","templated":true}]}}