{"id":20041,"date":"2019-05-01T11:38:21","date_gmt":"2019-05-01T09:38:21","guid":{"rendered":"https:\/\/www.graswurzel.net\/gwr\/?p=20041"},"modified":"2019-05-06T01:32:26","modified_gmt":"2019-05-05T23:32:26","slug":"gesellschaft-im-aufbruch","status":"publish","type":"post","link":"https:\/\/www.graswurzel.net\/gwr\/2019\/05\/gesellschaft-im-aufbruch\/","title":{"rendered":"Gesellschaft im Aufbruch"},"content":{"rendered":"<h5 align=\"left\"><span lang=\"de-DE\">Liebe Leserinnen und Leser,<\/span><\/h5>\n<p align=\"justify\"><span lang=\"de-DE\">die Graswurzelrevolution sieht oft anders aus als auf den GWR-Herausgeber*innentreffen geplant. F\u00fcr diese Ausgabe hatten wir bei unserem Treffen in Kassel u.a. einen Schwerpunkt \u201eGentrifizierung und Mieter*innenk\u00e4mpfe\u201c eingeplant. Den haben wir realisiert und in dieser GWR findet Ihr Berichte aus Polen, Frankreich und Deutschland, die das Thema aus Bewegungsperspektive beleuchten. <\/span><span lang=\"de-DE\">Aufgrund aktueller Ereignisse haben wir kurzfristig auch einen weiteren Schwerpunkt \u2013 zum Thema \u201eRojava \u2013 und das Ende des IS?\u201c \u2013 ins Blatt genommen, was auch dem Gl\u00fccksfall geschuldet ist, dass \u201eunser Korrespondent\u201c, Michael Wilk, im April 2019 wieder als Arzt in Nordsyrien vor Ort war und einen einzigartigen Bericht f\u00fcr diese GWR geschrieben hat. <\/span><\/p>\n<p align=\"justify\"><span lang=\"de-DE\">Rojava (deutsch: Westkurdistan), das ist der Teil Kurdistans im Norden Syriens, in dem viele Menschen versuchen, eine basisdemokratische Gesellschaft jenseits von Zentralstaat und Diktatur zu organisieren. Wie schwer die Verwirklichung dieser kommunalistischen Utopie gerade in einem durch das Assad-Regime, IS und Patriarchat gepr\u00e4gten B\u00fcrgerkriegsland ist, macht auch der neue Dokumentarfilm von GWR-Autor Robert Krieg deutlich. Eine 45min\u00fctige Kurzfassung von \u201eExperiment Rojava in Syrien. Eine Gesellschaft im Aufbruch\u201c hat am 5. Mai 2019 um 23:15 Uhr auf Phoenix Premiere und wird von diesem Fernsehsender am 10. Mai um 2:15 Uhr wiederholt. Eine Langfassung des Films ist in Arbeit und wird voraussichtlich in der zweiten Jahresh\u00e4lfte in die Programmkinos kommen.<\/span><\/p>\n<p align=\"justify\"><span lang=\"de-DE\">Im Pressetext zur Filmpremiere hei\u00dft es: \u201eSyrien, das ist seit Jahren der Inbegriff von blutigem B\u00fcrgerkrieg, IS-Terror und Stellvertreterkrieg der M\u00e4chte im Ringen um Einfluss im Mittleren Osten. Aber die notleidende syrische Bev\u00f6lkerung floh nicht nur nach Europa, viele Menschen fanden auch innerhalb des Landes Zuflucht: im Norden Syriens, in der Region Rojava, an der Grenze zur T\u00fcrkei. Hier leben Kurden, Araber, Aram\u00e4er und Syrer friedlich zusammen, seien es Muslime, Jesiden oder Christen. Oberste Prinzipien sind autonome Selbstverwaltung, Frauenemanzipation, Schutz und Beteiligung von Minderheiten und religi\u00f6se Toleranz. Diese Grunds\u00e4tze sind in einer Art Verfassung, dem sog. Gesellschaftsvertrag, niedergelegt.\u201c<\/span><\/p>\n<p align=\"justify\"><span lang=\"de-DE\">Robert Krieg geht aus der Graswurzelperspektive der Frage nach, ob die Selbstverwaltung und Frauenbefreiung in Rojava auch in der Praxis funktionieren. Wie kann es gelingen, jahrhundertealte Gesellschaftsstrukturen und Geschlechterbeziehungen aufzubrechen, die noch von traditionellen, archaischen Handlungsmustern gepr\u00e4gt sind? <\/span><span lang=\"de-DE\">Wie schon bei den Filmen \u201eNewo Ziro \u2013 Neue Zeit\u201c (2012) und \u201eDesert Inspiration\u201c (2015) l\u00e4sst der Soziologe vor allem \u201eeinfache Leute\u201c zu Wort kommen und schickt uns mit Hilfe der selbst gemachten Musik seiner Protagonist*innen auf eine kulturell und atmosph\u00e4risch bewegende Reise.<\/span><\/p>\n<p align=\"justify\"><span lang=\"de-DE\">Diesmal stehen Menschen, die das sozialpolitische Experiment der Demokratie von unten tragen und voranbringen wollen, im Mittelpunkt. In der westkurdischen Kleinstadt Am\u00fbd\u00ea, die haupts\u00e4chlich von der Landwirtschaft lebt, begleiten der Filmemacher und sein \u00dcbersetzer Sitzungen von Stadtteilkomitees, besuchen eine Textilmanufaktur und eine Ladenkooperative. Besonders aktiv sind die selbstbewussten Kurdinnen, die ihre neu gewonnenen Rechte nutzen, aber auch immer noch unter patriarchalischer und h\u00e4uslicher Gewalt zu leiden haben. Die Frauen bringen sich politisch und unentgeltlich in die kommunale Selbstverwaltung ein. Andere Kurdinnen machen sich wirtschaftlich unabh\u00e4ngig durch selbst geschaffene Arbeitspl\u00e4tze: \u201eWir stehen unsere Frau gegen alle Anfeindungen.\u201c Die Interviewten betonen, dass der Schutz vor dem IS und die Verwirklichung von Freiheit, Sicherheit und Stabilit\u00e4t zu den wichtigsten Aufgaben der basisdemokratischen Selbstverwaltung z\u00e4hlen. \u201eDirekte Demokratie und Zentralismus passen nicht zusammen. Basisdemokratie braucht Raum f\u00fcr Vielfalt\u201c, fasst ein \u00e4lterer Dorfbewohner seine Position zusammen. Noch stehe vieles am Anfang und m\u00fcsse erst erk\u00e4mpft werden, aber auch viele M\u00e4nner unterst\u00fctzen mittlerweile die Frauen und tragen so zum Aufbrechen patriarchalischer Denkweisen bei, \u201eum gemeinsam dem gesellschaftspolitischen Ideal der Basisdemokratie n\u00e4herzukommen\u201c. <\/span><\/p>\n<p align=\"justify\"><span lang=\"de-DE\">Probleme und Widerspr\u00fcchlichkeiten werden in diesem Film nicht ausgeklammert. Der Kriegsdienstzwang wird leider nur kurz angedeutet, als ein kurdischer Student erz\u00e4hlt, dass er sowohl f\u00fcr die syrische Armee als auch f\u00fcr die kurdischen YPG-Einheiten seine \u201eWehrpflicht\u201c leisten soll. <\/span><span lang=\"de-DE\">Der auch in Rojava weit verbreitete Personenkult um den inhaftierten PKK-Vorsitzenden Abdullah \u00d6calan wird in diesem Film nicht thematisiert. <\/span><span lang=\"de-DE\">Das h\u00e4tte angesichts der K\u00fcrze des Films auch den Rahmen gesprengt. Ich freue mich auf die Langfassung dieses gelungenen Dokumentarfilms, den ich Euch hiermit ans Herz legen m\u00f6chte.<\/span><\/p>\n<h5 align=\"justify\"><span lang=\"de-DE\">Neues aus dem Hause Graswurzelrevolution<\/span><\/h5>\n<p align=\"justify\"><span lang=\"de-DE\">GWR-Mitherausgeberin C\u00e9cile Lecomte ist wieder frei! Siehe dazu den nebenstehenden Artikel. <\/span><span lang=\"de-DE\">Auch die Abr\u00fcstungsaktivistin und GWR-Autorin Clara Tempel vom Jugendnetzwerk f\u00fcr politische Aktionen (JunepA) sa\u00df im Knast. Wegen einer gewaltfreien Aktion gegen Atomwaffen am Fliegerhorst B\u00fcchel musste sie sieben Tage in der JVA Hildesheim verbringen. Seit dem 28. M\u00e4rz ist Clara wieder frei. (1)<\/span><\/p>\n<p align=\"justify\"><span lang=\"de-DE\">Im Stadtmuseum G\u00fctersloh sind in der Wanderausstellung \u201eDemos, Discos, Denkanst\u00f6\u00dfe \u2013 Die 70er in Westfalen\u201c noch bis zum 9. Juni auch GWR-Ausgaben aus den 1970er Jahren zu sehen. (2) <\/span><span lang=\"de-DE\">Die Graswurzelrevolution ist Medienpartnerin der f\u00fcnften Anarchistischen Buchmesse, die vom 10. bis 12. Mai 2019 in Mannheim stattfindet. (3) Wir sind dort mit B\u00fcchertischen und Lesungen vertreten und freuen uns auf Euch. <\/span><span lang=\"de-DE\">Die GWR ist auch Medienpartnerin des Symposiums, das am 27. und 28. September 2019 in Linz (\u00d6sterreich) stattfinden soll: \u201eEtwas tun! Aber wie? Symposium zur aktiven Gewaltfreiheit aus Anlass von Gandhis 150. Geburtstag. Ein Beitrag zur Entpolarisierung.\u201c (4) Referent ist in Linz u.a. auch GWR-Mitherausgeber Lou Marin. <\/span><span lang=\"de-DE\">Vertreten ist die GWR in diesem Jahr auch auf der Anarchistischen 1. Mai Demo in Dortmund. Ich wurde gebeten, dort einen Redebeitrag zur anarchistischen Geschichte des 1. Mai zu halten. Ein Thema \u00fcbrigens, das Wolfgang Haug auf Seite 20 dieser GWR unter die Lupe nimmt. <\/span><span lang=\"de-DE\">Anarchie hat auch etwas mit Sinn f\u00fcr schwarz-roten Humor zu tun, wie der M\u00fcnster-Tube-Mitschnitt einer \u201eja! Anarchismus\u201c-Lesung mit Schwerpunkt Anarchistisches Kabarett zeigt. (5)<\/span><\/p>\n<p align=\"justify\"><span lang=\"de-DE\">In diesem Sinne, Anarchie und Gl\u00fcck,<\/span><\/p>\n<p align=\"right\"><span lang=\"de-DE\"><strong>Bernd Dr\u00fccke (GWR-Koordinationsredakteur)<\/strong> <\/span><\/p>\n<p align=\"left\">\n","protected":false},"excerpt":{"rendered":"<p>Liebe Leserinnen und Leser, die Graswurzelrevolution sieht oft anders aus als auf den GWR-Herausgeber*innentreffen geplant. F\u00fcr diese Ausgabe hatten wir bei unserem Treffen in Kassel u.a. einen Schwerpunkt \u201eGentrifizierung und Mieter*innenk\u00e4mpfe\u201c eingeplant. Den haben wir realisiert und in dieser GWR findet Ihr Berichte aus Polen, Frankreich und Deutschland, die das Thema aus Bewegungsperspektive beleuchten. Aufgrund &hellip; <a href=\"https:\/\/www.graswurzel.net\/gwr\/2019\/05\/gesellschaft-im-aufbruch\/\">Weiterlesen<\/a><\/p>\n","protected":false},"author":502,"featured_media":20119,"comment_status":"closed","ping_status":"closed","sticky":false,"template":"","format":"standard","meta":{"slim_seo":{"title":"Gesellschaft im Aufbruch - graswurzelrevolution","description":"Liebe Leserinnen und Leser, die Graswurzelrevolution sieht oft anders aus als auf den GWR-Herausgeber*innentreffen geplant. F\u00fcr diese Ausgabe hatten wir bei uns"},"footnotes":""},"categories":[1044],"tags":[],"class_list":["post-20041","post","type-post","status-publish","format-standard","has-post-thumbnail","hentry","category-439-mai-2019"],"_links":{"self":[{"href":"https:\/\/www.graswurzel.net\/gwr\/wp-json\/wp\/v2\/posts\/20041","targetHints":{"allow":["GET"]}}],"collection":[{"href":"https:\/\/www.graswurzel.net\/gwr\/wp-json\/wp\/v2\/posts"}],"about":[{"href":"https:\/\/www.graswurzel.net\/gwr\/wp-json\/wp\/v2\/types\/post"}],"author":[{"embeddable":true,"href":"https:\/\/www.graswurzel.net\/gwr\/wp-json\/wp\/v2\/users\/502"}],"replies":[{"embeddable":true,"href":"https:\/\/www.graswurzel.net\/gwr\/wp-json\/wp\/v2\/comments?post=20041"}],"version-history":[{"count":0,"href":"https:\/\/www.graswurzel.net\/gwr\/wp-json\/wp\/v2\/posts\/20041\/revisions"}],"wp:featuredmedia":[{"embeddable":true,"href":"https:\/\/www.graswurzel.net\/gwr\/wp-json\/wp\/v2\/media\/20119"}],"wp:attachment":[{"href":"https:\/\/www.graswurzel.net\/gwr\/wp-json\/wp\/v2\/media?parent=20041"}],"wp:term":[{"taxonomy":"category","embeddable":true,"href":"https:\/\/www.graswurzel.net\/gwr\/wp-json\/wp\/v2\/categories?post=20041"},{"taxonomy":"post_tag","embeddable":true,"href":"https:\/\/www.graswurzel.net\/gwr\/wp-json\/wp\/v2\/tags?post=20041"}],"curies":[{"name":"wp","href":"https:\/\/api.w.org\/{rel}","templated":true}]}}