{"id":21053,"date":"2019-11-04T20:37:20","date_gmt":"2019-11-04T18:37:20","guid":{"rendered":"https:\/\/www.graswurzel.net\/gwr\/?p=21053"},"modified":"2019-11-04T22:40:58","modified_gmt":"2019-11-04T20:40:58","slug":"ein-lebendiger-ort-der-geschichte","status":"publish","type":"post","link":"https:\/\/www.graswurzel.net\/gwr\/2019\/11\/ein-lebendiger-ort-der-geschichte\/","title":{"rendered":"Ein lebendiger Ort der Geschichte"},"content":{"rendered":"<p align=\"justify\"><span lang=\"de-DE\">Seit 2005 bem\u00fcht sich der Wanderverein, die 1926 von Anarchosyndikalist*innen errichtete Bakuninh\u00fctte wieder der \u00d6ffentlichkeit zug\u00e4nglich zu machen. <\/span><span lang=\"de-DE\">F\u00fcr den Verein begann ein langer, steiniger Weg, den der Kreisheimatpfleger Axel Wirth anl\u00e4sslich der Verleihung des Erich M\u00fchsam-F\u00f6rderpreises in seiner Laudatio am 26. Oktober 2019 im Literaturhaus Berlin beschreibt: <\/span><\/p>\n<p align=\"justify\"><span lang=\"de-DE\">\u201eDieses au\u00dfergew\u00f6hnliche ehrenamtliche Engagement \u2013 teils aus gro\u00dfer Ferne \u2013 wurde begleitet von geradezu unl\u00f6sbar erscheinenden Problemen bez\u00fcglich Eigentum, Baurecht, Nutzung und Bewirtschaftung, Zufahrtsrecht, pers\u00f6nlicher und ideologischer Missgunst und anderem mehr. [\u2026] Ein Meilenstein zur Belebung dieses Erinnerungsbewusstseins war die Doppelausstellung zu Leben und Werk von Erich M\u00fchsam und der wechselvollen Geschichte der Bakuninh\u00fctte: \u201aSich f\u00fcgen hei\u00dft l\u00fcgen! Erich M\u00fchsam in Meiningen. Meiningen und seine Anarchisten 2015 im Schloss Elisabethenburg in Meiningen.\u201c [\u2026] Das Zusammenspiel der unterschiedlichen Kooperationspartner (Meininger Museen, Stadt Meiningen, Erich-M\u00fchsam-Gesellschaft und dem Wanderverein Bakuninh\u00fctte) und das durch eine geschickte Dramaturgie der einzelnen Veranstaltungen ausgel\u00f6ste erstaunliche Medienecho zeitigten eine gesellschaftliche Wirkung: Die Bakuninh\u00fctte wurde 2015 zum Kulturdenkmal erkl\u00e4rt. [\u2026] Mit Hilfe des beschriebenen Veranstaltungsreigens sowie unz\u00e4hligen weiteren Ma\u00dfnahmen der professionellen \u00d6ffentlichkeitsarbeit des Vereins ist es gelungen, verschollenes heimatgeschichtliches Wissen ma\u00dfgeblich wieder ins \u00f6ffentliche Bewusstsein zu holen. Die Akteure des \u201aWandervereins Bakuninh\u00fctte e.V. waren und sind dabei die ausschlaggebende Triebfeder \u2013 wissenschaftlich, handwerklich und \u00e4u\u00dferst gastfreundlich.\u201c <\/span><\/p>\n<h5 align=\"justify\"><span lang=\"de-DE\">Hermann-Brill-Sonderpreis: \u201eDer Preistr\u00e4ger ist in mehrfacher Hinsicht etwas Besonderes.\u201c<\/span><\/h5>\n<p align=\"justify\"><span lang=\"de-DE\">Bereits im September 2019 erhielt der Wanderverein Bakuninh\u00fctte den diesj\u00e4hrigen Hermann-Brill-Sonderpreis, der von der th\u00fcringischen SPD-Landtagsfraktion verliehen wird. Beim Kommunalpolitischen Empfang der th\u00fcringischen SPD-Fraktion w\u00fcrdigte Diana Lehmann die Vereinsarbeit: \u201eEr sticht aus den Auszuzeichnenden hervor, weil wir hier keine Einzelperson, sondern einen Verein ehren. Der Preistr\u00e4ger ist aber auch deshalb etwas Besonderes, weil die Arbeit, die er ausschlie\u00dflich ehrenamtlich leistet, mehr als einfach nur bemerkenswert ist. Wir m\u00f6chten heute einen Verein auszeichnen, der sich in seiner Arbeit darum bem\u00fcht, ein (\u2026) einzigartiges Kulturdenkmal zu erhalten. Dabei geht es nicht nur um die bauliche Instandsetzung, sondern auch darum, den Ort als lebendigen Ort der Geschichte f\u00fcr alle Generationen aufrechtzuerhalten.\u201c<\/span><\/p>\n<p align=\"justify\"><span lang=\"de-DE\">Die Preis\u00fcbergabe fand am 21. September 2019 im Rahmen des Meininger Zwingergassenfestes statt. \u00dcberreicht wurde er von Diana Lehmann, stellvertretende SPD-Fraktionsvorsitzende im Th\u00fcringer Landtag und dem Th\u00fcringer Innenminister Georg Maier.<\/span><\/p>\n<p align=\"justify\">\n<p align=\"right\"><strong><span lang=\"de-DE\">Ein Wanderfreund<\/span><\/strong><\/p>\n<p align=\"right\">\n","protected":false},"excerpt":{"rendered":"<p>Seit 2005 bem\u00fcht sich der Wanderverein, die 1926 von Anarchosyndikalist*innen errichtete Bakuninh\u00fctte wieder der \u00d6ffentlichkeit zug\u00e4nglich zu machen. F\u00fcr den Verein begann ein langer, steiniger Weg, den der Kreisheimatpfleger Axel Wirth anl\u00e4sslich der Verleihung des Erich M\u00fchsam-F\u00f6rderpreises in seiner Laudatio am 26. Oktober 2019 im Literaturhaus Berlin beschreibt: \u201eDieses au\u00dfergew\u00f6hnliche ehrenamtliche Engagement \u2013 teils aus &hellip; <a href=\"https:\/\/www.graswurzel.net\/gwr\/2019\/11\/ein-lebendiger-ort-der-geschichte\/\">Weiterlesen<\/a><\/p>\n","protected":false},"author":502,"featured_media":0,"comment_status":"closed","ping_status":"closed","sticky":false,"template":"","format":"standard","meta":{"slim_seo":{"title":"Ein lebendiger Ort der Geschichte - graswurzelrevolution","description":"Seit 2005 bem\u00fcht sich der Wanderverein, die 1926 von Anarchosyndikalist*innen errichtete Bakuninh\u00fctte wieder der \u00d6ffentlichkeit zug\u00e4nglich zu machen. F\u00fcr den Ve"},"footnotes":""},"categories":[1059,1032],"tags":[],"class_list":["post-21053","post","type-post","status-publish","format-standard","hentry","category-443-november-2019","category-spurensicherung"],"_links":{"self":[{"href":"https:\/\/www.graswurzel.net\/gwr\/wp-json\/wp\/v2\/posts\/21053","targetHints":{"allow":["GET"]}}],"collection":[{"href":"https:\/\/www.graswurzel.net\/gwr\/wp-json\/wp\/v2\/posts"}],"about":[{"href":"https:\/\/www.graswurzel.net\/gwr\/wp-json\/wp\/v2\/types\/post"}],"author":[{"embeddable":true,"href":"https:\/\/www.graswurzel.net\/gwr\/wp-json\/wp\/v2\/users\/502"}],"replies":[{"embeddable":true,"href":"https:\/\/www.graswurzel.net\/gwr\/wp-json\/wp\/v2\/comments?post=21053"}],"version-history":[{"count":0,"href":"https:\/\/www.graswurzel.net\/gwr\/wp-json\/wp\/v2\/posts\/21053\/revisions"}],"wp:attachment":[{"href":"https:\/\/www.graswurzel.net\/gwr\/wp-json\/wp\/v2\/media?parent=21053"}],"wp:term":[{"taxonomy":"category","embeddable":true,"href":"https:\/\/www.graswurzel.net\/gwr\/wp-json\/wp\/v2\/categories?post=21053"},{"taxonomy":"post_tag","embeddable":true,"href":"https:\/\/www.graswurzel.net\/gwr\/wp-json\/wp\/v2\/tags?post=21053"}],"curies":[{"name":"wp","href":"https:\/\/api.w.org\/{rel}","templated":true}]}}