{"id":21894,"date":"2020-03-07T12:40:05","date_gmt":"2020-03-07T10:40:05","guid":{"rendered":"https:\/\/www.graswurzel.net\/gwr\/?p=21894"},"modified":"2022-07-26T14:21:56","modified_gmt":"2022-07-26T12:21:56","slug":"die-tuerkische-invasion-in-rojava-und-die-folgen","status":"publish","type":"post","link":"https:\/\/www.graswurzel.net\/gwr\/2020\/03\/die-tuerkische-invasion-in-rojava-und-die-folgen\/","title":{"rendered":"Die t\u00fcrkische Invasion in Rojava und die Folgen"},"content":{"rendered":"<h5 align=\"justify\"><span lang=\"de-DE\">Eine humanit\u00e4re Katastrophe\u2026<\/span><\/h5>\n<p align=\"justify\">\u201e<span lang=\"de-DE\">Wir haben die Menschheit vor dem IS besch\u00fctzt. Andere haben Gesetze gemacht, die Menschen und Krankenh\u00e4user im Krieg sch\u00fctzen sollen und nun sind sie es, die die Gesetze nicht befolgen &#8211; es brennen unsere Krankenh\u00e4user,\u00a0sie greifen die Krankenwagen an, ermorden unsere Mitarbeiter*innen und werfen sie in die Kanalisation\u201c, erkl\u00e4rt Cemila Heme als Ko-Vorsitzende des Kurdischen Roten Halbmonds (Heyva Sor a Kurd) nach der t\u00fcrkischen Invasion bei Serekaniye Oktober 2019.<\/span><\/p>\n<p align=\"justify\"><span lang=\"de-DE\">Die humanit\u00e4re Lage in Rojava ist dramatisch und droht sich weiter zu versch\u00e4rfen. Die t\u00fcrkische Invasion hat schon in den ersten Wochen hunderte Menschen get\u00f6tet und tausende verletzt, mit einer unklaren Dunkelziffer, viele liegen unter den Tr\u00fcmmern ihrer H\u00e4user begraben. Zahlreiche Kinder sind unter den Opfern. <\/span><\/p>\n<p align=\"justify\"><span lang=\"de-DE\">Cemila Heme beziffert die Anzahl der nach der t\u00fcrkischen Invasion geflohenen Menschen auf mindestens 300.000 &#8211; m\u00f6glicherweise auch mehr. Die Infrastruktur der Gebiete, in die sich die Familien unter Mitnahme meist nur weniger G\u00fcter fl\u00fcchteten, leidet unter der Masse der Hilfsbed\u00fcrftigen. In drangvoller Enge hausen sie notd\u00fcrftig in Wohnungen, Geh\u00f6ften und Schulen. Unz\u00e4hlige Schulen sind nicht benutzbar, tausende Kinder k\u00f6nnen nicht zum Unterricht. Unter gro\u00dfem Zeitdruck versuchen der Kurdische Rote Halbmond und die Gesundheitsselbstverwaltung einen Teil der Geflohenen in neu aus dem Boden gestampften Camps unterzubringen. So hei\u00df es im Sommer werden kann, so hart ist der Winter in Nordsyrien, es wird bitterkalt, oft fallen die Temperaturen unter null, Schneefall ist keine Seltenheit. Die Familien, die meisten der Geflohenen sind Kinder und Jugendliche, werden in kaum isolierten Zelten leben m\u00fcssen, die Trink- und Abwasserversorgung ist ein gro\u00dfes Problem. <\/span><\/p>\n<p align=\"justify\"><span lang=\"de-DE\">Die Hauptverbindungsstra\u00dfe nach Westen, die M4, ist weiter heftig umk\u00e4mpft. Kann die Stra\u00dfe nicht befahren werden, sind die westlichen Landesteile um Koban\u00ea, Manbidsch und Ain Issa nur \u00fcber stundenlange Umwege erreichbar, was die Versorgungslage deutlich versch\u00e4rft. Im okkupierten Gebiet wurden beim Einmarsch zehn Kliniken und Gesundheitseinrichtungen beschossen, besch\u00e4digt und unbrauchbar. Au\u00dferhalb der umk\u00e4mpften Zonen sind die Hospit\u00e4ler noch funktionsf\u00e4hig, jedoch phasenweise an der Belastungsgrenze.<\/span><\/p>\n<figure id=\"attachment_21978\" aria-describedby=\"caption-attachment-21978\" style=\"width: 411px\" class=\"wp-caption aligncenter\"><a href=\"https:\/\/www.graswurzel.net\/gwr\/wp-content\/uploads\/2020\/03\/gwr446_t\u00fcrkische_invasion_in_rojava_1.jpg\"><img loading=\"lazy\" decoding=\"async\" class=\" wp-image-21978\" src=\"https:\/\/www.graswurzel.net\/gwr\/wp-content\/uploads\/2020\/03\/gwr446_t\u00fcrkische_invasion_in_rojava_1-300x225.jpg\" alt=\"\" width=\"411\" height=\"308\" srcset=\"https:\/\/www.graswurzel.net\/gwr\/wp-content\/uploads\/2020\/03\/gwr446_t\u00fcrkische_invasion_in_rojava_1-300x225.jpg 300w, https:\/\/www.graswurzel.net\/gwr\/wp-content\/uploads\/2020\/03\/gwr446_t\u00fcrkische_invasion_in_rojava_1-600x450.jpg 600w, https:\/\/www.graswurzel.net\/gwr\/wp-content\/uploads\/2020\/03\/gwr446_t\u00fcrkische_invasion_in_rojava_1-768x576.jpg 768w, https:\/\/www.graswurzel.net\/gwr\/wp-content\/uploads\/2020\/03\/gwr446_t\u00fcrkische_invasion_in_rojava_1-1024x768.jpg 1024w, https:\/\/www.graswurzel.net\/gwr\/wp-content\/uploads\/2020\/03\/gwr446_t\u00fcrkische_invasion_in_rojava_1.jpg 1600w\" sizes=\"auto, (max-width: 411px) 100vw, 411px\" \/><\/a><figcaption id=\"caption-attachment-21978\" class=\"wp-caption-text\">Legerin Krankenhaus Tal Tamir Patient<\/figcaption><\/figure>\n<p align=\"justify\"><span lang=\"de-DE\">Der durch Trump im Herbst angek\u00fcndigte R\u00fcckzug US-amerikanischer Truppen und die dadurch erm\u00f6glichte weitere milit\u00e4rische Aggression Erdo\u011fans, zwang die Selbstverwaltung Rojavas zur Ann\u00e4herung an das ungeliebte Assad-Regime. Die notwendig gewordene Akzeptanz syrischer und russischer Milit\u00e4reinheiten f\u00fchrte zum R\u00fcckzug der humanit\u00e4r wichtigen NGOs, die nun ihren Aufenthalt als gef\u00e4hrdet betrachten, weil sie sich ohne Genehmigung des Assad-Regimes im Syrischen Staats-Gebiet aufhielten. Die regionale Selbstverwaltung und der Kurdische Rote Halbmond sehen sich unter diesen eskalierenden Bedingungen allein gelassen. Die zu bew\u00e4ltigenden Aufgaben sind immens: Neben der medizinischen Versorgung von 14 Camps mit Abertausenden Geflohenen \u2013 allein im Camp Hol leben ungef\u00e4hr 70.000 Menschen \u2013 \u00a0erwarten die existierenden Ambulatorien und viele Krankenh\u00e4user extreme Anforderungen &#8211; mit jedoch immer schlechter werdenden Ressourcen. Als ihre gr\u00f6\u00dfte Sorge beschreibt Cemila Heme den deutlichen Schwund an materiellen und finanziellen Reserven, die zum Einbrechen der Leistungsf\u00e4higkeit des Kurdischen Halbmonds f\u00fchren k\u00f6nnten. Die Folgen w\u00e4ren katastrophal.<\/span><\/p>\n<h5 align=\"justify\"><span lang=\"de-DE\">Der Kampf um Selbstbestimmung unter immer schwierigeren Bedingungen\u2026<\/span><\/h5>\n<p align=\"justify\"><span lang=\"de-DE\">Die akute humanit\u00e4re Situation ist jedoch nur ein Teil der Verwerfungen und der negativen Dynamik, die durch den R\u00fcckzug der USA (die inzwischen wieder mit starken milit\u00e4rischen Kontingenten in den \u00d6lgebieten Rojavas pr\u00e4sent ist) und die Invasion der T\u00fcrkei ausgel\u00f6st wurde. Die politischen und sozialen Konsequenzen f\u00fcr die Gesellschaft Rojavas sind noch nicht absehbar. Fraglich ist, wie weit die Ans\u00e4tze der Selbstverwaltung und \u2013organisierung, ebenso wie die der milit\u00e4rischen Selbstverteidigung unter den ver\u00e4nderten Bedingungen existieren und weiterentwickelt werden k\u00f6nnen. Neben der von der T\u00fcrkei okkupierten Invasionszone, in der zwar weiter Widerstand geleistet wird, die jedoch von angestammten Menschen entbl\u00f6\u00dft, das Diktat der t\u00fcrkischen Repression erleiden muss, geht es um die verbliebenen Gebiete Rojavas. Sie stehen vor der Herausforderung, sich einerseits gegen die t\u00fcrkische Invasion zu verteidigen und andererseits dem zunehmenden Einfluss Russlands und des Assad-Regimes widerstehen zu m\u00fcssen.<\/span><\/p>\n<p align=\"justify\"><span lang=\"de-DE\">Der Verrat Trumps gegen\u00fcber den kurdischen Verb\u00fcndeten im Kampf gegen den IS und der angek\u00fcndigte R\u00fcckzug der US-amerikanischen Truppen aus Rojava, \u00f6ffneten den Raum f\u00fcr die v\u00f6lkerrechtswidrige Invasion der T\u00fcrkei am 9. Oktober 2019. Trotz milit\u00e4rischer St\u00e4rke und Kampferfahrung durch die jahrelangen Auseinandersetzungen mit dem IS, waren die kurdischen Selbstverteidigungseinheiten und ihre Verb\u00fcndeten in den SDF (Syrien Democratic Forces, bestehend aus kurdischen, assyrisch-aram\u00e4ischen, sunnitisch-arabischen Einheiten) auf die Luftunterst\u00fctzung der USA und deren milit\u00e4rische Pr\u00e4senz angewiesen. Wissend, ohne diese keine Chance gegen die t\u00fcrkische Luftwaffe zu haben, beugten sich die Selbstverteidigungseinheiten der YPG\/YPJ dem Druck der T\u00fcrkei und zogen ihre Einheiten aus einem 30 Km tiefen Grenz-Bereich zur T\u00fcrkei zur\u00fcck. Wie schon seit l\u00e4ngerer Zeit in Manbidsch \u00fcbernahmen \u00f6rtliche bewaffnete Einheiten die milit\u00e4rische Absicherung. Zus\u00e4tzlich zum R\u00fcckzug der YPG\/YPG Einheiten sahen sich die politischen und milit\u00e4rischen Strukturen Rojavas unter der Bedrohung durch die T\u00fcrkei gezwungen, nach neuen B\u00fcndnispartnern Ausschau zu halten .Mangels Alternative waren sie gezwungen die selbstverwalteten Gebiete zumindest partiell f\u00fcr das ungeliebte, unter dem Patronat Russlands stehende Assad-Regime zu \u00f6ffnen. Sogar gemeinsame Grenzpatrouillen von russischen und t\u00fcrkischen Einheiten, wie schon zuvor Grenzpatrouillen von US-Truppen und t\u00fcrkischer Armee, sowie die Schleifung von kurdischen Grenzbefestigung wurden hingenommen, um keinen formalen Anlass zu einem Angriff der T\u00fcrkei zu geben. Ungeachtet all dieser Bem\u00fchungen erfolgte am 9.Oktober 2019 der Angriff der t\u00fcrkischen Armee mit Hilfe islamistisch-fundamentalistischer Bodentruppen im Grenzabschnitt zwischen Tal Abjad und Serekaniye, auf einen ca 120 Km breiten Bereich zur t\u00fcrkischen Grenze. Ein zuvor geschlossener Vertrag zwischen Russland und der T\u00fcrkei besiegelte diese Absicht, indem den t\u00fcrkischen Invasoren zwei St\u00e4dte und ein \u00fcber 100 Km breites und 30 Km tiefes Gebiet \u00fcberlassen wurde. <\/span><\/p>\n<h5 align=\"justify\"><span lang=\"de-DE\">Annektion als Strategie des Erdogan Regimes\u2026 <\/span><\/h5>\n<p align=\"justify\"><span lang=\"de-DE\">Diese Milit\u00e4roffensive am 9.Oktober 2019 war bereits die dritte in Nordsyrien. Schon 2016 intervenierte die T\u00fcrkei und begann am 24. August 2016 unter dem Operationsnamen \u201eSchutzschild Euphrat\u201c (Euphrat Shield) mit Angriffen auf Nordsyrisches Gebiet. Sie richtete sich offiziell gegen die Terrororganisation Islamischer Staat (IS), der damals noch Gebiete der Region kontrollierte (und logistische Unterst\u00fctzung der T\u00fcrkei erhielt), vor allem aber gegen die kurdischen Volksverteidigungseinheiten (YPG\/YPJ) der Demokratischen Kr\u00e4fte Syriens (SDF). Schon damals verfolgte die Milit\u00e4roperation das Ziel, T\u00fcrkei abh\u00e4ngige Truppen der sogenannten Freien Syrischen Armee im Grenzbereich zu etablieren und damit einen Keil zwischen den damals noch unter kurdischer Kontrolle stehenden Kanton Afrin und den Kanton Kobane zu treiben. <\/span><\/p>\n<p align=\"justify\"><span lang=\"de-DE\">Im Fr\u00fchjahr 2018 erfolgte der Einmarsch im westlich gelegenen Kanton Afrin. Afrin wurde mit Duldung von Russland durch die T\u00fcrkei besetzt. Ein Vorgang der sich 2019 bei Tal Abjad und Serekaniye wiederholte. Islamistisch-fundamentale Hilfstruppen, t\u00fcrkische Panzer und Ger\u00e4t (vieles aus deutscher Produktion) r\u00fcckten ein, ohne dass die die USA und Europa dem Natopartner T\u00fcrkei dies im Mindesten erschwerten. Deutsche Waffenlieferungen wurden fortgesetzt, obwohl es sich offensichtlich um eine v\u00f6lkerrechtswidrige Aktion handelte.\u00a0Das Wohlwollen Russlands gegen\u00fcber der t\u00fcrkischen Intervention hatte Gr\u00fcnde. Die Kooperation mit dem Natoland T\u00fcrkei soll das westliche Milit\u00e4rb\u00fcndnis schw\u00e4chen und gleichzeitig weitere Deals mit der T\u00fcrkei erm\u00f6glichen, die Einfluss auf die islamistisch-fundamentalistischen Verb\u00e4nde der sogenannten Freien Syrischen Armee hat. Die T\u00fcrkei unter Erdo\u011fan jonglierte erfolgreich zwischen Russland und ihren Nato-Verb\u00fcndeten und sicherte sich die Zustimmung beider Seiten. Russland, das zuvor den Luftraum \u00fcber Afrin kontrollierte, erm\u00f6glichte durch seinen R\u00fcckzug Luftangriffe und Bombardements, die westlichen Staaten lieferten dazu die Waffen.<\/span><\/p>\n<figure id=\"attachment_21979\" aria-describedby=\"caption-attachment-21979\" style=\"width: 395px\" class=\"wp-caption aligncenter\"><a href=\"https:\/\/www.graswurzel.net\/gwr\/wp-content\/uploads\/2020\/03\/gwr446_t\u00fcrkische_invasion_in_rojava_2.jpg\"><img loading=\"lazy\" decoding=\"async\" class=\" wp-image-21979\" src=\"https:\/\/www.graswurzel.net\/gwr\/wp-content\/uploads\/2020\/03\/gwr446_t\u00fcrkische_invasion_in_rojava_2-300x225.jpg\" alt=\"\" width=\"395\" height=\"296\" srcset=\"https:\/\/www.graswurzel.net\/gwr\/wp-content\/uploads\/2020\/03\/gwr446_t\u00fcrkische_invasion_in_rojava_2-300x225.jpg 300w, https:\/\/www.graswurzel.net\/gwr\/wp-content\/uploads\/2020\/03\/gwr446_t\u00fcrkische_invasion_in_rojava_2-600x450.jpg 600w, https:\/\/www.graswurzel.net\/gwr\/wp-content\/uploads\/2020\/03\/gwr446_t\u00fcrkische_invasion_in_rojava_2-768x576.jpg 768w, https:\/\/www.graswurzel.net\/gwr\/wp-content\/uploads\/2020\/03\/gwr446_t\u00fcrkische_invasion_in_rojava_2-1024x768.jpg 1024w, https:\/\/www.graswurzel.net\/gwr\/wp-content\/uploads\/2020\/03\/gwr446_t\u00fcrkische_invasion_in_rojava_2.jpg 1600w\" sizes=\"auto, (max-width: 395px) 100vw, 395px\" \/><\/a><figcaption id=\"caption-attachment-21979\" class=\"wp-caption-text\">Legerin Krankenhaus Tal Tamir Notaufnahme Situation &#8211; Foto: Michael Wilk privat, entstanden bei seinem letzten Aufenthalt.<\/figcaption><\/figure>\n<p align=\"justify\"><span lang=\"de-DE\">Schon in Afrin zeigte sich worum es Erdogan und seinem Regime geht: Die Zerst\u00f6rung kurdischer Kultur, selbstverwalteter Strukturen und der Selbstbestimmung an sich. Der Kampf gegen die Gleichberechtigung von Mann und Frau, ebenso wie jedweden emanzipatorischen Gedankens. Afrin kann inzwischen als annektiertes Gebiet gelten. \u00dcber Polizei und Milit\u00e4rpr\u00e4senz hinaus beweisen dies t\u00fcrkische Verwaltung, Post\u00e4mter und Schulen inklusive der entsprechenden Lehrpl\u00e4ne. Die kurdische Bev\u00f6lkerung soweit nicht geflohen, wird massiv unterdr\u00fcckt, ebenso wie im t\u00fcrkischen Staatsgebiet. Von den 170-200 000 Menschen die Anfang 2018 flohen, hausen Abertausende noch immer in den angrenzenden Regionen Afrin\/Sehba und leiden unter prek\u00e4ren Bedingungen. Die Ansiedlung Erdogan freundlicher, z.B. turkmenisch st\u00e4mmiger Bev\u00f6lkerung in Afrin, zeigt die Absicht einer ethnischen Umstrukturierung. Eine Strategie, die nun eins zu eins nach der Invasion im Oktober 2019 umgesetzt werden soll. Das Regime Erdo\u011fan, das nicht z\u00f6gert dschihadistisch-islamistische S\u00f6ldner auf Menschen loszulassen, benutzt dazu Worte wie Frieden und Freiheit im orwellschen Sinne. Die \u201eOperation Friedensquelle\u201c steht nicht nur f\u00fcr Vertreibung, Mord und Totschlag, sondern auch f\u00fcr eine beabsichtigte nachhaltige Umstrukturierung der Bev\u00f6lkerung. Die Gleichberechtigung der Geschlechter und Menschenrechte, werden dabei ebenso entsorgt, wie die Freiheit des Wortes und der kulturellen Entfaltung. <\/span><\/p>\n<p align=\"justify\"><span lang=\"de-DE\">Der Vertrag zwischen Russland und der T\u00fcrkei besiegelt diese Absichten, indem er den t\u00fcrkischen Invasoren volle Handlungsfreiheit im okkupierten Gebiet \u00fcberl\u00e4sst. Die Rolle Russlands und auch der USA macht klar, dass niemand ein Interesse an eigenst\u00e4ndiger kurdischer (assyrisch-aram\u00e4ischer und arabischer) gesellschaftlicher Organisierung hat. Schon gar nicht an einer Organisierung mit emanzipativen Pr\u00e4missen und basisdemokratischen Ans\u00e4tzen, die weniger Perspektiven einer \u00f6konomischen Ausbeutung durch ausl\u00e4ndische M\u00e4chte bietet, als die konservativen Clanstrukturen der kurdischen Autonomiezone im Nordirak.<\/span><\/p>\n<h5 align=\"justify\"><span lang=\"de-DE\">Der drohende Triumph autorit\u00e4rer Regime und der Kampf ums \u00dcberleben\u2026<\/span><\/h5>\n<p align=\"justify\"><span lang=\"de-DE\">In der gegenw\u00e4rtigen Situation drohen autorit\u00e4re inhumane Systeme zu triumphieren, das Assad-Regime unter dem Patronat Russlands, das seinen Allein-Herrschafts-Anspruch reetablieren m\u00f6chte, ebenso wie die T\u00fcrkei Erdo\u011fans, die ungehindert Teile Syriens annektiert. Europa ergeht sich in Ermahnungen und Lippenbekenntnissen, zu schwer wiegen die \u00f6konomischen und milit\u00e4rischen Beziehungen zum Aggressor T\u00fcrkei. Vergessen, wer den Kampf gegen den IS f\u00fchrte, die 11.000 toten kurdischen und SDF K\u00e4mpfer*innen, die 21.000 schwerverletzten und verst\u00fcmmelten jungen Menschen, die nun sehen k\u00f6nnen, wo sie bleiben. Die hochgepriesenen humanit\u00e4ren Anspr\u00fcche Europas entpuppen sich nicht nur als das bekannte moralisch-ethische Totalversagen, das immer dann zu Tage tritt, wenn es um die Verteidigung von \u00d6konomie- und Herrschaftszonen geht &#8211; bei dem bekannten Ausma\u00df der Kriegsverbrechen, muss von Mitverantwortung und Mitschuld gesprochen werden. Die Bev\u00f6lkerung Rojavas wird \u2013 allen voran von der Bundesregierung \u2013 ohne jeden Skrupel auf dem Altar des \u201enotwendigen Zweckpragmatismus\u201c geopfert.<\/span><\/p>\n<p align=\"justify\"><span lang=\"de-DE\">Der Versuch in Rojava ein gesellschaftliches Modell der Selbstverwaltung, der Gleichberechtigung von Mann und Frau und basisdemokratischer Ans\u00e4tze zu errichten, ist irritierend, st\u00f6rend undwird bestenfalls ignoriert. Gesch\u00fctzt, gef\u00f6rdert und finanziert werden von den Staaten Europas hingegen m\u00f6rderische Diktaturen, die Menschenrechte mit F\u00fc\u00dfen treten.<\/span><\/p>\n<figure id=\"attachment_21981\" aria-describedby=\"caption-attachment-21981\" style=\"width: 200px\" class=\"wp-caption alignleft\"><a href=\"https:\/\/www.graswurzel.net\/gwr\/wp-content\/uploads\/2020\/03\/kleingwr446_t\u00fcrkische_invasion_in_rojava_3.jpg\"><img loading=\"lazy\" decoding=\"async\" class=\"size-medium wp-image-21981\" src=\"https:\/\/www.graswurzel.net\/gwr\/wp-content\/uploads\/2020\/03\/kleingwr446_t\u00fcrkische_invasion_in_rojava_3-200x300.jpg\" alt=\"\" width=\"200\" height=\"300\" srcset=\"https:\/\/www.graswurzel.net\/gwr\/wp-content\/uploads\/2020\/03\/kleingwr446_t\u00fcrkische_invasion_in_rojava_3-200x300.jpg 200w, https:\/\/www.graswurzel.net\/gwr\/wp-content\/uploads\/2020\/03\/kleingwr446_t\u00fcrkische_invasion_in_rojava_3-300x450.jpg 300w, https:\/\/www.graswurzel.net\/gwr\/wp-content\/uploads\/2020\/03\/kleingwr446_t\u00fcrkische_invasion_in_rojava_3-600x900.jpg 600w, https:\/\/www.graswurzel.net\/gwr\/wp-content\/uploads\/2020\/03\/kleingwr446_t\u00fcrkische_invasion_in_rojava_3-768x1152.jpg 768w, https:\/\/www.graswurzel.net\/gwr\/wp-content\/uploads\/2020\/03\/kleingwr446_t\u00fcrkische_invasion_in_rojava_3-683x1024.jpg 683w, https:\/\/www.graswurzel.net\/gwr\/wp-content\/uploads\/2020\/03\/kleingwr446_t\u00fcrkische_invasion_in_rojava_3.jpg 1000w\" sizes=\"auto, (max-width: 200px) 100vw, 200px\" \/><\/a><figcaption id=\"caption-attachment-21981\" class=\"wp-caption-text\">Legerin Krankenhaus Tal Tamir \u2020Tote Zivilistin nach t\u00fcrkischem Angriff<br \/>&#8211; Foto: Michael Wilk privat, entstanden bei seinem letzten Aufenthalt.<\/figcaption><\/figure>\n<p align=\"justify\"><span lang=\"de-DE\">Ohne Zweifel steht das gesellschaftliche Modell Rojavas auf der Kippe. Die Bedrohung durch die t\u00fcrkische Invasion, den Krieg und seine Folgen sind extrem. Andererseits besteht die Notwendigkeit gegen das zumindest teilweise zur\u00fcckgekehrte Assad-Regime und die dahinterstehenden Anspr\u00fcche Russlands zu bestehen und die erreichte Autonomie zu verteidigen. Schon jetzt zeigt sich vielerorts die Notwendigkeit, errungene Selbstbestimmung zu verteidigen, an Lehrpl\u00e4nen der Schulen oder der eben nicht banalen Frage, ob \u00fcber einer Schule die Flagge des Regimes weht oder nicht. Es ist damit zu rechnen, dass sp\u00e4testens mit der R\u00fcckeroberung des Gebietes um Idlip, das sich z.Zt noch unter Kontrolle islamistischer Gruppen und dem Einfluss der T\u00fcrkei befindet, das Interesse an erneuter totaler Kontrolle \u00fcber das gesamte Staatsgebiet w\u00e4chst. Die Lage ist prek\u00e4r und scheint fast aussichtslos. Und doch, so wird es einem in jedem Gespr\u00e4ch entgegengehalten, \u201eeine schwierige Lage bedeutet noch nicht das Ende.\u201c Die Menschen sind zum Teil erstaunlich gelassen, die Erfahrung von R\u00fcckschl\u00e4gen und von unmenschlicher Unterdr\u00fcckung w\u00e4hren schon lange. Die Situation ist durchaus ambivalent. In der N\u00e4he der Kampfzonen m\u00fcssen Strukturen und ganze Siedlungen aufgegeben werden, in anderen Regionen Rojavas ist hingegen noch alles unter Kontrolle der Selbstverwaltung. Die Asayesh (Polizei Rojavas) kontrolliert an den Checkpoints, die Situation erscheint in der Gro\u00dfstadt Quamishlo (von gelegentlichen Attentaten abgesehen) vergleichsweise normal. Aller Orten ist zu h\u00f6ren, dass sowohl die Selbstverwaltung, als auch die Unabh\u00e4ngigkeit der Selbstverteidigungseinheiten YPG\/YPJ auf jeden Fall bewahrt und verteidigt werden sollen. Eine von der Assad und Russlands Seite gew\u00fcnschte Eingliederung der Syrien Democratic Forces SDF in die Assads Armee wird z.B. heftig abgelehnt. <\/span><\/p>\n<p align=\"justify\"><span lang=\"de-DE\">Die Menschen Rojavas k\u00e4mpfen ums \u00dcberleben &#8211; um ihr eigenes \u00dcberleben und um das der von ihnen geschaffenen sozialen Strukturen. Diese Auseinandersetzung dauert an und ist noch lange nicht zu Ende. \u201eWir sind R\u00fcckschl\u00e4ge gew\u00f6hnt und werden es schaffen\u201c, ist die Aussage vieler. Die Menschen Rojavas haben Solidarit\u00e4t und Unterst\u00fctzung verdient. Die weltweiten Protest- und Hilfsaktionen werden in Rojava aufmerksam vernommen und geben nicht nur emotionale, sondern durchaus auch materielle Unterst\u00fctzung. Es ist unsere Aufgabe den Druck aufrecht zu erhalten und auf allen m\u00f6glichen gesellschaftlichen Ebenen einzubringen. Wie erfolgreich sich Proteste in der Ver\u00e4nderung der politischen Wahrnehmung und in der Folge auch konkret am Detail umsetzen, zeigt sich an vielen Punkten, auch am Beispiel \u00f6konomischer Entscheidungen: \u201eDie bislang gravierendste Ma\u00dfnahme aber ergriff der Vorstand des deutschen Volkswagenkonzerns. Er entschied, eine f\u00fcr Mitte Oktober vorgesehene endg\u00fcltige Entscheidung \u00fcber eine Milliardeninvestition in der T\u00fcrkei f\u00fcr ein neues Automobilwerk wegen der Invasion zu \u2018vertagen\u2018\u201c(Frank Nordhausen 07.11.2019, RND)<\/span><\/p>\n<p align=\"justify\"><span lang=\"de-DE\">Es war eine kaum beachtete Sensation, als der VW-Konzernbetriebsrat sich kurz darauf ebenfalls klar gegen den geplanten Fabrikneubau aussprach, \u201esolange die T\u00fcrkei versucht, ihre politischen Ziele mit Krieg und Gewalt zu erreichen\u201c, wie es der Betriebsratsvorsitzende Bernd Osterloh in einem Artikel f\u00fcr das Betriebsratsblatt \u201eMitbestimmen!\u201c ausdr\u00fcckte. Der \u201eBraunschweiger Zeitung\u201c sagte er, VW habe wegen seiner Geschichte in der Nazizeit eine besondere politische Verantwortung als Industriekonzern: \u201eVolkswagen darf und muss moralisch sein.\u201c (Frankfurter Rundschau v. 8.11.19). Ohne diese Entscheidung \u00fcberbewerten zu wollen, sie steht doch daf\u00fcr, wie sich \u00d6ffentlichkeitsarbeit auswirken kann. <\/span><\/p>\n<p align=\"justify\"><strong><span lang=\"de-DE\">Rojava defend \u2013 <\/span><\/strong><\/p>\n<p align=\"justify\"><span lang=\"de-DE\"><strong>verteidigt Rojava<\/strong> <\/span><\/p>\n<p align=\"right\"><strong><span lang=\"de-DE\">Michael Wilk, <\/span><\/strong><strong><span lang=\"de-DE\">Januar 2020<\/span><\/strong><\/p>\n","protected":false},"excerpt":{"rendered":"<p>Eine humanit\u00e4re Katastrophe\u2026 \u201eWir haben die Menschheit vor dem IS besch\u00fctzt. Andere haben Gesetze gemacht, die Menschen und Krankenh\u00e4user im Krieg sch\u00fctzen sollen und nun sind sie es, die die Gesetze nicht befolgen &#8211; es brennen unsere Krankenh\u00e4user,\u00a0sie greifen die Krankenwagen an, ermorden unsere Mitarbeiter*innen und werfen sie in die Kanalisation\u201c, erkl\u00e4rt Cemila Heme als &hellip; <a href=\"https:\/\/www.graswurzel.net\/gwr\/2020\/03\/die-tuerkische-invasion-in-rojava-und-die-folgen\/\">Weiterlesen<\/a><\/p>\n","protected":false},"author":499,"featured_media":21976,"comment_status":"closed","ping_status":"closed","sticky":false,"template":"","format":"standard","meta":{"slim_seo":{"title":"Die t\u00fcrkische Invasion in Rojava und die Folgen - graswurzelrevolution","description":"Eine humanit\u00e4re Katastrophe\u2026 \u201e Wir haben die Menschheit vor dem IS besch\u00fctzt. Andere haben Gesetze gemacht, die Menschen und Krankenh\u00e4user im Krieg sch\u00fctzen sol"},"footnotes":""},"categories":[1094,1025,1027],"tags":[],"class_list":["post-21894","post","type-post","status-publish","format-standard","has-post-thumbnail","hentry","category-446-447-februar-maerz-2020","category-die-waffen-nieder","category-wir-sind-nicht-alleine"],"_links":{"self":[{"href":"https:\/\/www.graswurzel.net\/gwr\/wp-json\/wp\/v2\/posts\/21894","targetHints":{"allow":["GET"]}}],"collection":[{"href":"https:\/\/www.graswurzel.net\/gwr\/wp-json\/wp\/v2\/posts"}],"about":[{"href":"https:\/\/www.graswurzel.net\/gwr\/wp-json\/wp\/v2\/types\/post"}],"author":[{"embeddable":true,"href":"https:\/\/www.graswurzel.net\/gwr\/wp-json\/wp\/v2\/users\/499"}],"replies":[{"embeddable":true,"href":"https:\/\/www.graswurzel.net\/gwr\/wp-json\/wp\/v2\/comments?post=21894"}],"version-history":[{"count":0,"href":"https:\/\/www.graswurzel.net\/gwr\/wp-json\/wp\/v2\/posts\/21894\/revisions"}],"wp:featuredmedia":[{"embeddable":true,"href":"https:\/\/www.graswurzel.net\/gwr\/wp-json\/wp\/v2\/media\/21976"}],"wp:attachment":[{"href":"https:\/\/www.graswurzel.net\/gwr\/wp-json\/wp\/v2\/media?parent=21894"}],"wp:term":[{"taxonomy":"category","embeddable":true,"href":"https:\/\/www.graswurzel.net\/gwr\/wp-json\/wp\/v2\/categories?post=21894"},{"taxonomy":"post_tag","embeddable":true,"href":"https:\/\/www.graswurzel.net\/gwr\/wp-json\/wp\/v2\/tags?post=21894"}],"curies":[{"name":"wp","href":"https:\/\/api.w.org\/{rel}","templated":true}]}}