{"id":21947,"date":"2020-03-01T01:51:18","date_gmt":"2020-02-29T23:51:18","guid":{"rendered":"https:\/\/www.graswurzel.net\/gwr\/?p=21947"},"modified":"2022-07-26T13:45:01","modified_gmt":"2022-07-26T11:45:01","slug":"blues-der-staedte-oder-die-bewegung-2-juni","status":"publish","type":"post","link":"https:\/\/www.graswurzel.net\/gwr\/2020\/03\/blues-der-staedte-oder-die-bewegung-2-juni\/","title":{"rendered":"Blues der St\u00e4dte oder Die Bewegung 2. Juni"},"content":{"rendered":"<p><a href=\"https:\/\/www.graswurzel.net\/gwr\/wp-content\/uploads\/2020\/03\/978-3-86841-226-0-Blues-der-St\u00e4dte_cover_300pdi_SW.jpg\"><img loading=\"lazy\" decoding=\"async\" class=\" wp-image-21948 alignleft\" src=\"https:\/\/www.graswurzel.net\/gwr\/wp-content\/uploads\/2020\/03\/978-3-86841-226-0-Blues-der-St\u00e4dte_cover_300pdi_SW-699x1024.jpg\" alt=\"\" width=\"419\" height=\"614\" srcset=\"https:\/\/www.graswurzel.net\/gwr\/wp-content\/uploads\/2020\/03\/978-3-86841-226-0-Blues-der-St\u00e4dte_cover_300pdi_SW-699x1024.jpg 699w, https:\/\/www.graswurzel.net\/gwr\/wp-content\/uploads\/2020\/03\/978-3-86841-226-0-Blues-der-St\u00e4dte_cover_300pdi_SW-300x439.jpg 300w, https:\/\/www.graswurzel.net\/gwr\/wp-content\/uploads\/2020\/03\/978-3-86841-226-0-Blues-der-St\u00e4dte_cover_300pdi_SW-600x878.jpg 600w, https:\/\/www.graswurzel.net\/gwr\/wp-content\/uploads\/2020\/03\/978-3-86841-226-0-Blues-der-St\u00e4dte_cover_300pdi_SW-205x300.jpg 205w, https:\/\/www.graswurzel.net\/gwr\/wp-content\/uploads\/2020\/03\/978-3-86841-226-0-Blues-der-St\u00e4dte_cover_300pdi_SW-768x1124.jpg 768w, https:\/\/www.graswurzel.net\/gwr\/wp-content\/uploads\/2020\/03\/978-3-86841-226-0-Blues-der-St\u00e4dte_cover_300pdi_SW.jpg 1093w\" sizes=\"auto, (max-width: 419px) 100vw, 419px\" \/><\/a>Roman Danyluk hat mit \u201eBlues der St\u00e4dte\u201c die erste umfassende Untersuchung \u00fcber die Bewegung 2. Juni vorgelegt. Diese wurde im Januar 1972 von Mitgliedern verschiedener linker militanter Gruppen gegr\u00fcndet und konnte in den 1970er Jahren als eine Art \u201ekleine Schwester der RAF\u201c gelten. Von der Geschichtsschreibung wurde sie bislang vernachl\u00e4ssigt, was erstmal auch kein Nachteil ist \u2013 zumindest, wenn man sich die Parameter der herrschenden Geschichtsschreibung \u00fcber linke Militanz zu Gem\u00fcte f\u00fchrt. In ihrer Ausrichtung und internen Organisation wich die Bewegung 2. Juni von der RAF ab. W\u00e4hrend die Mitglieder der Roten Armee Fraktion in der Illegalit\u00e4t lebten, setzte die Bewegung 2. Juni auf eine Mischung aus legalen und illegalen Aktionen und auf die Zusammenarbeit von legal lebenden mit untergetauchten AktivistInnen. Statt des hierarchisch-leninistischen Aufbaus der RAF mit klarem Profil verstand sich die Bewegung 2. Juni als semi-anarchistische und gerade nicht-hierarchische Gruppe.<\/p>\n<p>Roman Danyluk widmet der Vorgeschichte, die er in einem sozialrevolution\u00e4ren Horizont im Geist von Georg B\u00fcchner sieht, mehr als ein Drittel des Buches. Darauf folgt die Geschichte und Praxis der Gruppe von 1972 bis zu ihrer Aufl\u00f6sung 1980 sowie die Darstellung ihres theoretischen Ansatzes. Nicht zu kurz kommt die Darstellung der staatlichen Reaktion und Repression. Dabei geht der Autor an vielen Stellen auf die Situation von Frauen in der BRD sowie auf die Positionen und Aktionen von Aktivistinnen ein. Am Ende des Buches widmet Danyluk in sehr instruktiver Weise den Kurzbiografien von 80 AktivistInnen der Bewegung einen ganzen Abschnitt: So viele Leute haben sich damals unter nicht geringem Risiko, ihr Leben zu verlieren oder in Haft zu verbringen, f\u00fcr eine praktisch werdende fundamentale Kritik an den herrschenden Verh\u00e4ltnissen engagiert.<\/p>\n<p>Es zeichnet den Autor aus, dass er sein Buch gut lesbar und aus einer empathischen Position geschrieben hat; so werden die Bewegung 2. Juni und die RAF durchg\u00e4ngig als Stadtguerilla bzw. militante Gruppen bezeichnet, und der Autor weist mehrfach auf das Ziel der Bewegung 2. Juni hin, \u201edie radikale Linke wieder zu st\u00e4rken, ihr politisches Bewusstsein zu sch\u00e4rfen und den revolution\u00e4ren Willen in der Linken anzuheizen.\u201c (S.221) Streckenweise ist der Stil sogar bewegend, z.B. beim Werdegang und Tod von Georg von Rauch.<\/p>\n<p>Die Kapitelstruktur im Buch ist leider manchmal etwas un\u00fcbersichtlich, und der Autor hat sich daf\u00fcr entschieden, seine Vielzahl von zum Teil instruktiv in den Text gestreuten Hinweisen und Zitaten nicht mit Fu\u00dfnoten oder sonstigen Quellenangaben zu belegen. F\u00fcr jedeN neugierig ForschendeN ist sowas ein \u00c4rgernis. Einerseits. Anderseits macht Danyluk auch dadurch klar, dass ihm nichts an einer scheinobjektiv-wissenschaftlichen Abhandlung liegt. Sein Buch, f\u00fcr das er \u00fcber Jahre hinweg geforscht und Interviews mit ehemaligen Mitgliedern gef\u00fchrt hat, ist ganz aus einer gegenw\u00e4rtigen aktivistischen Perspektive verfasst.<\/p>\n<p>Dieses Buch ist ein informatives Werk, das in die Tiefe geht und die Bewegung 2. Juni in die soziohistorischen Umst\u00e4nde einbettet.<\/p>\n","protected":false},"excerpt":{"rendered":"<p>Roman Danyluk hat mit \u201eBlues der St\u00e4dte\u201c die erste umfassende Untersuchung \u00fcber die Bewegung 2. Juni vorgelegt. Diese wurde im Januar 1972 von Mitgliedern verschiedener linker militanter Gruppen gegr\u00fcndet und konnte in den 1970er Jahren als eine Art \u201ekleine Schwester der RAF\u201c gelten. Von der Geschichtsschreibung wurde sie bislang vernachl\u00e4ssigt, was erstmal auch kein Nachteil &hellip; <a href=\"https:\/\/www.graswurzel.net\/gwr\/2020\/03\/blues-der-staedte-oder-die-bewegung-2-juni\/\">Weiterlesen<\/a><\/p>\n","protected":false},"author":499,"featured_media":0,"comment_status":"closed","ping_status":"closed","sticky":false,"template":"","format":"standard","meta":{"slim_seo":{"title":"Blues der St\u00e4dte oder Die Bewegung 2. Juni - graswurzelrevolution","description":"Roman Danyluk hat mit \u201eBlues der St\u00e4dte\u201c die erste umfassende Untersuchung \u00fcber die Bewegung 2. Juni vorgelegt. Diese wurde im Januar 1972 von Mitgliedern versc"},"footnotes":""},"categories":[1094,44,1058,1035],"tags":[],"class_list":["post-21947","post","type-post","status-publish","format-standard","hentry","category-446-447-februar-maerz-2020","category-bucher","category-libertaere-buchseiten","category-wunderkammer"],"_links":{"self":[{"href":"https:\/\/www.graswurzel.net\/gwr\/wp-json\/wp\/v2\/posts\/21947","targetHints":{"allow":["GET"]}}],"collection":[{"href":"https:\/\/www.graswurzel.net\/gwr\/wp-json\/wp\/v2\/posts"}],"about":[{"href":"https:\/\/www.graswurzel.net\/gwr\/wp-json\/wp\/v2\/types\/post"}],"author":[{"embeddable":true,"href":"https:\/\/www.graswurzel.net\/gwr\/wp-json\/wp\/v2\/users\/499"}],"replies":[{"embeddable":true,"href":"https:\/\/www.graswurzel.net\/gwr\/wp-json\/wp\/v2\/comments?post=21947"}],"version-history":[{"count":0,"href":"https:\/\/www.graswurzel.net\/gwr\/wp-json\/wp\/v2\/posts\/21947\/revisions"}],"wp:attachment":[{"href":"https:\/\/www.graswurzel.net\/gwr\/wp-json\/wp\/v2\/media?parent=21947"}],"wp:term":[{"taxonomy":"category","embeddable":true,"href":"https:\/\/www.graswurzel.net\/gwr\/wp-json\/wp\/v2\/categories?post=21947"},{"taxonomy":"post_tag","embeddable":true,"href":"https:\/\/www.graswurzel.net\/gwr\/wp-json\/wp\/v2\/tags?post=21947"}],"curies":[{"name":"wp","href":"https:\/\/api.w.org\/{rel}","templated":true}]}}