{"id":23117,"date":"2020-09-10T10:03:09","date_gmt":"2020-09-10T08:03:09","guid":{"rendered":"https:\/\/www.graswurzel.net\/gwr\/?p=23117"},"modified":"2020-09-10T10:03:09","modified_gmt":"2020-09-10T08:03:09","slug":"ende-gelaende-aktion-2020-im-rheinland","status":"publish","type":"post","link":"https:\/\/www.graswurzel.net\/gwr\/2020\/09\/ende-gelaende-aktion-2020-im-rheinland\/","title":{"rendered":"Ende Gel\u00e4nde Aktion 2020 im Rheinland"},"content":{"rendered":"<p style=\"text-align: justify;\">Unsere Aktion 2020 findet vom 23.\u201328. September statt \u2013 blockieren werden wir von Freitag bis Sonntag. Es wird etwa zehn Anlaufstellen im und um das Rheinische Braunkohlerevier geben. Das ist Teil unseres Infektionsschutzkonzeptes, wodurch nicht zu viele Menschen an einem Ort sein werden. Anlaufstellen sind Orte, wo sich die Aktivistis vor, w\u00e4hrend und nach der Aktion aufhalten k\u00f6nnen. Dort wird sich um die Unterbringung in Zelten oder \u00fcber eine Bettenb\u00f6rse gek\u00fcmmert, aber sie bieten auch Zugang zu Informationen, Materialien und eventuell auch Aktionstrainings und Essen. In den n\u00e4chsten Wochen wird es dazu auf ende-gelaende.org weitere Infos geben.<\/p>\n<p style=\"text-align: justify;\">Von den Anlaufstellen werden die verschiedenen Finger starten. Im Vergleich zu den letzten Jahren wird es mehr, aber daf\u00fcr kleinere Finger geben, um die Aktion m\u00f6glichst Corona-kompatibel zu gestalten. Es wird unter anderem wieder einen bunten Finger, sowie einen Anti-Kohle-Kidz-Finger geben. Auch f\u00fcr nicht Deutsch sprechende Menschen wird es Finger geben, die in anderen Sprachen kommunizieren.Der bunte Finger soll offen f\u00fcr Menschen sein, die gerade nicht die Kapazit\u00e4ten haben, kilometerlang \u00fcber Felder, Kanten und durch Polizeiketten zu laufen und versucht, die Bed\u00fcrfnisse von Rollstuhlfahrer*innen, Menschen auf Kr\u00fccken und k\u00f6rperlich eingeschr\u00e4nkten Personen mitzudenken.<\/p>\n<p style=\"text-align: justify;\">Die Anti-Kohle-Kidz m\u00f6chten ein Aktions-Angebot f\u00fcr junge Menschen sein. Ein angepasster Aktionskonsens und weitere detailliertere Informationen zu Anlaufstelle, Legales und Co. werden bald ver\u00f6ffentlicht.Bitte k\u00fcmmert euch im Vorfeld um die Aktionsvorbereitung in eurer Stadt oder Region und nehmt dort an Aktionstrainings teil, da es dieses Jahr kein gro\u00dfes zentrales Klimacamp mit Workshopangeboten geben wird und wir m\u00f6glicherweise nicht \u00fcberall Aktionstrainings anbieten k\u00f6nnen. Frischt am besten auch euer Erste Hilfe Wissen auf, da nicht \u00fcberall immer Demosanis vor Ort sein werden.<\/p>\n<p style=\"text-align: justify;\">In den n\u00e4chsten Wochen werden wir alle relevanten Infos zur Aktion auf <a href=\"http:\/\/www.ende-gelaende.org\/aktion2020\">www.ende-gelaende.org\/aktion2020<\/a> stellen.<\/p>\n<p style=\"text-align: right;\"><strong>Ende Gel\u00e4nde<\/strong><\/p>\n","protected":false},"excerpt":{"rendered":"<p>Unsere Aktion 2020 findet vom 23.\u201328. September statt \u2013 blockieren werden wir von Freitag bis Sonntag. Es wird etwa zehn Anlaufstellen im und um das Rheinische Braunkohlerevier geben. Das ist Teil unseres Infektionsschutzkonzeptes, wodurch nicht zu viele Menschen an einem Ort sein werden. Anlaufstellen sind Orte, wo sich die Aktivistis vor, w\u00e4hrend und nach der &hellip; <a href=\"https:\/\/www.graswurzel.net\/gwr\/2020\/09\/ende-gelaende-aktion-2020-im-rheinland\/\">Weiterlesen<\/a><\/p>\n","protected":false},"author":502,"featured_media":0,"comment_status":"closed","ping_status":"closed","sticky":false,"template":"","format":"standard","meta":{"slim_seo":{"title":"Ende Gel\u00e4nde Aktion 2020 im Rheinland - graswurzelrevolution","description":"Unsere Aktion 2020 findet vom 23.\u201328. September statt \u2013 blockieren werden wir von Freitag bis Sonntag. Es wird etwa zehn Anlaufstellen im und um das Rheinische"},"footnotes":""},"categories":[1030,1029],"tags":[1223,1222,1224,1189],"class_list":["post-23117","post","type-post","status-publish","format-standard","hentry","category-es-wird-ein-laecheln-sein","category-prima-klima","tag-ende-gelaende","tag-klimakrise","tag-kohleausstieg","tag-ziviler-ungehorsam"],"_links":{"self":[{"href":"https:\/\/www.graswurzel.net\/gwr\/wp-json\/wp\/v2\/posts\/23117","targetHints":{"allow":["GET"]}}],"collection":[{"href":"https:\/\/www.graswurzel.net\/gwr\/wp-json\/wp\/v2\/posts"}],"about":[{"href":"https:\/\/www.graswurzel.net\/gwr\/wp-json\/wp\/v2\/types\/post"}],"author":[{"embeddable":true,"href":"https:\/\/www.graswurzel.net\/gwr\/wp-json\/wp\/v2\/users\/502"}],"replies":[{"embeddable":true,"href":"https:\/\/www.graswurzel.net\/gwr\/wp-json\/wp\/v2\/comments?post=23117"}],"version-history":[{"count":0,"href":"https:\/\/www.graswurzel.net\/gwr\/wp-json\/wp\/v2\/posts\/23117\/revisions"}],"wp:attachment":[{"href":"https:\/\/www.graswurzel.net\/gwr\/wp-json\/wp\/v2\/media?parent=23117"}],"wp:term":[{"taxonomy":"category","embeddable":true,"href":"https:\/\/www.graswurzel.net\/gwr\/wp-json\/wp\/v2\/categories?post=23117"},{"taxonomy":"post_tag","embeddable":true,"href":"https:\/\/www.graswurzel.net\/gwr\/wp-json\/wp\/v2\/tags?post=23117"}],"curies":[{"name":"wp","href":"https:\/\/api.w.org\/{rel}","templated":true}]}}