{"id":23235,"date":"2020-10-04T15:24:08","date_gmt":"2020-10-04T13:24:08","guid":{"rendered":"https:\/\/www.graswurzel.net\/gwr\/?p=23235"},"modified":"2020-10-21T19:50:24","modified_gmt":"2020-10-21T17:50:24","slug":"querdenker-demos-in-schwarz-weiss-rot","status":"publish","type":"post","link":"https:\/\/www.graswurzel.net\/gwr\/2020\/10\/querdenker-demos-in-schwarz-weiss-rot\/","title":{"rendered":"\u201eQuerdenker\u201c-Demos in schwarz-wei\u00df-rot"},"content":{"rendered":"<p style=\"text-align: justify;\">Am 29. August 2020 demonstrierten ca. 38.000 Menschen in Berlin gegen die Corona-Politik der Bundesregierung, u.a. mit der Forderung nach Aufhebung s\u00e4mtlicher Corona-Schutz-Ma\u00dfnahmen. Dieser von der Initiative \u201eQuerdenken 711\u201c verantwortete Aufmarsch \u00e4hnelte den kleineren und gr\u00f6\u00dferen Demos von \u201eCorona-Rebellen\u201c in der nahen Vergangenheit an verschiedenen Orten der Republik. Weitere Demos aus diesem verschw\u00f6rungsmythischen Spektrum sind angek\u00fcndigt. Uns treibt die Frage um, wie diese Demos zu bewerten sind, weil wahrnehmbar ein buntes politisches Spektrum von Menschen dort vertreten war.<\/p>\n<p style=\"text-align: justify;\">Auffallend waren:<\/p>\n<ol style=\"text-align: justify;\">\n<li>Parolen f\u00fcr \u201eFreiheit, Frieden, Selbstbestimmung\u201c und \u201eVerteidigung der Demokratie und des Grundgesetzes\u201c.<\/li>\n<li>pazifistische Symbole: Regenbogenfahne mit PACE-Schriftzug, das Peace-Zeichen und das Gandhi-Portrait.<\/li>\n<li>Reichskriegsfahnen und andere rechtsextremistische Symbole und markante Neonazi-Typen neben bunt gekleideten Menschen, darunter Meditierende und Personen mit Dreadlock-Frisuren. Es gab Kommentare, dass die \u201eSchwingungen auf der Demo friedlich und gut\u201c waren.<\/li>\n<li>Linke Organisationen und linke Einzelpersonen positionierten sich f\u00fcr die Demo und sprachen von einer \u201eDemokratie-Bewegung\u201c.<\/li>\n<\/ol>\n<h5 style=\"text-align: justify;\">Zu 1:<\/h5>\n<p style=\"text-align: justify;\">Die Parolen an sich k\u00f6nnten sympathisch sein. Wenn wir diese aber in Bezug setzen zur Demo-Realit\u00e4t und den politischen Reden auf den Demos, dann stehen die Parolen in Bezug auf ein verschrobenes Weltbild. Die Initiator*innen der Demos und viele Redner*innen sprachen n\u00e4mlich von einem sogenannten \u201eCorona-Regime\u201c oder von einer \u201eCorona-Diktatur\u201c.<\/p>\n<p style=\"text-align: justify;\">Wenn wir rational-argumentativ \u00fcber die Einschr\u00e4nkungen der Grundrechte diskutieren wollen, die es unzweifelhaft in der Pandemie gibt, dann finden wir aus radikal-demokratischer Sicht bei der <a href=\"http:\/\/www.humanistische-union.de\/\">Humanistischen Union<\/a> die passenden Argumente und Reflexionen dazu. Zum Beispiel sind verfassungsrechtliche Diskussionen \u00fcber Menschenw\u00fcrde versus Gesundheitsschutz wichtig und auch notwendig. Das kann auch ein philosophischer Ma\u00dfstab f\u00fcr libert\u00e4r-sozialistisches Handeln sein. Eine politische Streitkultur ist wichtig und diese gibt es, obwohl Demo-Initiatoren und Redner*innen das bestreiten.<\/p>\n<h5 style=\"text-align: justify;\">Zu 2:<\/h5>\n<p style=\"text-align: justify;\">Das Zeigen von pazifistischen Symbolen fordert nat\u00fcrlich eine pazifistisch-antimilitaristische Organisation heraus. Dazu m\u00fcssen wir n\u00fcchtern feststellen, dass es Friedensfreund*innen gibt, die entweder unkritisch bei den Demos dabei waren, bewusst nach rechts offen sind oder Rechtsextremisten nicht erkennen wollen. Wir stellen bei jeder Demo die kritischen Fragen nach den Initiator*innen und den B\u00fcndnispartner*innen. Alle Friedensfreunde*innen, die bei den Demos dabei waren, w\u00e4ren gut beraten, wenn sie sich an Organisationen wie zum Beispiel der Internationale der Kriegsdienstgegner*innen (IDK), der DFG-VK oder der Zeitschrift Graswurzelrevolution orientieren w\u00fcrden, die n\u00e4mlich den Demos fern waren und niemals mit <a href=\"https:\/\/www.graswurzel.net\/gwr\/2020\/10\/23209\/\">Rechtsextremisten<\/a> gemeinsame Sache machen w\u00fcrden. Zum gezeigten Portrait von Gandhi m\u00fcssen wir konstatieren, dass <a href=\"https:\/\/www.graswurzel.net\/gwr\/2020\/03\/gandhis-anarchismus-und-seine-aktuelle-relevanz\/\">Gandhi<\/a> als Referenzperson f\u00fcr gewaltlosen Widerstand verwendet werden kann. Aus gewaltfrei-pazifistischer Sicht kritisieren wir das Zusammengehen mit Nationalisten.<\/p>\n<h5 style=\"text-align: justify;\">Zu 3:<\/h5>\n<p style=\"text-align: justify;\">Der Bereich der Medizin und der alternativen Medizin wurde bereits von <a href=\"https:\/\/www.graswurzel.net\/gwr\/2020\/08\/corona-leugnung-und-neue-rechte\/\">Andreas Kemper in der GWR Nr. 451<\/a> beleuchtet. Wir wollen nicht alternative Medizin an sich verurteilen. Allerdings sind in der alternativen Medizin z.B. auch Impfgegner*innen zu finden oder andere Leute, die ein einfaches und nat\u00fcrliches Leben wollen. Das ist an sich auch unproblematisch und geh\u00f6rt durchaus auch zum gewaltfrei-pazifistischen Gesellschaftsverst\u00e4ndnis.<\/p>\n<p style=\"text-align: justify;\">Es wird dann ein politisches Problem, wenn kritische Analysen und rationale Reflexionen zur Corona-Pandemie f\u00fcr Erkl\u00e4rungsmuster mit Feindbildern oder f\u00fcr <a href=\"https:\/\/www.graswurzel.net\/gwr\/2020\/06\/das-gespenst-der-freiheit\/\">Verschw\u00f6rungs-Erz\u00e4hlungen<\/a> aufgegeben werden. \u201eRechtspopulisten\u201c, Rechtsnationalisten und andere autorit\u00e4re Politiker*innen sind weltweit an dieser politischen Haltung zu erkennen.<\/p>\n<p style=\"text-align: justify;\">Wir m\u00f6chten hier auf die Aktivit\u00e4ten der Neuen Rechten hinweisen, die seit den 1970er-Jahren mit dem Aufkommen der \u00d6kologiebewegung versuchen, ihr nationalistisches Gedankengut einzubringen. Sie verbinden eine Art \u00d6ko-Agrarromantik mit Esoterik, nat\u00fcrliches Leben mit v\u00f6lkischer Ideologie, gegen die moderne und liberale Gesellschaft der Gro\u00dfst\u00e4dte gerichtet. Da passen dann auch die Verschw\u00f6rungs-Erz\u00e4hlungen \u00fcber angebliche Eliten hinein (etc.). Es gibt sie wieder verst\u00e4rkt, die braune Esoterik und auch die v\u00f6lkische Landnahme. Die Aussteiger*innen von rechts betreiben \u00f6kologische Landwirtschaft, pflegen altes Handwerk und nationales Brauchtum, organisieren Landkaufgruppen und eigene Wirtschaftsnetzwerke, die bundesweit agieren. Sie bringen sich in \u00f6rtlichen Vereinen ein, gehen in die lokale Politik, um Umweltschutz mit \u201eVolksschutz\u201c zu verbinden. Und in diese Linie passt dann die Beteiligung gegen die Corona-Schutz-Ma\u00dfnahmen.<\/p>\n<p style=\"text-align: justify;\">Dagegen publizierte die IDK \u00f6ko-pazifistisch-libert\u00e4re Perspektiven auch als Aufforderung zur Wachsamkeit und Kritik an Rechtspopulisten und neuen Nazis. (Vgl. Klimakiller-Krieg &#8211; \u2026 zum Klimawandel, IDK-Schriftenreihe Nr. 8, Januar 2020).<\/p>\n<h5 style=\"text-align: justify;\">Zu 4:<\/h5>\n<p style=\"text-align: justify;\">Eine linke Organisation ist die in den sozialen Medien laut auftretende \u201eKPD\/Rote Fahne\u201c (Stefan Steins), die in der national-kommunistischen Tradition von Ernst Th\u00e4lmann von einer Demokratiebewegung spricht. Zur Verteidigung der demokratischen Grundordnung und des Rechtsstaates gelte es diese Volksfront zu unterst\u00fctzen. Sie sprechen von den NATO-Parteien des Corona-Regimes und fordern schon seit einiger Zeit den Austritt Deutschlands aus der NATO.<\/p>\n<p style=\"text-align: justify;\">Die orthodoxe Linke trifft mit rechten Russland-Freunden zusammen. Aus der Partei Die Linke profilieren sich Christiane Reymann und Wolfgang Gehrcke mit Videos bei WeltnetzTV, dem \u201eRoter Platz\u201c bei YouTube. Sie formulierten viel Verst\u00e4ndnis f\u00fcr die \u201eSorgen\u201c der vielen unterschiedlichen Menschen auf der Corona-Demo und kolportieren die \u00fcberh\u00f6hte Zahl der Demo-Teilnehmer*innen vom 1. August 2020, freuten sich \u00fcber die Parolen \u201eFrieden und Freiheit\u201c (dazu siehe 1.) und f\u00f6rdern eine Querfront-Politik, in der rechte und linke Politik zusammenwirkt. Zum Gl\u00fcck vertreten Reymann und Gehrcke eine Minderheitsposition in der Partei Die Linke.<\/p>\n<p style=\"text-align: justify;\">Die IDK stellt klar: WeltnetzTV, Rubikon, KenFM etc. betreiben eine Medienpolitik, die niemals unsere Unterst\u00fctzung und Zusammenarbeit finden kann. Bei den sogenannten Anti-Corona-Ma\u00dfnahmen-Demonstrationen bleiben wir fern und\/oder sind bei den Gegen-Demos dabei. Es gilt nach wie vor: keine Zusammenarbeit mit Nazis und keine Teilnahme an einer nach rechts offenen Demo.<\/p>\n","protected":false},"excerpt":{"rendered":"<p>Am 29. August 2020 demonstrierten ca. 38.000 Menschen in Berlin gegen die Corona-Politik der Bundesregierung, u.a. mit der Forderung nach Aufhebung s\u00e4mtlicher Corona-Schutz-Ma\u00dfnahmen. Dieser von der Initiative \u201eQuerdenken 711\u201c verantwortete Aufmarsch \u00e4hnelte den kleineren und gr\u00f6\u00dferen Demos von \u201eCorona-Rebellen\u201c in der nahen Vergangenheit an verschiedenen Orten der Republik. Weitere Demos aus diesem verschw\u00f6rungsmythischen Spektrum sind &hellip; <a href=\"https:\/\/www.graswurzel.net\/gwr\/2020\/10\/querdenker-demos-in-schwarz-weiss-rot\/\">Weiterlesen<\/a><\/p>\n","protected":false},"author":499,"featured_media":23334,"comment_status":"closed","ping_status":"closed","sticky":false,"template":"","format":"standard","meta":{"slim_seo":{"title":"\u201eQuerdenker\u201c-Demos in schwarz-wei\u00df-rot - graswurzelrevolution","description":"Am 29. August 2020 demonstrierten ca. 38.000 Menschen in Berlin gegen die Corona-Politik der Bundesregierung, u.a. mit der Forderung nach Aufhebung s\u00e4mtlicher C"},"footnotes":""},"categories":[1226,1112,1057],"tags":[1100,1140,1073,1235],"class_list":["post-23235","post","type-post","status-publish","format-standard","has-post-thumbnail","hentry","category-452-oktober-2020","category-corona-krise","category-der-rechte-rand","tag-corona","tag-covid-19","tag-protest","tag-rechtsextremismus"],"_links":{"self":[{"href":"https:\/\/www.graswurzel.net\/gwr\/wp-json\/wp\/v2\/posts\/23235","targetHints":{"allow":["GET"]}}],"collection":[{"href":"https:\/\/www.graswurzel.net\/gwr\/wp-json\/wp\/v2\/posts"}],"about":[{"href":"https:\/\/www.graswurzel.net\/gwr\/wp-json\/wp\/v2\/types\/post"}],"author":[{"embeddable":true,"href":"https:\/\/www.graswurzel.net\/gwr\/wp-json\/wp\/v2\/users\/499"}],"replies":[{"embeddable":true,"href":"https:\/\/www.graswurzel.net\/gwr\/wp-json\/wp\/v2\/comments?post=23235"}],"version-history":[{"count":0,"href":"https:\/\/www.graswurzel.net\/gwr\/wp-json\/wp\/v2\/posts\/23235\/revisions"}],"wp:featuredmedia":[{"embeddable":true,"href":"https:\/\/www.graswurzel.net\/gwr\/wp-json\/wp\/v2\/media\/23334"}],"wp:attachment":[{"href":"https:\/\/www.graswurzel.net\/gwr\/wp-json\/wp\/v2\/media?parent=23235"}],"wp:term":[{"taxonomy":"category","embeddable":true,"href":"https:\/\/www.graswurzel.net\/gwr\/wp-json\/wp\/v2\/categories?post=23235"},{"taxonomy":"post_tag","embeddable":true,"href":"https:\/\/www.graswurzel.net\/gwr\/wp-json\/wp\/v2\/tags?post=23235"}],"curies":[{"name":"wp","href":"https:\/\/api.w.org\/{rel}","templated":true}]}}