{"id":24074,"date":"2020-12-22T14:19:36","date_gmt":"2020-12-22T12:19:36","guid":{"rendered":"https:\/\/www.graswurzel.net\/gwr\/2020\/12\/unsichtbare-beeintraechtigungen\/"},"modified":"2021-01-03T18:27:02","modified_gmt":"2021-01-03T16:27:02","slug":"unsichtbare-beeintraechtigungen","status":"publish","type":"post","link":"https:\/\/www.graswurzel.net\/gwr\/2020\/12\/unsichtbare-beeintraechtigungen\/","title":{"rendered":"Unsichtbare Beeintr\u00e4chtigungen"},"content":{"rendered":"<p style=\"text-align: justify;\">Es gibt Beeintr\u00e4chtigungen, die der betroffenen Person per se nicht direkt anzusehen sind. Sie k\u00f6nnen physischer oder psychischer Natur sein. Und sie sind eben unsichtbar, bis die betroffene Person auf die Beeintr\u00e4chtigung hinweist oder diese nach und nach durch beobachtetes Verhalten der betroffenen Person vermutet wird. Depressionen zum Beispiel sind bei einer Person, die sich momentan nicht in einer aktuellen Phase befindet, wohl eher schwer zu erkennen. Oder k\u00f6rperliche Defizite wie zum Beispiel Taubheit und Schwerh\u00f6rigkeit.<\/p>\n<p style=\"text-align: justify;\">Seit ich denken kann verstehe ich meine Mitmenschen schlecht. Bis vor einigen Jahren erkl\u00e4rte ich mir das selbst als Konzentrationsmangel, wenn ich mich an den Inhalt von Gespr\u00e4chen nur zum Teil erinnerte. Aufgrund von zunehmenden Ohrger\u00e4uschen, auch bekannt als Tinnitus, wurde beim fach\u00e4rztlichen Besuch die angeborene H\u00f6rschw\u00e4che diagnostiziert. Vor allem in Gespr\u00e4chen mit mehreren Personen und in gro\u00dfen R\u00e4umen mit sehr vielen Menschen komme ich nicht nur an die Grenze des Verst\u00e4ndlichen, sondern auch des Ertr\u00e4glichen. Da entsteht ein Brei an Ger\u00e4uschen, den ich nicht mehr als Sprache aufnehme. Wenn es im Plenum zum Beispiel Nebengespr\u00e4che gibt, Menschen mit sehr leiser Stimme sprechen, wenn jemand mit mir in abgewandter Haltung spricht, je nachdem wie stark gerade meine Ohrger\u00e4usche sind, die mich t\u00e4glich begleiten, seit wegen Covid-19 die M\u00fcnder mit Masken bedeckt sind\u2026. Dann bin ich am Limit der Aufnahmef\u00e4higkeit. Und das f\u00fchrt immer wieder zu zwischenmenschlichen Problemen und zu Ausgrenzung.<\/p>\n<p style=\"text-align: justify;\">Ich habe mir angew\u00f6hnt, dieses Defizit anzusprechen, sobald ich in eine Gruppe von Menschen gerate, in der mich nur wenige kennen. Ich k\u00fcndige dies zum Beispiel so an: \u201eHallo, ich bin Monty, und ich habe eine H\u00f6rschw\u00e4che. Ich bin auf eine gewisse Gespr\u00e4chskultur angewiesen, in der wir uns ausreden lassen, nicht mehrere Personen gleichzeitig sprechen. Ich werde immer wieder nachfragen m\u00fcssen, weil ich einzelne Worte oder Satzteile nicht mitbekommen werde. Ich habe zwar H\u00f6rger\u00e4te, die f\u00fchren aber des \u00d6fteren zu einer \u00dcberreizung. Deshalb trage ich sie oft nicht. Das liegt daran, dass ich haupts\u00e4chlich im Sprachspektrum schlecht h\u00f6re. Andere Ger\u00e4usche und Nebengespr\u00e4che k\u00f6nnen ungewollt mit verst\u00e4rkt werden und in mir zu einer \u00dcberreizung f\u00fchren. Daher bin ich auf eure Mitarbeit und Geduld angewiesen.\u201c<\/p>\n<p style=\"text-align: justify;\">Die Antwort darauf ist meist: \u201eDanke f\u00fcrs Mitteilen, ist ja aber nicht schlimm.\u201c Doch es ist schlimm f\u00fcr mich. Nicht nur, dass es mich nervt, mit diesen Ohren auf die Welt gekommen zu sein. Es kommt regelm\u00e4\u00dfig zu ungeduldigem Verhalten meiner Gespr\u00e4chspartner*innen wenn ich das x-te Mal nachfragen musste. Wenn ich immer und immer wieder auf das hinweisen muss, was ich bereits bei meiner Vorstellung gesagt hatte \u2013 wenn sich dar\u00fcber lustig gemacht wird, was \u00f6fter vorkommt als ihr euch vielleicht denken m\u00f6gt. Wenn ich als \u201eBulle\u201c betitelt werde (ob aus Spa\u00df oder im Ernst) weil ich Ger\u00e4te im Ohr habe. Es ist frustrierend und es isolierend. Am Rande zu stehen, weil erforderliche Informationen nicht in ausreichender F\u00fclle ankommen oder es k\u00fcrzlich Situationen gab, die einfach unertr\u00e4glich schmerzhaft waren. Denn aufgrund solcher Reaktionen entferne ich mich immer wieder aus Gruppen, da es oft an Verst\u00e4ndnis, Geduld und Awareness fehlt. Weil ich immer wieder nur mit einem Teil der besprochenen Informationen auskommen muss. Wenn ich bevormundet werde mit S\u00e4tzen wie: \u201eTrag doch verdammt noch mal deine H\u00f6rger\u00e4te, wenn du nix verstehst\u201c. Irgendwann ist einfach mal gut! Ich kann selbst einsch\u00e4tzen und entscheiden, was wann f\u00fcr mich gut ist und wann nicht. Zum k\u00f6rperlichen Defizit hat sich im Laufe der Jahre auch ein seelisches entwickelt: \u00c4ngste vor bestimmten Situationen und den Reaktionen der Mitmenschen.Aber es geben sich auch Menschen M\u00fche, die mich unterst\u00fctzen und ernst nehmen. Danke daf\u00fcr!<\/p>\n<p style=\"text-align: justify;\">Ich frage mich immer \u00f6fter, wie oft ich denn anderen Menschen \u2013 mit oder ohne Beeintr\u00e4chtigung \u2013 Unverst\u00e4ndnis oder Ungeduld entgegen bringe. Wer stellt sich denn schon gerne \u201edoof\u201c an? Wer bleibt denn schon gerne auf der Strecke? Wie oft habe ich selbst Menschen gewertet (und tue es zu oft immer noch), weil sie mich nicht verstehen bzw. nachvollziehen k\u00f6nnen, zu schnell oder zu langsam sind, nicht das tun, was ich in dem Moment erwartet hatte. Wir m\u00fcssen endlich raus aus dem Leistungsdenken. Wenn jemand nicht mitkommt, dann gehen wir zur\u00fcck und holen die Person ab. Lasst uns Geduld \u00fcben.<\/p>\n","protected":false},"excerpt":{"rendered":"<p>Es gibt Beeintr\u00e4chtigungen, die der betroffenen Person per se nicht direkt anzusehen sind. Sie k\u00f6nnen physischer oder psychischer Natur sein. Und sie sind eben unsichtbar, bis die betroffene Person auf die Beeintr\u00e4chtigung hinweist oder diese nach und nach durch beobachtetes Verhalten der betroffenen Person vermutet wird. Depressionen zum Beispiel sind bei einer Person, die sich &hellip; <a href=\"https:\/\/www.graswurzel.net\/gwr\/2020\/12\/unsichtbare-beeintraechtigungen\/\">Weiterlesen<\/a><\/p>\n","protected":false},"author":502,"featured_media":0,"comment_status":"closed","ping_status":"closed","sticky":false,"template":"","format":"standard","meta":{"slim_seo":{"title":"Unsichtbare Beeintr\u00e4chtigungen - graswurzelrevolution","description":"Es gibt Beeintr\u00e4chtigungen, die der betroffenen Person per se nicht direkt anzusehen sind. Sie k\u00f6nnen physischer oder psychischer Natur sein. Und sie sind eben"},"footnotes":""},"categories":[1350,1297],"tags":[],"class_list":["post-24074","post","type-post","status-publish","format-standard","hentry","category-455-januar-2021","category-ableismus"],"_links":{"self":[{"href":"https:\/\/www.graswurzel.net\/gwr\/wp-json\/wp\/v2\/posts\/24074","targetHints":{"allow":["GET"]}}],"collection":[{"href":"https:\/\/www.graswurzel.net\/gwr\/wp-json\/wp\/v2\/posts"}],"about":[{"href":"https:\/\/www.graswurzel.net\/gwr\/wp-json\/wp\/v2\/types\/post"}],"author":[{"embeddable":true,"href":"https:\/\/www.graswurzel.net\/gwr\/wp-json\/wp\/v2\/users\/502"}],"replies":[{"embeddable":true,"href":"https:\/\/www.graswurzel.net\/gwr\/wp-json\/wp\/v2\/comments?post=24074"}],"version-history":[{"count":0,"href":"https:\/\/www.graswurzel.net\/gwr\/wp-json\/wp\/v2\/posts\/24074\/revisions"}],"wp:attachment":[{"href":"https:\/\/www.graswurzel.net\/gwr\/wp-json\/wp\/v2\/media?parent=24074"}],"wp:term":[{"taxonomy":"category","embeddable":true,"href":"https:\/\/www.graswurzel.net\/gwr\/wp-json\/wp\/v2\/categories?post=24074"},{"taxonomy":"post_tag","embeddable":true,"href":"https:\/\/www.graswurzel.net\/gwr\/wp-json\/wp\/v2\/tags?post=24074"}],"curies":[{"name":"wp","href":"https:\/\/api.w.org\/{rel}","templated":true}]}}