{"id":24671,"date":"2021-03-29T10:29:55","date_gmt":"2021-03-29T08:29:55","guid":{"rendered":"https:\/\/www.graswurzel.net\/gwr\/2021\/03\/theorie-praxis\/"},"modified":"2022-01-12T19:43:12","modified_gmt":"2022-01-12T17:43:12","slug":"theorie-praxis","status":"publish","type":"post","link":"https:\/\/www.graswurzel.net\/gwr\/2021\/03\/theorie-praxis\/","title":{"rendered":"Theorie &#038; Praxis"},"content":{"rendered":"<p style=\"text-align: justify;\">Was braucht man, um eine gute redaktionelle Arbeit zu gew\u00e4hrleisten? Was k\u00f6nnten wir besser machen? Welche Themen und Schwerpunkte wollen wir ver\u00f6ffentlichen und wie k\u00f6nnen wir dem Anspruch gerecht werden, Theorie und Praxis zu verkn\u00fcpfen? Diese Fragen stellen wir uns, seit wir diese Position \u00fcbernommen haben.<br \/>\nDie eigene Arbeit kritisch zu reflektieren geh\u00f6rt zu unserer T\u00e4tigkeit in der Redaktion. Schlie\u00dflich m\u00f6chten wir eine ansprechende Zeitung herausgeben und die A-Bewegung kritisch begleiten. Deshalb freuen wir uns \u00fcber jedes Feedback. Helft uns die GWR mit Euren Ideen, Anregungen und Kommentaren zu bereichern. Schreibt uns Eure Meinung dazu an: <a href=\"mailto:redaktion@graswurzel.net\">redaktion@graswurzel.net<\/a><\/p>\n<h5 style=\"text-align: justify;\">K\u00e4mpfen ist die halbe Miete<\/h5>\n<p style=\"text-align: justify;\">In dieser Ausgabe stellen wir die Situation von Mieter*innen in den Vordergrund und geben Einblicke in die gegenw\u00e4rtigen Herausforderungen der Mieter*innen-Bewegung. Einen Einstieg ins Thema bietet Sebastian Gerhard mit seinem Beitrag \u201eGefangen in den eigenen vier W\u00e4nden?\u201c, in dem er die Wohnungsfrage unter Pandemiebedingungen diskutiert. In zwei Interviews stellen wir die praxisorientierten Ans\u00e4tze von Initiativen aus M\u00fcnster und Lodz vor. Beide k\u00e4mpfen f\u00fcr bezahlbaren und menschenw\u00fcrdigen Wohnraum. Eine m\u00f6gliche L\u00f6sung f\u00fcr die Wohnungsnot bietet der Ansatz des Mietsh\u00e4user Syndikats, der am Beispiel des Wohnprojekts Esperanza beschrieben wird. Zwei weitere Beitr\u00e4ge aus dem europ\u00e4ischen Raum, Lissabon und Ljubljana, erg\u00e4nzen den Schwerpunkt.<\/p>\n<h5 style=\"text-align: justify;\">Was gibt es noch?<\/h5>\n<p style=\"text-align: justify;\">Anne S. Respondek beschreibt den ersch\u00fctternden Fall von Elfriede M., die als Opfer sexuellen Kindesmissbrauchs im Nationalsozialismus nach Auschwitz kam. Dabei deckt die Autorin auch Mechanismen des dehumanisierenden Umgangs mit den Frauen und der T\u00e4ter-Opfer-Umkehrung auf. Stephen Zunes interessante Analyse wirft die Frage nach der Rolle der gewaltfreien Bewegung bei der Verhinderung des Staatsstreichs in den USA auf. Die Klimabewegung ist mit einem Bericht aus K\u00f6ln zum Klimastreik vertreten. Als Fortf\u00fchrung unserer Berichterstattung zum Rondenbarg-Prozess drucken wir das Interview mit Yannik, einem G-20-Angeklagten ab.<br \/>\nAuf Spurensuche begeben wir uns mit einem Artikel von Maurice Schuhmann \u00fcber die Bedeutung der Pariser Commune f\u00fcr die anarchistische Bewegung. Zus\u00e4tzlich zeichnet er auch ein Portr\u00e4t von Louise Michel. Der militanten K\u00e4mpferin Louise Michel stellen wir die gewaltfreie Anarchistin Henriette Roland Holst gegen\u00fcber, die die Praxis gewaltfreier Aktion im Sozialismus begr\u00fcndete. Bei diesem Artikel handelt es sich um einem Vorabdruck aus dem Buch von Gernot Jochheim: \u201eAntimilitarismus und Gewaltfreiheit\u201c. Abgeschlossen wird diese Ausgabe mit einem Beitrag von Rolf Raasch zu B. Traven und Hannah Arendt \u00fcber dem Sprachgebrauch im Exil.<br \/>\nImmer klug, witzig und auf den Punkt gebracht sind unsere Kolumnen \u201eAlles in Ordnung\u201c von Mathias Schmidt und \u201eStichworte zum Postanarchismus\u201c von Oskar Lubin.<br \/>\nWir bedanken uns herzlich bei unseren Autor*innen und Herausgeber*innen f\u00fcr die Zusammenarbeit!<\/p>\n<p style=\"text-align: justify;\">Wir w\u00fcnschen Euch viel Spa\u00df beim Lesen!<br \/>\nGesundheit &amp; Anarchie,<br \/>\nGWR-Redaktion<\/p>\n<p>&nbsp;<\/p>\n<style> #Kasten {color: #ffffff; background-color: #007F4E; border-radius: .5em;}<\/style>\n<div id=\"Kasten\">\n<p style=\"text-align: center; font-size: x-large; font-weight: bold;\">Kein Ende mit ND!<\/p>\n<p style=\"text-align: center; margin: .1em 1.5em .5em 1.5em;\">Die GWR unterst\u00fctzt den Kampf der Belegschaft f\u00fcr den Erhalt der linken Tageszeitung<\/p>\n<p style=\"text-align: justify; margin: .1em 1.5em .5em 1.5em;\">Das einstige SED-Zentralorgan \u201eNeues Deutschland\u201c hat sich in den letzten Jahren zu einer undogmatisch, linken Tageszeitung entwickelt. Nun ist das ND von der Aufl\u00f6sung bedroht. Durch die Politik der Partei Die Linke droht den 100 ND-Besch\u00e4ftigten Ende 2021 der Jobverlust. Die GWR teilt die Kritik am Gebaren der Gesch\u00e4ftsf\u00fchrung und der Linkspartei. Wir unterst\u00fctzen die Forderungen der Kolleg*innen vom ND. Transparenz, Mitsprache und echte Chancen sind f\u00fcr eine Genossenschaft essentiell. Wir hoffen, dass das ND auch zuk\u00fcnftig gut mit den sozialen Bewegungen zusammenarbeiten kann. #ndbleibt<\/p>\n<p style=\"text-align: right; margin: .1em 1.5em 1.5em 1.5em;\">GWR-Redaktion<\/p>\n<\/div>\n","protected":false},"excerpt":{"rendered":"<p>Was braucht man, um eine gute redaktionelle Arbeit zu gew\u00e4hrleisten? Was k\u00f6nnten wir besser machen? Welche Themen und Schwerpunkte wollen wir ver\u00f6ffentlichen und wie k\u00f6nnen wir dem Anspruch gerecht werden, Theorie und Praxis zu verkn\u00fcpfen? Diese Fragen stellen wir uns, seit wir diese Position \u00fcbernommen haben. Die eigene Arbeit kritisch zu reflektieren geh\u00f6rt zu unserer &hellip; <a href=\"https:\/\/www.graswurzel.net\/gwr\/2021\/03\/theorie-praxis\/\">Weiterlesen<\/a><\/p>\n","protected":false},"author":502,"featured_media":24771,"comment_status":"closed","ping_status":"closed","sticky":false,"template":"","format":"standard","meta":{"slim_seo":{"title":"Theorie & Praxis - graswurzelrevolution","description":"Was braucht man, um eine gute redaktionelle Arbeit zu gew\u00e4hrleisten? Was k\u00f6nnten wir besser machen? Welche Themen und Schwerpunkte wollen wir ver\u00f6ffentlichen un"},"footnotes":""},"categories":[1406],"tags":[],"class_list":["post-24671","post","type-post","status-publish","format-standard","has-post-thumbnail","hentry","category-458-april-2021"],"_links":{"self":[{"href":"https:\/\/www.graswurzel.net\/gwr\/wp-json\/wp\/v2\/posts\/24671","targetHints":{"allow":["GET"]}}],"collection":[{"href":"https:\/\/www.graswurzel.net\/gwr\/wp-json\/wp\/v2\/posts"}],"about":[{"href":"https:\/\/www.graswurzel.net\/gwr\/wp-json\/wp\/v2\/types\/post"}],"author":[{"embeddable":true,"href":"https:\/\/www.graswurzel.net\/gwr\/wp-json\/wp\/v2\/users\/502"}],"replies":[{"embeddable":true,"href":"https:\/\/www.graswurzel.net\/gwr\/wp-json\/wp\/v2\/comments?post=24671"}],"version-history":[{"count":0,"href":"https:\/\/www.graswurzel.net\/gwr\/wp-json\/wp\/v2\/posts\/24671\/revisions"}],"wp:featuredmedia":[{"embeddable":true,"href":"https:\/\/www.graswurzel.net\/gwr\/wp-json\/wp\/v2\/media\/24771"}],"wp:attachment":[{"href":"https:\/\/www.graswurzel.net\/gwr\/wp-json\/wp\/v2\/media?parent=24671"}],"wp:term":[{"taxonomy":"category","embeddable":true,"href":"https:\/\/www.graswurzel.net\/gwr\/wp-json\/wp\/v2\/categories?post=24671"},{"taxonomy":"post_tag","embeddable":true,"href":"https:\/\/www.graswurzel.net\/gwr\/wp-json\/wp\/v2\/tags?post=24671"}],"curies":[{"name":"wp","href":"https:\/\/api.w.org\/{rel}","templated":true}]}}