{"id":26451,"date":"2021-12-20T19:08:50","date_gmt":"2021-12-20T17:08:50","guid":{"rendered":"https:\/\/www.graswurzel.net\/gwr\/2021\/12\/alles-jubeljahre\/"},"modified":"2022-01-12T19:54:46","modified_gmt":"2022-01-12T17:54:46","slug":"alles-jubeljahre","status":"publish","type":"post","link":"https:\/\/www.graswurzel.net\/gwr\/2021\/12\/alles-jubeljahre\/","title":{"rendered":"Alles Jubeljahre"},"content":{"rendered":"<p style=\"text-align: justify;\">Jubil\u00e4um \u00fcber Jubil\u00e4um! Nachdem wir 2021 das 100-j\u00e4hrige Bestehen der <a href=\"https:\/\/www.graswurzel.net\/gwr\/1997\/12\/prinzipienerklarung-der-war-resisters-international\/\">War Resisters\u02bc International (WRI)<\/a> feiern konnten, in der die Graswurzelrevolution (GWR) Mitglied ist, steht 2022 ein weiterer runder Jahrestag an: Die GWR kann auf ein halbes Jahrhundert als gewaltfrei-anarchistische Zeitung zur\u00fcckblicken und ist das langlebigste anarchistische Printmedium des deutschsprachigen Raums.<br \/>\n50 Jahre Graswurzelrevolution \u2013 das wollen wir in diesem Jahr nicht nur zum Anlass f\u00fcr ein gemeinsames Fest nehmen, das im Rahmen der Anarchistischen Buchmesse in Mannheim Ende Mai geplant ist, sondern auch f\u00fcr einen R\u00fcckblick. \u00dcber das ganze Jahr hinweg wollen wir die spannende Geschichte der GWR aus unterschiedlichen Perspektiven beleuchten und die Entwicklungen in verschiedenen Bereichen nachzeichnen \u2013 mal aus wissenschaftlich-analytischer Sicht, mal anhand pers\u00f6nlicher Erinnerungen. In dieser Ausgabe versuchen wir zum Auftakt einen Gesamt\u00fcberblick zu geben, indem wir markante Eckdaten, Umbr\u00fcche, Neuerungen und die vielf\u00e4ltigen Sonderprojekte der Graswurzelrevolution in einer Grafik zusammengestellt haben.<\/p>\n<p style=\"text-align: justify;\">Schwerpunkt der aktuellen Ausgabe sind die gesellschaftlichen Folgen der Pandemie in verschiedenen Bereichen: Lou Marin zeigt in seinem Beitrag die Zunahme von Gewalt auf, und Nicolai Hagedorns Artikel \u00fcber Impfgegner*innen wird erg\u00e4nzt durch Hanna S. Br\u00f6gelers Analyse der Coronaleugnerinnen. Einen Einblick in die frauen*feindliche INCEL-Szene gew\u00e4hrt Isidore Beautrelet, w\u00e4hrend die Situation im Gesundheitswesen bei Herbert Storn im Mittelpunkt steht. Mit dem Bericht von Claudia Wegener und Bulemu Mutale \u00fcber Folgen der Pandemie f\u00fcr Frauen* im l\u00e4ndlichen Simbabwe werfen wir einen Blick \u00fcber den Tellerrand.<br \/>\nDaneben finden sich weitere internationale Beitr\u00e4ge in dieser Ausgabe, vor allem zu Griechenland: Wasil Schauseil schildert die rassistische Migrationspolitik und die Lage der Gefl\u00fcchteten, und Ralf Dreis schreibt \u00fcber die Einschr\u00e4nkungen der Pressefreiheit durch die Athener Regierung. W\u00e4hrend Rosalia Krenn \u00fcber den \u00f6sterreichischen Regierungswechsel berichtet, gibt Eichh\u00f6rnchen einen \u00dcberblick \u00fcber die Anti-Atom-Bewegung im franz\u00f6sischen Bure. Seine Eindr\u00fccke von der Berner Anarchistischen Buchmesse hat liber-o festgehalten, und mit dem Referendum No Frontex kommt noch ein weiteres Projekt aus der Schweiz zu Wort. Daneben gibt es viele weitere spannende Themen zu entdecken.<\/p>\n<p style=\"text-align: justify;\">Leider steht schon wieder ein Wechsel in der Koordinationsredaktion an: Wir m\u00fcssen uns von unserer Redakteurin Monika verabschieden. Sie hat in den letzten Jahren die Zeitung engagiert vorangebracht, in Krisensituationen rettende Unterst\u00fctzung geleistet und viele gro\u00dfartige Projekte verwirklicht. F\u00fcr all deine tollen Ideen, Neuerungen und die wunderbare Zusammenarbeit ein ganz gro\u00dfes Dankesch\u00f6n \u2013 wir vermissen dich schon jetzt, Monika!<br \/>\nGl\u00fccklicherweise bleibt Monika uns als aktive Unterst\u00fctzerin erhalten und wird die Arbeit der Redaktion als Mitherausgeberin begleiten.<\/p>\n<p style=\"text-align: justify;\">Wir w\u00fcnschen euch allen erholsame Tage \u00fcber den Jahreswechsel mit viel Zeit f\u00fcr gute Lekt\u00fcre. Falls ihr noch auf der Suche nach Geschenken oder nach weiterem Lesestoff f\u00fcr die ruhigen Wochen seid, m\u00f6chten wir euch auf das GWR-Verlagsprogramm hinweisen, insbesondere auf unsere Neuerscheinung \u201e<a href=\"https:\/\/www.graswurzel.net\/gwr\/produkt\/gelebte-revolution\/\">Gelebte Revolution. Anarchismus in der Kibbuzbewegung<\/a>\u201c von James Horrox. Und selbstverst\u00e4ndlich seid ihr weiterhin dazu eingeladen, unserem Spendenaufruf zu folgen. Wir danken euch schon jetzt f\u00fcr eure massenhafte Unterst\u00fctzung!<\/p>\n<p style=\"text-align: right;\"><strong>Eure GWR-Redaktion<\/strong><\/p>\n","protected":false},"excerpt":{"rendered":"<p>Jubil\u00e4um \u00fcber Jubil\u00e4um! Nachdem wir 2021 das 100-j\u00e4hrige Bestehen der War Resisters\u02bc International (WRI) feiern konnten, in der die Graswurzelrevolution (GWR) Mitglied ist, steht 2022 ein weiterer runder Jahrestag an: Die GWR kann auf ein halbes Jahrhundert als gewaltfrei-anarchistische Zeitung zur\u00fcckblicken und ist das langlebigste anarchistische Printmedium des deutschsprachigen Raums. 50 Jahre Graswurzelrevolution \u2013 das &hellip; <a href=\"https:\/\/www.graswurzel.net\/gwr\/2021\/12\/alles-jubeljahre\/\">Weiterlesen<\/a><\/p>\n","protected":false},"author":502,"featured_media":26498,"comment_status":"closed","ping_status":"closed","sticky":false,"template":"","format":"standard","meta":{"slim_seo":{"title":"Alles Jubeljahre - graswurzelrevolution","description":"Jubil\u00e4um \u00fcber Jubil\u00e4um! Nachdem wir 2021 das 100-j\u00e4hrige Bestehen der War Resisters\u02bc International (WRI) feiern konnten, in der die Graswurzelrevolution (GWR) M"},"footnotes":""},"categories":[1595],"tags":[],"class_list":["post-26451","post","type-post","status-publish","format-standard","has-post-thumbnail","hentry","category-465-januar-2022"],"_links":{"self":[{"href":"https:\/\/www.graswurzel.net\/gwr\/wp-json\/wp\/v2\/posts\/26451","targetHints":{"allow":["GET"]}}],"collection":[{"href":"https:\/\/www.graswurzel.net\/gwr\/wp-json\/wp\/v2\/posts"}],"about":[{"href":"https:\/\/www.graswurzel.net\/gwr\/wp-json\/wp\/v2\/types\/post"}],"author":[{"embeddable":true,"href":"https:\/\/www.graswurzel.net\/gwr\/wp-json\/wp\/v2\/users\/502"}],"replies":[{"embeddable":true,"href":"https:\/\/www.graswurzel.net\/gwr\/wp-json\/wp\/v2\/comments?post=26451"}],"version-history":[{"count":0,"href":"https:\/\/www.graswurzel.net\/gwr\/wp-json\/wp\/v2\/posts\/26451\/revisions"}],"wp:featuredmedia":[{"embeddable":true,"href":"https:\/\/www.graswurzel.net\/gwr\/wp-json\/wp\/v2\/media\/26498"}],"wp:attachment":[{"href":"https:\/\/www.graswurzel.net\/gwr\/wp-json\/wp\/v2\/media?parent=26451"}],"wp:term":[{"taxonomy":"category","embeddable":true,"href":"https:\/\/www.graswurzel.net\/gwr\/wp-json\/wp\/v2\/categories?post=26451"},{"taxonomy":"post_tag","embeddable":true,"href":"https:\/\/www.graswurzel.net\/gwr\/wp-json\/wp\/v2\/tags?post=26451"}],"curies":[{"name":"wp","href":"https:\/\/api.w.org\/{rel}","templated":true}]}}