{"id":27295,"date":"2022-03-28T14:19:56","date_gmt":"2022-03-28T12:19:56","guid":{"rendered":"https:\/\/www.graswurzel.net\/gwr\/2022\/03\/krieg-dem-kriegeernst-friedrich\/"},"modified":"2022-03-31T23:51:20","modified_gmt":"2022-03-31T21:51:20","slug":"krieg-dem-kriegeernst-friedrich","status":"publish","type":"post","link":"https:\/\/www.graswurzel.net\/gwr\/2022\/03\/krieg-dem-kriegeernst-friedrich\/","title":{"rendered":"\u201eKrieg dem Kriege!\u201c"},"content":{"rendered":"<p style=\"text-align: justify;\">Der brutale Krieg in der Ukraine, der unmittelbar nach Drucklegung der letzten Ausgabe begann, hat uns alle schockiert \u2013 ebenso wie die nationalistischen T\u00f6ne im internationalen Diskurs und die militaristischen Antworten anderer Staaten, nicht zuletzt der Bundesregierung: Unter dem Banner der angeblichen Solidarit\u00e4t mit der Ukraine hat die Ampel-Regierung die Chance genutzt, um ihre lang gehegten Aufr\u00fcstungspl\u00e4ne zu verwirklichen, die der ukrainischen Bev\u00f6lkerung nicht im Geringsten helfen. Stattdessen bedeutet der Geldregen f\u00fcr die Bundeswehr massive K\u00fcrzungen im Sozialbereich, bei Bildung und Gesundheitswesen, das Aus f\u00fcr die zuvor postulierten Klimaziele und gewaltige Gewinne f\u00fcr die R\u00fcstungsindustrie. Auch die neu entdeckte Mitmenschlichkeit und Willkommenskultur gelten nicht f\u00fcr alle Menschen: Humanit\u00e4re Hilfe und offene Grenzen gibt es nur f\u00fcr Gefl\u00fcchtete der Mehrheitsbev\u00f6lkerung und mit ukrainischem Pass, nicht f\u00fcr aus der Ukraine fl\u00fcchtende Minderheiten oder Menschen anderer Staatsangeh\u00f6rigkeit, nicht f\u00fcr Fl\u00fcchtende aus anderen Kriegsgebieten.<\/p>\n<h5 style=\"text-align: justify;\">Starke Proteste gegen den Krieg<\/h5>\n<p style=\"text-align: justify;\">Doch es gibt auch positive Signale: Antikriegsdemonstrationen, bei denen keine Nationalfahnen geschwenkt werden; direkte Unterst\u00fctzung f\u00fcr Aktivist*innen, die sich durch antimilitaristische Proteste in Russland und der Ukraine oder durch Desertion auf beiden Seiten dem Morden entgegenstellen; Initiativen, die die Bewegungen gegen Krieg, Aufr\u00fcstung, Klimawandel und Rassismus zusammenbringen. Ermutigend waren die gewaltigen Demonstrationen zum Globalen Klimastreik \u201ePeople Not Profit \u2013 F\u00fcr Klimagerechtigkeit und Frieden\u201c von Fridays for Future am 25. M\u00e4rz, an denen sich bundesweit 220.000 Menschen beteiligten, und der dezentrale Aktionstag \u201eRheinmetall entwaffnen\u201c am 27. M\u00e4rz unter dem Motto \u201eGegen Krieg und Krise! F\u00fcr Klimagerechtigkeit, offene Grenzen, Abr\u00fcstung &amp; Frieden!\u201c An diese Initiativen gilt es anzukn\u00fcpfen und mit einer starken antimilitaristischen Bewegung die R\u00fcstungsspirale zu stoppen.<\/p>\n<h5 style=\"text-align: justify;\">Ausgezeichnet: GWR-Buchverlag<\/h5>\n<p style=\"text-align: justify;\">Und es gibt noch weitere gute Nachrichten: Der Verlag Graswurzelrevolution bekommt den Deutschen Verlagspreis 2022! Dieser Preis zur F\u00f6rderung von Kleinverlagen wird f\u00fcr ein besonderes verlegerisches Profil, herausragendes kulturelles Engagement und einen au\u00dferordentlichen Beitrag zur Vielfalt der Verlagslandschaft verliehen. Damit wird die jahrzehntelange gro\u00dfartige gewaltfrei-anarchistische Publikationst\u00e4tigkeit und engagierte \u00d6ffentlichkeitsarbeit unseres Buchverlags gew\u00fcrdigt. Das Preisgeld wird nun viele weitere spannende Ver\u00f6ffentlichungen und neue Projekte erm\u00f6glichen. Herzlichen Gl\u00fcckwunsch!<\/p>\n<h5 style=\"text-align: justify;\">Stoppt die R\u00fcstungsmaschinerie!<\/h5>\n<p style=\"text-align: justify;\">In dieser Ausgabe versuchen wir uns dem komplexen Thema des Ukraine-Kriegs mit einem breit gefassten Schwerpunkt anzun\u00e4hern. Die politischen Entwicklungen in Russland, das Scheitern der milit\u00e4rischen Verteidigung in der Ukraine, aber auch Ans\u00e4tze der Sozialen Verteidigung als Alternative spricht Lou Marin ebenso an wie die jetzige \u201eZeitenwende\u201c der Bundeswehr. Ein Interview mit einem russischen Anarchosyndikalisten gibt Einblicke in die Antikriegsproteste und die anarchistische Bewegung in Russland und in der Ukraine \u2013 ein Thema, dem sich auch Peter Nowak widmet. Welche atomaren Gefahren der Krieg bedeutet \u2013 sei es in Form des \u201eNormalbetriebs\u201c von AKWs in umk\u00e4mpften Regionen oder in Form der Drohung mit Atomwaffen, sei es indirekt, wenn beispielsweise als Konsequenz aus dem Verzicht auf russisches Gas eine Laufzeitverl\u00e4ngerung der hiesigen Atomkraftwerke gefordert wird \u2013, untersucht Eichh\u00f6rnchen. Die Unterdr\u00fcckung und Beschr\u00e4nkung der Presse und Meinungsbildung in Zeiten des Krieges stehen in Daniel Jerkes Beitrag im Mittelpunkt, und Rudi Friedrich gibt einen \u00dcberblick \u00fcber die Situation von Deserteuren und Kriegsdienstverweigerern und zeigt Unterst\u00fctzungsm\u00f6glichkeiten auf. Ausgehend von der medialen Darstellung Putins n\u00e4hert sich Johann Bauer Bakunins Schriften an, und drei Kommentare geben weitere Sichtweisen auf den Ukrainekrieg wieder.<\/p>\n<h5 style=\"text-align: justify;\">Gegen Mietenwahnsinn und Gentrifizierung<\/h5>\n<p style=\"text-align: justify;\">Ein kleinerer zweiter Schwerpunkt widmet sich aktuellen Mieter*innenk\u00e4mpfen: Selbstorganisierte Studierendenproteste in M\u00fcnster und gro\u00dfe Kampagnen wie der \u201eMietentscheid Frankfurt\u201c oder \u201eDeutsche Wohnen enteignen\u201c kommen ebenso zu Wort wie Stadtteilarbeit in der Mannheimer Neckarstadt. Selbstverwaltete Gegenstrategien zum Immobilienmarkt hat das Mietsh\u00e4user Syndikat (MHS) unter dem Motto \u201eDie H\u00e4user denen, die drin wohnen\u201c entwickelt: F\u00fcnf MHS-Wohnprojektvorstellungen machen die Vielfalt dieses Zusammenschlusses sichtbar.<br \/>\nDar\u00fcber hinaus bietet diese GWR-Ausgabe viele weitere Beitr\u00e4ge zu unterschiedlichen Themen. Hoffentlich macht sie Mut und motiviert zu den direkten Aktionen und lautstarken gewaltfrei-anarchistischen Stimmen, die in diesen Zeiten so bitter n\u00f6tig sind.<\/p>\n<p style=\"text-align: right;\"><strong>Eure GWR-Redaktion<\/strong><\/p>\n","protected":false},"excerpt":{"rendered":"<p>Der brutale Krieg in der Ukraine, der unmittelbar nach Drucklegung der letzten Ausgabe begann, hat uns alle schockiert \u2013 ebenso wie die nationalistischen T\u00f6ne im internationalen Diskurs und die militaristischen Antworten anderer Staaten, nicht zuletzt der Bundesregierung: Unter dem Banner der angeblichen Solidarit\u00e4t mit der Ukraine hat die Ampel-Regierung die Chance genutzt, um ihre lang &hellip; <a href=\"https:\/\/www.graswurzel.net\/gwr\/2022\/03\/krieg-dem-kriegeernst-friedrich\/\">Weiterlesen<\/a><\/p>\n","protected":false},"author":502,"featured_media":27324,"comment_status":"closed","ping_status":"closed","sticky":false,"template":"","format":"standard","meta":{"slim_seo":{"title":"\u201eKrieg dem Kriege!\u201c - graswurzelrevolution","description":"Der brutale Krieg in der Ukraine, der unmittelbar nach Drucklegung der letzten Ausgabe begann, hat uns alle schockiert \u2013 ebenso wie die nationalistischen T\u00f6ne i"},"footnotes":""},"categories":[1655],"tags":[],"class_list":["post-27295","post","type-post","status-publish","format-standard","has-post-thumbnail","hentry","category-468-april-2022"],"_links":{"self":[{"href":"https:\/\/www.graswurzel.net\/gwr\/wp-json\/wp\/v2\/posts\/27295","targetHints":{"allow":["GET"]}}],"collection":[{"href":"https:\/\/www.graswurzel.net\/gwr\/wp-json\/wp\/v2\/posts"}],"about":[{"href":"https:\/\/www.graswurzel.net\/gwr\/wp-json\/wp\/v2\/types\/post"}],"author":[{"embeddable":true,"href":"https:\/\/www.graswurzel.net\/gwr\/wp-json\/wp\/v2\/users\/502"}],"replies":[{"embeddable":true,"href":"https:\/\/www.graswurzel.net\/gwr\/wp-json\/wp\/v2\/comments?post=27295"}],"version-history":[{"count":0,"href":"https:\/\/www.graswurzel.net\/gwr\/wp-json\/wp\/v2\/posts\/27295\/revisions"}],"wp:featuredmedia":[{"embeddable":true,"href":"https:\/\/www.graswurzel.net\/gwr\/wp-json\/wp\/v2\/media\/27324"}],"wp:attachment":[{"href":"https:\/\/www.graswurzel.net\/gwr\/wp-json\/wp\/v2\/media?parent=27295"}],"wp:term":[{"taxonomy":"category","embeddable":true,"href":"https:\/\/www.graswurzel.net\/gwr\/wp-json\/wp\/v2\/categories?post=27295"},{"taxonomy":"post_tag","embeddable":true,"href":"https:\/\/www.graswurzel.net\/gwr\/wp-json\/wp\/v2\/tags?post=27295"}],"curies":[{"name":"wp","href":"https:\/\/api.w.org\/{rel}","templated":true}]}}