{"id":27441,"date":"2022-04-29T11:10:22","date_gmt":"2022-04-29T09:10:22","guid":{"rendered":"https:\/\/www.graswurzel.net\/gwr\/2022\/04\/libertaere-verlage-lesungen-und-vortraege\/"},"modified":"2022-05-31T18:21:24","modified_gmt":"2022-05-31T16:21:24","slug":"libertaere-verlage-lesungen-und-vortraege","status":"publish","type":"post","link":"https:\/\/www.graswurzel.net\/gwr\/2022\/04\/libertaere-verlage-lesungen-und-vortraege\/","title":{"rendered":"Libert\u00e4re Verlage, Lesungen und Vortr\u00e4ge"},"content":{"rendered":"<p style=\"text-align: justify;\">Eigentlich h\u00e4tte die Messe schon 2021 stattfinden sollen, aber coronabedingt mussten wir sie um ein Jahr verschieben \u2013 und es sieht ganz danach aus, als w\u00fcrde es nun klappen. Unser diesj\u00e4hriges Motto ist von Groucho Marx: \u201eFernsehen bildet. Immer, wenn der Fernseher an ist, gehe ich in ein anderes Zimmer und lese.\u201c<\/p>\n<h5 style=\"text-align: justify;\">Mehr Zeit f\u00fcr Vortr\u00e4ge und Austausch<\/h5>\n<p style=\"text-align: justify;\">Die Messe wird dieses Mal einen Tag l\u00e4nger dauern. Der Er\u00f6ffnungsabend ist am Donnerstag, und anschlie\u00dfend wird es drei Messetage geben (Freitag bis Sonntag). Wir freuen uns, dass die libert\u00e4re Verlagslandschaft wieder zahlreich auf der Buchmesse vertreten sein wird. Aufgrund des verl\u00e4ngerten Messebetriebs haben wir die Vortragszeiten verl\u00e4ngert. Statt 90 Minuten hat jetzt jeder Programmpunkt ein Zeitfenster von zwei Stunden. Insgesamt wird es somit 26 Vortr\u00e4ge geben. Wir hoffen, dass sich der Ablauf dadurch entspannt und mehr Zeit f\u00fcr pers\u00f6nliche Begegnungen bleibt.<br \/>\nMit der Buchmesse wollen wir dazu beitragen, die Vielfalt des Anarchismus darzustellen. In den Referaten wird aus unterschiedlichen antiautorit\u00e4ren, libert\u00e4ren und anarchistischen Richtungen Position bezogen und zur Diskussion gestellt. Dar\u00fcber hinaus berichten Aktivist*innen von ihren aktuellen K\u00e4mpfen und gesellschaftlichen Auseinandersetzungen. Trotz vielf\u00e4ltiger Ausrichtung wird es einen thematischen Schwerpunkt im Bereich \u201e\u00d6konomie\u201c geben. Gleich vier Vortr\u00e4ge beleuchten das Thema schwerpunktm\u00e4\u00dfig und aus unterschiedlichen Richtungen.<br \/>\nLeider mussten wir auch dieses Mal einige Anfragen f\u00fcr Vortr\u00e4ge ablehnen, da die Pl\u00e4tze f\u00fcr die Veranstaltungen schon vergeben waren. Zum einen glauben wir allerdings nicht, dass noch mehr Vortr\u00e4ge sinnvoll w\u00e4ren, zum anderen ist dies am aktuellen Veranstaltungsort ohnehin kaum m\u00f6glich.<br \/>\nAufgrund der aktuellen Kriegssituation in der Ukraine veranstalten wir zur Er\u00f6ffnung am Donnerstag eine Podiumsdiskussion zum Thema. Der Krieg und der damit zusammenh\u00e4ngende weltpolitische Kontext sollen aus anarchistischer Perspektive beleuchtet und diskutiert werden. Dabei soll es auch um die Frage der Gewaltfreiheit in Zeiten des Krieges gehen und ob es Alternativen zur bewaffneten Verteidigung gegen einen milit\u00e4rischen Angriff gibt.<\/p>\n<h5 style=\"text-align: justify;\">Abendprogramm mit Film und GWR-Party<\/h5>\n<p style=\"text-align: justify;\">Am Freitagabend gibt es eine Kinovorstellung im Cinema Quadrat, dem kommunalen Kino in Mannheim. Wir zeigen den Film \u201eDas Gegenteil von Grau\u201c des Filmemachers Matthias Coers \u00fcber unterschiedliche Gruppen im Ruhrgebiet, die praktische Utopien und Freir\u00e4ume leben und f\u00fcr ein solidarisches und \u00f6kologisches Miteinander im urbanen Raum k\u00e4mpfen. Nach dem Film diskutiert Peter Nowak, der auf der Buchmesse zeitlich direkt vor dem Film eine Vortragsveranstaltung zum Thema \u201eUmk\u00e4mpftes Wohnen\u201c machen wird, mit dem Publikum.<\/p>\n<blockquote>\n<p style=\"text-align: right;\"><em><strong>Mit der Buchmesse wollen wir dazu beitragen, die Vielfalt des Anarchismus darzustellen.<\/strong><\/em><\/p>\n<\/blockquote>\n<p style=\"text-align: justify;\">Als diesj\u00e4hriges Highlight feiert die Zeitung Graswurzelrevolution am Samstagabend ihren 50. Geburtstag im Rahmen der Buchmesse. Daf\u00fcr konnten wir das zeitraumexit im Mannheimer Stadtteil Jungbusch als Veranstaltungsort gewinnen. Der Geburtstag der Graswurzelrevolution wird auch mit einem Vortrag auf der Buchmesse gew\u00fcrdigt werden.<br \/>\nWeitere bzw. zus\u00e4tzliche M\u00f6glichkeiten der Abendgestaltung f\u00fcr Freitag und Samstag sind derzeit in Planung und werden rechtzeitig auf unserer Internetseite ver\u00f6ffentlicht.<\/p>\n<h5 style=\"text-align: justify;\">Barrierefrei und spendenfinanziert<\/h5>\n<p style=\"text-align: justify;\">Wie immer ist die Messe barrierefrei zu erreichen, wobei der Wechsel zwischen den Etagen etwas zeitaufw\u00e4ndig ist. Fairen Kaffee gibt es diesmal vom Kaffeekollektiv Aroma Zapatista, leckere vegane Gerichte werden wieder vom K\u00fcchenkollektiv Le Sabot angeboten. Andere Getr\u00e4nke stehen nat\u00fcrlich auch zur Verf\u00fcgung. \u00dcbernachtungsm\u00f6glichkeiten gibt es wie \u00fcblich auf der Schlafplatzb\u00f6rse. Falls noch jemand Schlafpl\u00e4tze anbieten m\u00f6chte: Bitte meldet euch per Mail an <a href=\"mailto:buchmesse@anarchie-mannheim.de\">buchmesse@anarchie-mannheim.de<\/a>.<br \/>\nDer Eintritt f\u00fcr die Buchmesse ist, wie bei den vergangenen Malen auch, frei. Da die Messe sich in erster Linie \u00fcber Spenden finanziert, lassen wir in jeder Veranstaltung eine Spendendose rumgehen \u2013 das hei\u00dft aber nicht, dass f\u00fcr jede besuchte Veranstaltung eine Spende erwartet wird. Daneben finanziert sich auch das K\u00fcchenkollektiv Le Sabot \u00fcber Spenden. Au\u00dferdem freuen wir und Le Sabot uns au\u00dfer \u00fcber finanzielle auch \u00fcber tatkr\u00e4ftige Unterst\u00fctzung. Wer Lust auf Gem\u00fcseschnippeln, Getr\u00e4nkeverkauf, Auf- und Abbau oder \u00e4hnliches hat, kann sich gerne bei uns melden.<br \/>\nEtwaige Einschr\u00e4nkungen durch Corona k\u00f6nnen wir derzeit noch nicht absch\u00e4tzen. Wir hoffen immer noch darauf, dass Ende Mai so eine Veranstaltung wieder ganz ohne Einschr\u00e4nkungen m\u00f6glich ist. Achtet dazu bitte auf aktuelle Ank\u00fcndigungen.<br \/>\nWir freuen uns, Euch auf der Buchmesse zu sehen!<\/p>\n","protected":false},"excerpt":{"rendered":"<p>Eigentlich h\u00e4tte die Messe schon 2021 stattfinden sollen, aber coronabedingt mussten wir sie um ein Jahr verschieben \u2013 und es sieht ganz danach aus, als w\u00fcrde es nun klappen. Unser diesj\u00e4hriges Motto ist von Groucho Marx: \u201eFernsehen bildet. Immer, wenn der Fernseher an ist, gehe ich in ein anderes Zimmer und lese.\u201c Mehr Zeit f\u00fcr &hellip; <a href=\"https:\/\/www.graswurzel.net\/gwr\/2022\/04\/libertaere-verlage-lesungen-und-vortraege\/\">Weiterlesen<\/a><\/p>\n","protected":false},"author":502,"featured_media":27538,"comment_status":"closed","ping_status":"closed","sticky":false,"template":"","format":"standard","meta":{"slim_seo":{"title":"Libert\u00e4re Verlage, Lesungen und Vortr\u00e4ge - graswurzelrevolution","description":"Eigentlich h\u00e4tte die Messe schon 2021 stattfinden sollen, aber coronabedingt mussten wir sie um ein Jahr verschieben \u2013 und es sieht ganz danach aus, als w\u00fcrde e"},"footnotes":""},"categories":[1671,1585],"tags":[1611,1638],"class_list":["post-27441","post","type-post","status-publish","format-standard","has-post-thumbnail","hentry","category-469-mai-2022","category-buecherberge","tag-buchmesse","tag-mannheim"],"_links":{"self":[{"href":"https:\/\/www.graswurzel.net\/gwr\/wp-json\/wp\/v2\/posts\/27441","targetHints":{"allow":["GET"]}}],"collection":[{"href":"https:\/\/www.graswurzel.net\/gwr\/wp-json\/wp\/v2\/posts"}],"about":[{"href":"https:\/\/www.graswurzel.net\/gwr\/wp-json\/wp\/v2\/types\/post"}],"author":[{"embeddable":true,"href":"https:\/\/www.graswurzel.net\/gwr\/wp-json\/wp\/v2\/users\/502"}],"replies":[{"embeddable":true,"href":"https:\/\/www.graswurzel.net\/gwr\/wp-json\/wp\/v2\/comments?post=27441"}],"version-history":[{"count":0,"href":"https:\/\/www.graswurzel.net\/gwr\/wp-json\/wp\/v2\/posts\/27441\/revisions"}],"wp:featuredmedia":[{"embeddable":true,"href":"https:\/\/www.graswurzel.net\/gwr\/wp-json\/wp\/v2\/media\/27538"}],"wp:attachment":[{"href":"https:\/\/www.graswurzel.net\/gwr\/wp-json\/wp\/v2\/media?parent=27441"}],"wp:term":[{"taxonomy":"category","embeddable":true,"href":"https:\/\/www.graswurzel.net\/gwr\/wp-json\/wp\/v2\/categories?post=27441"},{"taxonomy":"post_tag","embeddable":true,"href":"https:\/\/www.graswurzel.net\/gwr\/wp-json\/wp\/v2\/tags?post=27441"}],"curies":[{"name":"wp","href":"https:\/\/api.w.org\/{rel}","templated":true}]}}