{"id":27571,"date":"2022-05-24T11:50:33","date_gmt":"2022-05-24T09:50:33","guid":{"rendered":"https:\/\/www.graswurzel.net\/gwr\/2022\/05\/wie-steht-es-um-luetzerath\/"},"modified":"2022-05-30T12:58:44","modified_gmt":"2022-05-30T10:58:44","slug":"wie-steht-es-um-luetzerath","status":"publish","type":"post","link":"https:\/\/www.graswurzel.net\/gwr\/2022\/05\/wie-steht-es-um-luetzerath\/","title":{"rendered":"Wie steht es um L\u00fctzerath?"},"content":{"rendered":"<p style=\"text-align: justify;\">Die aktuelle Regierung hat letzten Herbst in den Koalitionsvertrag geschrieben: \u201eDie im dritten Umsiedlungsabschnitt betroffenen D\u00f6rfer im Rheinischen Revier wollen wir erhalten\u201c \u2013 ein Erfolg, der noch vor kurzer Zeit und ohne den Widerstand aus diesen D\u00f6rfern undenkbar gewesen w\u00e4re. \u00dcber L\u00fctzerath jedoch \u201ewerden die Gerichte entscheiden\u201c \u2013 womit die Politik hoffte, sich elegant aus der Aff\u00e4re ziehen zu k\u00f6nnen.<br \/>\nAm 28. M\u00e4rz 2022 entschied das Oberverwaltungsgericht M\u00fcnster, dass eine vorzeitige Besitzeinweisung aller L\u00fctzerather Fl\u00e4chen an den Energiekonzern RWE zul\u00e4ssig, das hei\u00dft eine Abbaggerung auch ohne vorheriges Enteignungsverfahren m\u00f6glich sei. In der Begr\u00fcndung dazu hei\u00dft es, der Rechtsstreit betreffe \u201eklimapolitische Forderungen, die im geltenden Recht keine Grundlage haben und an den Gesetzgeber zu richten w\u00e4ren\u201c. Eckardt Heukamp, der letzte Grundeigent\u00fcmer in L\u00fctzerath, wollte nicht l\u00e4nger der \u201eSpielball\u201c in diesem Konflikt sein und gab nach zehn Jahren Widerstand schlie\u00dflich den Verkauf seines Hofes und Grundes an RWE bekannt.<\/p>\n<h5 style=\"text-align: justify;\">Was machen wir gerade?<\/h5>\n<p style=\"text-align: justify;\">Der Kaufvertrag beinhaltet die Abmachung, dass Eckardt bis Anfang August bzw. September Zeit hat, sein Grundst\u00fcck bzw. sein Haus zu verlassen. Die akute R\u00e4umungsbedrohung ist damit vom Tisch.<br \/>\nDas bedeutet, dass in L\u00fctzerath f\u00fcr den Moment Entspannung eingekehrt ist. Gleichzeitig sind Wiese und B\u00e4ume gr\u00fcn geworden, alles bl\u00fcht, und V\u00f6gel, Insekten und Eichh\u00f6rnchen tollen herum. Endlich haben wir Zeit und Energie, uns mit Herzensprojekten zu besch\u00e4ftigen: Unserer Skatehalle, dem Bau eines Strohballenhauses als Beispiel f\u00fcr eine zukunftsf\u00e4hige Bauweise oder unserem Acker, auf dem wir eine Form kollektiver Landwirtschaft ausprobieren. Wir s\u00e4en und pflanzen Gem\u00fcse und Bl\u00fchpflanzen, entfernen Beikraut und treffen uns jeden Abend zum gemeinsamen Gie\u00dfen. Die erste Ernte von Radieschen ist bereits ein voller Erfolg!<\/p>\n<h5 style=\"text-align: justify;\">K\u00e4mpfe verbinden<\/h5>\n<p style=\"text-align: justify;\">Dar\u00fcber hinaus finden viele Veranstaltungen statt: Anfang April feierten beim Fr\u00fchlingsfest hunderte Menschen aus den umliegenden D\u00f6rfern mit uns den Beginn der warmen Jahreszeit bei veganen Essensst\u00e4nden, Kuchen, Musik, Kinderschminken und Infost\u00e4nden. Zwei Wochen sp\u00e4ter setzten tausende Menschen bei einer Gro\u00dfdemo ein starkes Zeichen f\u00fcr den Kohleausstieg und den Erhalt von L\u00fctzerath. Ende Mai wird in L\u00fctzerath das internationalistische Jugendfestival stattfinden, organisiert in Zusammenarbeit mit der Organisation Make Rojava Green Again. Ein buntes Programm soll Raum zum Kennenlernen und Austausch mit unseren <a href=\"https:\/\/www.graswurzel.net\/gwr\/2015\/02\/revolution-in-rojava\/\">kurdischen Freund*innen<\/a> und allen anderen solidarischen Menschen schaffen. In unseren Tr\u00e4umen von einer anderen Welt wollen wir eine gemeinsame Kultur des Widerstands entwickeln.<br \/>\nWir lernen immer mehr, wie uns Vernetzung und das Verbinden von K\u00e4mpfen st\u00e4rker machen. Sei es die Zusammenarbeit mit Alle D\u00f6rfer bleiben und Kirche im Dorf lassen, der Empfang der <a href=\"https:\/\/www.graswurzel.net\/gwr\/2022\/05\/mit-indigenen-widerstands-kaempferinnen-im-polizeikessel\/\">Zapatistas<\/a> letzten Sommer oder unsere Teilnahme an der Karawane f\u00fcr das Wasser und das Leben in Mexiko: Mit gemeinsamer human power und einer diversity of tactics k\u00f6nnen wir so viel erreichen!<\/p>\n<h5 style=\"text-align: justify;\">Wie k\u00f6nnen wir gut miteinander leben?<\/h5>\n<p style=\"text-align: justify;\">Neben dem Erhalt von <a href=\"https:\/\/www.graswurzel.net\/gwr\/2022\/02\/luetzerath-lebt\/\">L\u00fctzerath<\/a> ist in unserem Hiersein ebenso wichtig, eine alternative Art zu leben auszuprobieren: Miteinander, solidarisch, offen f\u00fcr alle. Wir k\u00f6nnen nicht aus reinem gutem Willen diskriminierungsfreie R\u00e4ume schaffen \u2013 da wir alle in einem toxischen System sozialisiert wurden, werden auch hier erlernte Unterdr\u00fcckungsmuster reproduziert. Als Teil unserer Utopie arbeiten wir jedoch stetig an uns pers\u00f6nlich und an uns als Community, um durch Bildungsarbeit und Aufarbeitung verschiedene Arten von Diskriminierung St\u00fcck f\u00fcr St\u00fcck abzubauen.<br \/>\nWir glauben an eine Organisierung von unten, in der wir die Organisation unseres allt\u00e4glichen Lebens genauso wie gro\u00dfe Entscheidungen kollektiv selbst in die Hand nehmen. Informelle Hierarchien abzubauen bzw. sie gar nicht entstehen zu lassen, ist in der Praxis eine Herausforderung. Der Kapitalismus als System ist darauf ausgerichtet, uns als Personen zu vereinzeln und konkurrieren zu lassen. Unsere wirksamste Waffe gegen ihn und seine Symptome \u2013 etwa die unfassbar gro\u00dfe Kohlegrube, die uns verschlucken will \u2013 ist, aufeinander zu achten, f\u00fcreinander da zu sein und uns widerst\u00e4ndig zusammenzuschlie\u00dfen.<br \/>\nWir als Bewohner*innen L\u00fctzeraths haben seit Oktober letzten Jahres mit einer R\u00e4umung und Zerst\u00f6rung des Dorfes gerechnet. Stattdessen sind wir immer noch hier, versuchen, das gute Leben f\u00fcr alle zu organisieren, und freuen uns auf einen Sommer voller spannender Veranstaltungen. Zu gegebener Zeit werden wir wieder Vorbereitungen auf einen R\u00e4umungsversuch aufnehmen. Momentan ist unser Zuhause aber vor allem ein Ort gro\u00dfer Pl\u00e4ne, kreativer Energie und \u2013 einfach sch\u00f6n. L\u00fctzi lebt!<\/p>\n","protected":false},"excerpt":{"rendered":"<p>Die aktuelle Regierung hat letzten Herbst in den Koalitionsvertrag geschrieben: \u201eDie im dritten Umsiedlungsabschnitt betroffenen D\u00f6rfer im Rheinischen Revier wollen wir erhalten\u201c \u2013 ein Erfolg, der noch vor kurzer Zeit und ohne den Widerstand aus diesen D\u00f6rfern undenkbar gewesen w\u00e4re. \u00dcber L\u00fctzerath jedoch \u201ewerden die Gerichte entscheiden\u201c \u2013 womit die Politik hoffte, sich elegant aus &hellip; <a href=\"https:\/\/www.graswurzel.net\/gwr\/2022\/05\/wie-steht-es-um-luetzerath\/\">Weiterlesen<\/a><\/p>\n","protected":false},"author":502,"featured_media":0,"comment_status":"closed","ping_status":"closed","sticky":false,"template":"","format":"standard","meta":{"slim_seo":{"title":"Wie steht es um L\u00fctzerath? - graswurzelrevolution","description":"Die aktuelle Regierung hat letzten Herbst in den Koalitionsvertrag geschrieben: \u201eDie im dritten Umsiedlungsabschnitt betroffenen D\u00f6rfer im Rheinischen Revier wo"},"footnotes":""},"categories":[1688,1029],"tags":[1468],"class_list":["post-27571","post","type-post","status-publish","format-standard","hentry","category-470-sommer-2022","category-prima-klima","tag-luetzerath"],"_links":{"self":[{"href":"https:\/\/www.graswurzel.net\/gwr\/wp-json\/wp\/v2\/posts\/27571","targetHints":{"allow":["GET"]}}],"collection":[{"href":"https:\/\/www.graswurzel.net\/gwr\/wp-json\/wp\/v2\/posts"}],"about":[{"href":"https:\/\/www.graswurzel.net\/gwr\/wp-json\/wp\/v2\/types\/post"}],"author":[{"embeddable":true,"href":"https:\/\/www.graswurzel.net\/gwr\/wp-json\/wp\/v2\/users\/502"}],"replies":[{"embeddable":true,"href":"https:\/\/www.graswurzel.net\/gwr\/wp-json\/wp\/v2\/comments?post=27571"}],"version-history":[{"count":0,"href":"https:\/\/www.graswurzel.net\/gwr\/wp-json\/wp\/v2\/posts\/27571\/revisions"}],"wp:attachment":[{"href":"https:\/\/www.graswurzel.net\/gwr\/wp-json\/wp\/v2\/media?parent=27571"}],"wp:term":[{"taxonomy":"category","embeddable":true,"href":"https:\/\/www.graswurzel.net\/gwr\/wp-json\/wp\/v2\/categories?post=27571"},{"taxonomy":"post_tag","embeddable":true,"href":"https:\/\/www.graswurzel.net\/gwr\/wp-json\/wp\/v2\/tags?post=27571"}],"curies":[{"name":"wp","href":"https:\/\/api.w.org\/{rel}","templated":true}]}}