{"id":29399,"date":"2023-03-01T14:32:45","date_gmt":"2023-03-01T12:32:45","guid":{"rendered":"https:\/\/www.graswurzel.net\/gwr\/?p=29399"},"modified":"2023-04-13T11:51:53","modified_gmt":"2023-04-13T09:51:53","slug":"internationaler-haftbefehl-fuer-pinar-selek","status":"publish","type":"post","link":"https:\/\/www.graswurzel.net\/gwr\/2023\/03\/internationaler-haftbefehl-fuer-pinar-selek\/","title":{"rendered":"Internationaler Haftbefehl f\u00fcr P\u0131nar Selek"},"content":{"rendered":"<p style=\"text-align: justify;\">Am 6. Januar 2023 hat der t\u00fcrkische Strafgerichtshof in Istanbul einen internationalen Haftbefehl gegen sie ausgesprochen. Bereits am 21. Juni 2022 hatte der Oberste Gerichtshof der T\u00fcrkei ihren letzten Freispruch vom Dezember 2014 aufgehoben. Sie war dadurch wieder mit der fr\u00fcheren G\u00fcltigkeit einer bereits ausgesprochenen lebensl\u00e4nglichen Haftstrafe konfrontiert. Ein neuerlicher Prozess in der T\u00fcrkei gegen sie ist nun f\u00fcr den 31. M\u00e4rz 2023 angesetzt. ((1)) Urspr\u00fcnglich war sie als Gewaltfreie mit willk\u00fcrlich fabrizierten, absurden Anschuldigungen f\u00fcr ein Attentat auf dem Istanbuler Gew\u00fcrzmarkt im Jahr 1998 inhaftiert und angeklagt worden. Sie war zweieinhalb Jahre in Haft, wurde dort gefoltert, weil ihre Publikationen \u00fcber die Verfolgung der <a href=\"https:\/\/www.graswurzel.net\/gwr\/2016\/09\/der-genozid-an-den-armeniern-und-die-mitschuld-des-deutschen-kaiserreichs\/\">Armenier*inne<\/a>n und ihre soziologischen Forschungen \u00fcber Kurd*innen, Trans-Menschen, Kriegsdienstverweigerer, Stra\u00dfenkinder und Prostituierte eine international bekannt gewordene Regimekritik darstellten, die das Erdogan-Regime in Verlegenheit brachte. \u00c4hnlich wie jetzt auch die Erdbebenopfer dem zynischen Autokraten Erdo\u011fan seine \u00fcber Jahrzehnte verfehlte Politik in der Geb\u00e4udestatik vorwerfen, w\u00e4hrend er, den Opfern zum Hohn, nur meint, am ersten Tag nach dem Beben habe nicht gleich alles geklappt, aber inzwischen laufe die Regierungsversorgung der Opfer reibungslos. Und wehe den Menschen, die da zu widersprechen wagen. Da werden dann gleich alle sozialen Medien abgeschaltet und so die \u00f6ffentliche Kritik unterdr\u00fcckt.<br \/>\nDie von <a href=\"https:\/\/www.graswurzel.net\/gwr\/2023\/02\/solidaritaet-mit-pinar-selek\/\">P\u0131nar Selek<\/a> 2017 angenommene franz\u00f6sische Staats\u2028b\u00fcrgerschaft werde nicht ausreichen, um sie vor dem internationalen Haftbefehl und damit Erdo\u011fan zu sch\u00fctzen, so bef\u00fcrchten die vor allem im franz\u00f6sisch- und deutschsprachigen Raum in den letzten Jahren entstandenen Solidarit\u00e4tsinitiativen f\u00fcr ihre Person, die sich als \u201eEurop\u00e4ische Koordination der Solidarit\u00e4tsinitiativen f\u00fcr P\u0131nar Selek\u201c organisiert haben. Diese Koordination schrieb in einer Erkl\u00e4rung: \u201eWir solidarisieren uns voll und ganz mit all denen, die sich f\u00fcr die Frauenrechte, die Rechte der LGBTQI (Lesben, Schwule, Bisexuelle, Transsexuelle, Queer, Intersexuelle), der Minderheiten (der Alewit*innen, Armenier*innen, Kurd*innen usw.) in der T\u00fcrkei einsetzen.\u201c ((2)) So wie die Verharmlosung seiner Politik bei <a href=\"https:\/\/www.graswurzel.net\/gwr\/2023\/02\/nach-dem-erdbeben\/\">erdbebengef\u00e4hrdeten Geb\u00e4uden<\/a> wird auch die Verfolgung P\u0131nar Seleks als \u201epolitisches Ablenkungsman\u00f6ver\u201c und \u201eManipulation\u201c Erdo\u011fans im Vorfeld der kommenden Wahlen in der T\u00fcrkei eingesch\u00e4tzt.<br \/>\nDie Solidarit\u00e4tskomitees in Frankreich, unterst\u00fctzt von zahlreichen \u00f6ffentlichen Personen aus intellektuellen Kreisen, Kunst und Kultur, fordern derzeit vehement, dass sich die bekannt Erdo\u011fan-freundlichen franz\u00f6sischen Beh\u00f6rden ((3)) dem Haftbefehl widersetzen, dass sie im Gegenteil P\u0131nar Selek sch\u00fctzen und offiziell Beschwerde beim t\u00fcrkischen Staat einreichen. Sie wollen au\u00dferdem eine internationale Delegation zum Prozess am 31. M\u00e4rz nach Istanbul entsenden. Am 29. M\u00e4rz 2023 findet im Auditorium des Pariser Rathauses eine Solidarit\u00e4tsveranstaltung f\u00fcr P\u0131nar Selek im Vorfeld des Prozesses, zu dem sie nicht pers\u00f6nlich erscheinen wird, statt.<\/p>\n","protected":false},"excerpt":{"rendered":"<p>Am 6. Januar 2023 hat der t\u00fcrkische Strafgerichtshof in Istanbul einen internationalen Haftbefehl gegen sie ausgesprochen. Bereits am 21. Juni 2022 hatte der Oberste Gerichtshof der T\u00fcrkei ihren letzten Freispruch vom Dezember 2014 aufgehoben. Sie war dadurch wieder mit der fr\u00fcheren G\u00fcltigkeit einer bereits ausgesprochenen lebensl\u00e4nglichen Haftstrafe konfrontiert. Ein neuerlicher Prozess in der T\u00fcrkei gegen &hellip; <a href=\"https:\/\/www.graswurzel.net\/gwr\/2023\/03\/internationaler-haftbefehl-fuer-pinar-selek\/\">Weiterlesen<\/a><\/p>\n","protected":false},"author":502,"featured_media":29470,"comment_status":"closed","ping_status":"closed","sticky":false,"template":"","format":"standard","meta":{"slim_seo":{"title":"Internationaler Haftbefehl f\u00fcr P\u0131nar Selek - graswurzelrevolution","description":"Am 6. Januar 2023 hat der t\u00fcrkische Strafgerichtshof in Istanbul einen internationalen Haftbefehl gegen sie ausgesprochen. Bereits am 21. Juni 2022 hatte der Ob"},"footnotes":""},"categories":[1852,1028,1027],"tags":[1721],"class_list":["post-29399","post","type-post","status-publish","format-standard","has-post-thumbnail","hentry","category-477-maerz-2023","category-freunde-und-helfer","category-wir-sind-nicht-alleine","tag-pinar-selek"],"_links":{"self":[{"href":"https:\/\/www.graswurzel.net\/gwr\/wp-json\/wp\/v2\/posts\/29399","targetHints":{"allow":["GET"]}}],"collection":[{"href":"https:\/\/www.graswurzel.net\/gwr\/wp-json\/wp\/v2\/posts"}],"about":[{"href":"https:\/\/www.graswurzel.net\/gwr\/wp-json\/wp\/v2\/types\/post"}],"author":[{"embeddable":true,"href":"https:\/\/www.graswurzel.net\/gwr\/wp-json\/wp\/v2\/users\/502"}],"replies":[{"embeddable":true,"href":"https:\/\/www.graswurzel.net\/gwr\/wp-json\/wp\/v2\/comments?post=29399"}],"version-history":[{"count":0,"href":"https:\/\/www.graswurzel.net\/gwr\/wp-json\/wp\/v2\/posts\/29399\/revisions"}],"wp:featuredmedia":[{"embeddable":true,"href":"https:\/\/www.graswurzel.net\/gwr\/wp-json\/wp\/v2\/media\/29470"}],"wp:attachment":[{"href":"https:\/\/www.graswurzel.net\/gwr\/wp-json\/wp\/v2\/media?parent=29399"}],"wp:term":[{"taxonomy":"category","embeddable":true,"href":"https:\/\/www.graswurzel.net\/gwr\/wp-json\/wp\/v2\/categories?post=29399"},{"taxonomy":"post_tag","embeddable":true,"href":"https:\/\/www.graswurzel.net\/gwr\/wp-json\/wp\/v2\/tags?post=29399"}],"curies":[{"name":"wp","href":"https:\/\/api.w.org\/{rel}","templated":true}]}}