{"id":29402,"date":"2023-03-01T14:49:45","date_gmt":"2023-03-01T12:49:45","guid":{"rendered":"https:\/\/www.graswurzel.net\/gwr\/?p=29402"},"modified":"2023-03-07T15:05:13","modified_gmt":"2023-03-07T13:05:13","slug":"warum-ich-das-sicher-nicht-unterschreiben-werde","status":"publish","type":"post","link":"https:\/\/www.graswurzel.net\/gwr\/2023\/03\/warum-ich-das-sicher-nicht-unterschreiben-werde\/","title":{"rendered":"Warum ich das sicher nicht unterschreiben werde"},"content":{"rendered":"<p style=\"text-align: justify;\">Warum ich als Pazifist das \u201eManifest f\u00fcr Frieden\u201c von Wagenknecht und Schwarzer sicher NICHT unterschreiben werde, m\u00f6chte ich gerne begr\u00fcnden. Dies ist meine pers\u00f6nliche Ansicht und ich sehe und respektiere, dass andere von mir gesch\u00e4tzte Menschen zu anderen Entscheidungen kommen. Gro\u00dfen Respekt habe ich vor dem ehemaligen Erstunterzeichner Johannes Varwick, der seine Entscheidung \u00f6ffentlich revidiert hat. ((1))<br \/>\nAu\u00dfer der Kriegsgefahr sehe ich in Deutschland, Europa und weltweit eine gro\u00dfe Gefahr durch <a href=\"https:\/\/www.graswurzel.net\/gwr\/2019\/10\/der-faschistische-strom-der-afd\/\">faschistische Bewegungen<\/a>, die durch <a href=\"https:\/\/www.graswurzel.net\/gwr\/2016\/11\/ungarns-referendum\/\">Rechtspopulismus<\/a> eingeleitet werden. Es ist erschreckend, wie in der j\u00fcngsten Vergangenheit in Italien, Schweden, Ungarn, der USA, Brasilien (und fast in Frankreich, Chile \u2026) Politiker*innen an die Macht kommen konnten, die rechte, menschenverachtende und Minderheiten ausgrenzende Ideologien aufleben lassen. Putin pflegt beste Beziehungen gerade mit diesen Gruppen und unterst\u00fctzt sie. Den Antifaschismus und Kampf gegen Rechtspopulismus sehe ich deshalb als unabdingbaren Teil von Friedensarbeit an.<br \/>\nDie Forderung, endlich zu verhandeln anstatt Waffen zu liefern, teile ich aus tiefster \u00dcberzeugung. Der letzte Absatz des Aufrufs ist mir eher zu schwach formuliert, denn ich h\u00e4tte gefordert, dass die Waffenlieferungen komplett gestoppt werden und nicht nur deren Eskalation.<br \/>\nGravierender ist, dass im Aufruf die Forderung nach einem russischen Truppenabzug aus der Ukraine komplett fehlt. Mit der Formulierung \u201eFrauen wurden vergewaltigt\u201c wird auff\u00e4llig vermieden, T\u00e4ter zu benennen. Sonderbar, dass Frau Schwarzer das durchgehen lie\u00df.<br \/>\nAll dies sind Anzeichen daf\u00fcr, dass der Aufruf bewusst in konservative, rechte und putinfreundliche Kreise ge\u00f6ffnet werden sollte. Und so verwundert es nicht, dass sogar ein Peter Gauweiler (CSU) zu den Erstunterzeichner*innen geh\u00f6rt. Bei den Zweitunterzeichner*innen war dann wortstark Tino Chrupalla dabei, der als AfD-Bundesvorsitzender seine ganze Partei zum Unterschreiben aufrief. Einige weitere prominente Rechte haben sich bereits \u00f6ffentlich angeschlossen.<br \/>\nEs ist also aus inhaltlicher Sicht kein Zufall, dass dieser Aufruf von Rechten gerne angenommen und beworben wird. Ein weiterer Grund daf\u00fcr sind die Initiatorinnen. Sarah Wagenknecht hat bekanntlich in der AfD, Pegida und unter Quer\u201cdenkern\u201c eine nicht geringe Fangemeinde, die sie sich durch rechtspopulistische \u00c4u\u00dferungen &#8211; z.B. zur Fl\u00fcchtlingsthematik, <a href=\"https:\/\/www.graswurzel.net\/gwr\/2020\/12\/corona-leugnung-und-neue-rechte\/\">Corona-Pandemie<\/a>, Impfungen &#8211; konsequent erarbeitet hat. Auch Alice Schwarzer bekommt seit ein paar Jahren viel Applaus von rechts, da sie beim Thema \u201eIslam\u201c rassistische Vorurteile bedient (Absicht m\u00f6chte ich ihr dabei nicht unterstellen). Ihre Zusammenarbeit mit der BILD-Zeitung seit 2007 bef\u00f6rdert eine rechtspopulistische Rezeption zus\u00e4tzlich. ((2))<br \/>\nEs ist durchaus m\u00f6glich, einen Friedensaufruf so zu formulieren, dass Faschist*innen ihn nicht unterschreiben k\u00f6nnen. Einen Aufruf mit einem Text in diesem Sinne und initiiert von anderen der Unterzeichner*innen (Margot K\u00e4\u00dfmann, J\u00fcrgen Gr\u00e4sslin, Reinhard Mey) w\u00fcrde ich gerne unterzeichnen. Tats\u00e4chlich habe ich aber auch mit anderen Erstunterzeichner*innen (Rainer Braun, Eugen Drewermann, Peter Gauweiler, Oskar Lafontaine, J\u00fcrgen Todenh\u00f6fer, Erich Vad) arge Probleme. Der Brigade-General a.D. Erich Vad (&#8230;) ist f\u00fcr seine Verbindungen zur Neuen Rechten um G\u00f6tz Kubitschek bekannt, er hat u.a. f\u00fcr die \u201eSezession\u201c (Zeitschrift der Neuen Rechten) geschrieben (&#8230;). Er war Referent bei der Hanns-Seidel-Stiftung, der neurechten Denkfabrik \u201eInstitut f\u00fcr Staatspolitik\u201c (&#8230;). Sein wichtigstes Buch behandelt \u201ePerspektiven im Werk von Carl Schmitt\u201c, dem Staatsrechtler und NSDAP-Mitglied, der als Staatsrat unter Hermann G\u00f6ring die N\u00fcrnberger Rassegesetze als \u201eVerfassung der Freiheit\u201c bezeichnete. Wer solche Personen als Zugpferd benutzt, wird das entsprechende Publikum ernten.<br \/>\n(\u2026) Rechte Kreise (&#8230;) tr\u00e4umen im Zusammenhang mit dem \u201eManifest\u201c und der Kundgebung am 25.2. schon von einem Deutschland, das von Alice Weidel und Sarah Wagenknecht im Duo regiert wird. ((3)) Die j\u00fcngsten \u00c4u\u00dferungen von Wagenknecht und Lafontaine geben klare Signale der \u00d6ffnung &#8211; auch nach rechts.<\/p>\n<p style=\"text-align: justify;\">Am 18.2.2023 fanden in M\u00fcnchen anl\u00e4sslich der Sicherheitskonferenz zahlreiche Kundgebungen statt. Den gr\u00f6\u00dften Zulauf gab es bei der von der Querdenker-Szene organisierten Kundgebung \u201eMacht Frieden!\u201c mit den Rednern J\u00fcrgen Todenh\u00f6fer (Erstunterzeichner \u201eManifest\u201c) und Dietmar Dehm (getreuer Wagenknecht-Unterst\u00fctzer). Sp\u00e4ter fusionierte die AfD-Demo dazu und J\u00fcrgen <a href=\"https:\/\/www.graswurzel.net\/gwr\/2020\/03\/viele-kleine-elsaessers\/\">Els\u00e4sser<\/a>, Chefredakteur des extrem rechten Compact-Magazins, berichtete euphorisch \u201eMega M\u00fcnchen! Neue Querfront f\u00fcr Frieden\u201c ((4)). Wenn das der Testlauf f\u00fcr Berlin war, ist Schlimmes zum bef\u00fcrchten.<br \/>\nIn der heutigen Zeit als Pazifist einen Weg zum Frieden zu finden und zu gehen, ist nicht einfach. Aus meiner Sicht gibt es auch viel \u201efalsche\u201c Kritik an dem Manifest. Denn JA: Die Waffenlieferungen m\u00fcssen gestoppt werden, die weitere Eskalation muss dringend verhindert werden, alle M\u00f6glichkeiten f\u00fcr Verhandlungen m\u00fcssen ausgelotet werden, Vermittlungsangeboten (z.B. von Lula da Silva) muss Raum gegeben werden. Wer vor Eskalation warnt, ist nicht \u201efeige\u201c oder \u201enaiv\u201c!<br \/>\nAber klar ist f\u00fcr mich: \u201eNie wieder Krieg!\u201c und \u201eNie wieder Faschismus!\u201c geh\u00f6ren zusammen. Konkreter: Wenn wir etwas aus unserer Geschichte gelernt haben, dann sollte es die Verpflichtung zur Deeskalation (Zitat K\u00e4\u00dfmann) UND zum Verhindern von faschistischen Tendenzen sein. Ein pazifistischer Aufruf, der das vereint, muss noch geschrieben werden.<\/p>\n<p style=\"text-align: right;\"><strong>Martin Firgau,<\/strong><br \/>\n<strong>21. Februar 2023<\/strong><\/p>\n","protected":false},"excerpt":{"rendered":"<p>Warum ich als Pazifist das \u201eManifest f\u00fcr Frieden\u201c von Wagenknecht und Schwarzer sicher NICHT unterschreiben werde, m\u00f6chte ich gerne begr\u00fcnden. Dies ist meine pers\u00f6nliche Ansicht und ich sehe und respektiere, dass andere von mir gesch\u00e4tzte Menschen zu anderen Entscheidungen kommen. Gro\u00dfen Respekt habe ich vor dem ehemaligen Erstunterzeichner Johannes Varwick, der seine Entscheidung \u00f6ffentlich revidiert &hellip; <a href=\"https:\/\/www.graswurzel.net\/gwr\/2023\/03\/warum-ich-das-sicher-nicht-unterschreiben-werde\/\">Weiterlesen<\/a><\/p>\n","protected":false},"author":502,"featured_media":0,"comment_status":"closed","ping_status":"closed","sticky":false,"template":"","format":"standard","meta":{"slim_seo":{"title":"Warum ich das sicher nicht unterschreiben werde - graswurzelrevolution","description":"Warum ich als Pazifist das \u201eManifest f\u00fcr Frieden\u201c von Wagenknecht und Schwarzer sicher NICHT unterschreiben werde, m\u00f6chte ich gerne begr\u00fcnden. Dies ist meine pe"},"footnotes":""},"categories":[1852,1057,1025],"tags":[1854],"class_list":["post-29402","post","type-post","status-publish","format-standard","hentry","category-477-maerz-2023","category-der-rechte-rand","category-die-waffen-nieder","tag-manifest-fuer-frieden"],"_links":{"self":[{"href":"https:\/\/www.graswurzel.net\/gwr\/wp-json\/wp\/v2\/posts\/29402","targetHints":{"allow":["GET"]}}],"collection":[{"href":"https:\/\/www.graswurzel.net\/gwr\/wp-json\/wp\/v2\/posts"}],"about":[{"href":"https:\/\/www.graswurzel.net\/gwr\/wp-json\/wp\/v2\/types\/post"}],"author":[{"embeddable":true,"href":"https:\/\/www.graswurzel.net\/gwr\/wp-json\/wp\/v2\/users\/502"}],"replies":[{"embeddable":true,"href":"https:\/\/www.graswurzel.net\/gwr\/wp-json\/wp\/v2\/comments?post=29402"}],"version-history":[{"count":0,"href":"https:\/\/www.graswurzel.net\/gwr\/wp-json\/wp\/v2\/posts\/29402\/revisions"}],"wp:attachment":[{"href":"https:\/\/www.graswurzel.net\/gwr\/wp-json\/wp\/v2\/media?parent=29402"}],"wp:term":[{"taxonomy":"category","embeddable":true,"href":"https:\/\/www.graswurzel.net\/gwr\/wp-json\/wp\/v2\/categories?post=29402"},{"taxonomy":"post_tag","embeddable":true,"href":"https:\/\/www.graswurzel.net\/gwr\/wp-json\/wp\/v2\/tags?post=29402"}],"curies":[{"name":"wp","href":"https:\/\/api.w.org\/{rel}","templated":true}]}}