{"id":29403,"date":"2023-03-01T14:50:45","date_gmt":"2023-03-01T12:50:45","guid":{"rendered":"https:\/\/www.graswurzel.net\/gwr\/?p=29403"},"modified":"2023-03-22T15:59:55","modified_gmt":"2023-03-22T13:59:55","slug":"antimilitaristische-kritik-am-manifest-fuer-frieden","status":"publish","type":"post","link":"https:\/\/www.graswurzel.net\/gwr\/2023\/03\/antimilitaristische-kritik-am-manifest-fuer-frieden\/","title":{"rendered":"Antimilitaristische Kritik am \u201eManifest f\u00fcr Frieden\u201c"},"content":{"rendered":"<p style=\"text-align: justify;\">Alice Schwarzer und Sahra Wagenknecht, die beiden Initiatorinnen der im Februar 2023 ver\u00f6ffentlichten Petition \u201eManifest f\u00fcr Frieden\u201c ((1)) fordern die Bundesregierung auf, die Waffenlieferungen an die Ukraine zu stoppen. Der Bundeskanzler m\u00f6ge sich auf deutscher wie europ\u00e4ischer Ebene an die Spitze der Diplomatie einer starken Allianz f\u00fcr einen Waffenstillstand und f\u00fcr Friedensverhandlungen einsetzen.<\/p>\n<p style=\"text-align: justify;\">68 Einzelpersonen unterschiedlicher politischer Herkunft waren die Erstunterzeichner*innen. Viele Prominente aus Politik, Kunst, Kirchen und Wissenschaft haben das \u201eManifest f\u00fcr Frieden\u201c unterschrieben. Am 25. Februar haben bereits \u00fcber 600.000 Menschen ihre Unterschriften unter diese Petition gesetzt. Auch Einzelpersonen aus Organisationen der Friedensbewegung haben unterschrieben.<\/p>\n<h5 style=\"text-align: justify;\">Wer sind die Initiatorinnen?<\/h5>\n<p style=\"text-align: justify;\">Die Journalistin <a href=\"https:\/\/www.graswurzel.net\/gwr\/2008\/03\/feminismus-heute\/\">Alice Schwarzer<\/a> ist bekannt als Feministin und Herausgeberin des Magazins Emma. Feministische Forderungen von ihr sind gleiche Rechte f\u00fcr Frauen in der Gesellschaft, auch in staatlichen Macht- und Herrschaftspositionen. Aus diesem Gleichheitsgrundsatz forderte sie in den 1990er Jahren \u201eFrauen in die Bundeswehr\u201c. Das wurde von der autonomen Frauenbewegung heftig kritisiert. Ebenso wie ihre immer wieder ge\u00e4u\u00dferten rassistischen und queerfeindlichen Positionen.<br \/>\n2007 sorgte sie f\u00fcr Irritationen, als sie sich f\u00fcr eine Image-Kampagne der Boulevardzeitung BILD als Werbetr\u00e4gerin zur Verf\u00fcgung stellte.<\/p>\n<blockquote>\n<p style=\"text-align: right;\"><em><strong>Die <a href=\"https:\/\/www.graswurzel.net\/gwr\/2021\/06\/unter-der-schwarz-roten-friedensfahne\/\">Internationale der Kriegsdienstgegner*innen<\/a> (IDK) steht in kritischer Distanz zum Manifest und zur Demonstration am 25. Februar 2023, weil wir keine nationalistischen Tendenzen unterst\u00fctzen wollen und an keiner nach rechts offenen Veranstaltung teilnehmen.<\/strong><\/em><\/p>\n<\/blockquote>\n<p style=\"text-align: justify;\">Sahra <a href=\"https:\/\/www.graswurzel.net\/gwr\/2020\/01\/nein-zur-notwehrthese\/\">Wagenknecht <\/a>ist eine bekannte Politikerin der Partei Die Linke und war dort f\u00fcr einige Zeit Mitglied der links-autorit\u00e4ren \u201eKommunistischen Plattform\u201c. Zum Ukraine-Krieg gibt sie der Politik der USA eine Mitverantwortung f\u00fcr die entstandene Lage. Ein zentraler Grund f\u00fcr das schlechte Verh\u00e4ltnis zwischen Russland und dem Westen sei die <a href=\"https:\/\/www.graswurzel.net\/gwr\/2017\/10\/der-neue-kalte-krieg\/\">NATO-Osterweiterung<\/a>. Sie spricht von einem Wirtschaftskrieg gegen Russland und fordert das Ende der Sanktionen. Dies begr\u00fcndete sie unter anderem mit den Auswirkungen der Russlandpolitik auf die deutsche Wirtschaft. Mit dieser deutsch-nationalen Sichtweise bekam sie politischen Beifall der AfD-Bundestagsfraktion. Auch in anderen Politikfeldern bedient sie nationalistische, menschenfeindliche und AfD-nahe Argumentationsmuster, z.B. in der Fl\u00fcchtlingsfrage. Diese nationalistische Orientierung f\u00fchrte zu Parteiaustritten von Mitgliedern der Links-Partei.<\/p>\n<h5 style=\"text-align: justify;\">Wer organisierte die Demo am 25. Februar 2023?<\/h5>\n<p style=\"text-align: justify;\">Am 25. Februar kamen ca. 15.000 Menschen zur Demonstration \u201eAufstand f\u00fcr Frieden\u201c nach Berlin. Organisiert wurde sie von R. Kr\u00e4mer c\/o IPB (International Peace Buro). Die NaturFreunde Berlin haben daf\u00fcr ein Spendenkonto eingerichtet. Neben den Rednerinnen Alice Schwarzer und Sahra Wagenknecht hat Erich Vad geredet.<\/p>\n<p style=\"text-align: justify;\">Erich Vad, Brigadegeneral a.D. ist ein prominentes Mitglied der CDU. Er ist bekannt f\u00fcr seine politischen Analysen und milit\u00e4rischen Prognosen, die allerdings sehr kontrovers diskutiert werden.<br \/>\nErich Vad hat eine politische N\u00e4he zur \u201eNeuen Rechten\u201c in Deutschland. Zum Beispiel hat er als damaliger Berater der CDU-CSU-Bundestagsfraktion im Jahre 2003 bei der extrem rechten Berliner Burschenschaft Gothia referiert. Er war Autor der rechtsextremen Zeitschrift Junge Freiheit und relativierte die Fakten der wissenschaftlich fundierten Ausstellung \u201eVerbrechen der Wehrmacht\u201c.<br \/>\nAktuell m\u00fcsse man \u00fcber die Aussetzung der <a href=\"https:\/\/www.graswurzel.net\/gwr\/2022\/12\/quo-vadis-kriegsdienst\/\">Wehrpflicht<\/a> erneut nachdenken, so Vad. Die aktuellen Waffenlieferungen an die Ukraine seien aber ohne politisch-strategisches Konzept \u201eMilitarismus pur\u201c und \u201edieser sinnfreie Aktionismus in der deutschen Politik\u201c m\u00fcsse endlich ein Ende finden. Zudem erlebe er eine \u201eGleichschaltung der Medien\u201c in Deutschland.<\/p>\n<h5 style=\"text-align: justify;\">Unsere Kritik:<\/h5>\n<p style=\"text-align: justify;\">Wir erkennen in dieser Petition rechts-populistische T\u00f6ne. Der Manifest-Text zeichnet neben einem apokalyptischen Bild des Krieges und der Politik auch eine deutsch-nationale Sicht.<br \/>\nDeshalb gab es im Vorfeld der Kundgebung kritische Stimmen, weil durch das Manifest selbst und auch durch die Redner*innen sich die AfD und andere rechts-nationalistische Kr\u00e4fte angesprochen f\u00fchlen. Tats\u00e4chlich unterzeichneten Personen aus diesem Umfeld das Manifest. \u00d6ffentlich wurde diese Offenheit f\u00fcr Mitglieder der AfD und andere Rechtsextreme durch Oskar Lafontaine und Sahra Wagenknecht legitimiert. Sie seien willkommen, allerdings ohne ihre Parteifahnen.<\/p>\n<p style=\"text-align: justify;\">Die <a href=\"https:\/\/www.graswurzel.net\/gwr\/2021\/06\/unter-der-schwarz-roten-friedensfahne\/\">Internationale der Kriegsdienstgegner*innen<\/a> (IDK) steht in kritischer Distanz zum Manifest und zur Demonstration am 25. Februar 2023, weil wir keine nationalistischen Tendenzen unterst\u00fctzen wollen und an keiner nach rechts offenen Veranstaltung teilnehmen. Eine \u201eQuerfront\u201c, die Vermischung linker und rechter Positionen, um die Zustimmung zu anitiemanzipatorischen Positionen zu vergr\u00f6\u00dfern, lehnt die IDK ab.<\/p>\n<p style=\"text-align: justify;\">Die IDK ist dem Grundsatz verpflichtet: Der Krieg ist ein Verbrechen an der Menschheit. Wir sind daher entschlossen, keine Art von Krieg zu unterst\u00fctzen und an der Beseitigung aller Kriegsursachen mitzuarbeiten. Daraus ergeben sich durchaus politische Schnittmengen zu einigen Forderungen im Manifest f\u00fcr Frieden, wie sie oben genannt sind. Aber die IDK kritisiert dr\u00fcber hinaus grunds\u00e4tzlich R\u00fcstungsproduktion, -Exporte und Milit\u00e4r als Kriegsursachen. Milit\u00e4r und Krieg sind keine politischen Optionen f\u00fcr Frieden.<\/p>\n<p style=\"text-align: justify;\">Als Sektion der War Resisters\u2018 International (WRI) unterst\u00fctzt die IDK in jedem Krieg Deserteure und Kriegsdienstverweigerer, Verweigerinnen und Kriegsfl\u00fcchtlinge. \u00dcbrigens ist dies ein Themenfeld, das im Manifest f\u00fcr Frieden nicht genannt wurde, weil es die nationale Manifest-Eintracht st\u00f6rt.<br \/>\nDie IDK setzt dagegen das internationale Netzwerk gegen den Krieg:<br \/>\n#ObjectWarCampaign &#8211; Russland, Belarus, Ukraine: Schutz und Asyl f\u00fcr Deserteure und Verweigerer*innen<br \/>\nAm 20. Februar 2023 demonstrierte die IDK zusammen mit anderen WRI-Gruppen und dem Vers\u00f6hnungsbund vor der Botschaft von Belarus in Berlin. Zeitgleich koordiniert gab es Kundgebungen in London, Amsterdam und Vilnius. Das belarussische Regime steht an der Seite von Russland im Krieg gegen die Ukraine. Wir stellen klar: \u201eKeine belarussischen Truppen f\u00fcr den Krieg in der Ukraine!\u201c<\/p>\n","protected":false},"excerpt":{"rendered":"<p>Alice Schwarzer und Sahra Wagenknecht, die beiden Initiatorinnen der im Februar 2023 ver\u00f6ffentlichten Petition \u201eManifest f\u00fcr Frieden\u201c ((1)) fordern die Bundesregierung auf, die Waffenlieferungen an die Ukraine zu stoppen. Der Bundeskanzler m\u00f6ge sich auf deutscher wie europ\u00e4ischer Ebene an die Spitze der Diplomatie einer starken Allianz f\u00fcr einen Waffenstillstand und f\u00fcr Friedensverhandlungen einsetzen. 68 Einzelpersonen &hellip; <a href=\"https:\/\/www.graswurzel.net\/gwr\/2023\/03\/antimilitaristische-kritik-am-manifest-fuer-frieden\/\">Weiterlesen<\/a><\/p>\n","protected":false},"author":502,"featured_media":29546,"comment_status":"closed","ping_status":"closed","sticky":false,"template":"","format":"standard","meta":{"slim_seo":{"title":"Antimilitaristische Kritik am \u201eManifest f\u00fcr Frieden\u201c - graswurzelrevolution","description":"Alice Schwarzer und Sahra Wagenknecht, die beiden Initiatorinnen der im Februar 2023 ver\u00f6ffentlichten Petition \u201eManifest f\u00fcr Frieden\u201c ((1)) fordern die Bundesre"},"footnotes":""},"categories":[1852,1025],"tags":[1854,1856,1855],"class_list":["post-29403","post","type-post","status-publish","format-standard","has-post-thumbnail","hentry","category-477-maerz-2023","category-die-waffen-nieder","tag-manifest-fuer-frieden","tag-querfront","tag-wagenknecht"],"_links":{"self":[{"href":"https:\/\/www.graswurzel.net\/gwr\/wp-json\/wp\/v2\/posts\/29403","targetHints":{"allow":["GET"]}}],"collection":[{"href":"https:\/\/www.graswurzel.net\/gwr\/wp-json\/wp\/v2\/posts"}],"about":[{"href":"https:\/\/www.graswurzel.net\/gwr\/wp-json\/wp\/v2\/types\/post"}],"author":[{"embeddable":true,"href":"https:\/\/www.graswurzel.net\/gwr\/wp-json\/wp\/v2\/users\/502"}],"replies":[{"embeddable":true,"href":"https:\/\/www.graswurzel.net\/gwr\/wp-json\/wp\/v2\/comments?post=29403"}],"version-history":[{"count":0,"href":"https:\/\/www.graswurzel.net\/gwr\/wp-json\/wp\/v2\/posts\/29403\/revisions"}],"wp:featuredmedia":[{"embeddable":true,"href":"https:\/\/www.graswurzel.net\/gwr\/wp-json\/wp\/v2\/media\/29546"}],"wp:attachment":[{"href":"https:\/\/www.graswurzel.net\/gwr\/wp-json\/wp\/v2\/media?parent=29403"}],"wp:term":[{"taxonomy":"category","embeddable":true,"href":"https:\/\/www.graswurzel.net\/gwr\/wp-json\/wp\/v2\/categories?post=29403"},{"taxonomy":"post_tag","embeddable":true,"href":"https:\/\/www.graswurzel.net\/gwr\/wp-json\/wp\/v2\/tags?post=29403"}],"curies":[{"name":"wp","href":"https:\/\/api.w.org\/{rel}","templated":true}]}}