{"id":29500,"date":"2023-03-08T13:06:49","date_gmt":"2023-03-08T11:06:49","guid":{"rendered":"https:\/\/www.graswurzel.net\/gwr\/?p=29500"},"modified":"2023-08-13T14:17:32","modified_gmt":"2023-08-13T12:17:32","slug":"luftruinen-festival","status":"publish","type":"post","link":"https:\/\/www.graswurzel.net\/gwr\/2023\/03\/luftruinen-festival\/","title":{"rendered":"&#8222;luftruinen&#8220;-Festival"},"content":{"rendered":"<p style=\"text-align: justify;\">Wir bieten ein vielf\u00e4ltiges Programm mit musikalischen und poetischen Beitr\u00e4gen.<\/p>\n<p style=\"text-align: justify;\">Dabei sind als Musikacts der bundesweit bekannte Stra\u00dfenmusiker Klaus der Geiger aus K\u00f6ln mit seinem Kompagnon Marius Peters, Duo CaoTina, wo die T\u00fcrmerin Martje Thalmann singt, Morina Miconnet &amp; Phil Wood, Singer\/ Songwriterin mit Begleitung, <a href=\"https:\/\/www.graswurzel.net\/gwr\/2003\/04\/diskographie-pit-budde-cochise\/\">Pit Budde<\/a>, bekannt durch Cochise, Radio Ethiopia und Karibuni.<\/p>\n<figure id=\"attachment_29507\" aria-describedby=\"caption-attachment-29507\" style=\"width: 300px\" class=\"wp-caption alignnone\"><img loading=\"lazy\" decoding=\"async\" class=\"size-medium wp-image-29507\" src=\"https:\/\/www.graswurzel.net\/gwr\/wp-content\/uploads\/2023\/03\/SafiyeCan02-JaquesFleury-Sintes-300x184.jpg\" alt=\"Oberk\u00f6rper einer Frau mit langen dunklen Locken einem grauen Pullover und einer gr\u00fcnen Wollm\u00fctze\" width=\"300\" height=\"184\" srcset=\"https:\/\/www.graswurzel.net\/gwr\/wp-content\/uploads\/2023\/03\/SafiyeCan02-JaquesFleury-Sintes-300x184.jpg 300w, https:\/\/www.graswurzel.net\/gwr\/wp-content\/uploads\/2023\/03\/SafiyeCan02-JaquesFleury-Sintes-600x369.jpg 600w, https:\/\/www.graswurzel.net\/gwr\/wp-content\/uploads\/2023\/03\/SafiyeCan02-JaquesFleury-Sintes-768x472.jpg 768w, https:\/\/www.graswurzel.net\/gwr\/wp-content\/uploads\/2023\/03\/SafiyeCan02-JaquesFleury-Sintes-150x92.jpg 150w, https:\/\/www.graswurzel.net\/gwr\/wp-content\/uploads\/2023\/03\/SafiyeCan02-JaquesFleury-Sintes.jpg 911w\" sizes=\"auto, (max-width: 300px) 100vw, 300px\" \/><figcaption id=\"caption-attachment-29507\" class=\"wp-caption-text\">Safiye Can. Photo: Jaques Fleury-Sintes<\/figcaption><\/figure>\n<p style=\"text-align: justify;\">Es lesen die Else Lasker-Sch\u00fcler-Preistr\u00e4gerin und Lyrik-Bestseller-Autorin Safiye Can, die Underground-Poetin Sybille Lengauer, der Anarcho-Poet <a href=\"https:\/\/www.graswurzel.net\/gwr\/2004\/12\/poetry-for-anarchy\/\">Ralf Burnicki<\/a> und J\u00f6rg Siegert, der Herausgeber der &#8222;luftruinen &#8211; flugschriften f\u00fcr freigeistkultur&#8220;.<\/p>\n<p style=\"text-align: justify;\">Durch das Programm f\u00fchrt Martin Schlath\u00f6lter.<\/p>\n<p style=\"text-align: justify;\">Der Eintritt ist frei.<\/p>\n<p style=\"text-align: justify;\">Veranstalter*innen sind: &#8222;luftruinen &#8211; flugschriften f\u00fcr freigeistkultur&#8220;, der B-Side Kultur e.V., Culture Corner, die Ortsgruppe M\u00fcnster der VVN-BdA (Vereinigung der Verfolgten des Naziregimes\/ Bund der Antifaschist*innen) und der Rosta Buchladen.<\/p>\n<p style=\"text-align: justify;\">Medienpartner*innen sind: Redaktion &#8222;Graswurzelrevolution&#8220; und Medienforum M\u00fcnster (Webradio, Antenne Antifa, B-Side Funk).<\/p>\n<p style=\"text-align: justify;\">Gef\u00f6rdert wird das Festival durch das Kulturamt der Stadt M\u00fcnster, durch den Integrationsrat der Stadt M\u00fcnster und den AStA der Universit\u00e4t M\u00fcnster.<\/p>\n<p style=\"padding-left: 40px;\">\u2192 <a href=\"https:\/\/www.graswurzel.net\/gwr\/wp-content\/uploads\/2023\/03\/Lesebuehne_20230318-beschn.pdf\">Flyer<\/a> &amp; <a href=\"https:\/\/www.graswurzel.net\/gwr\/wp-content\/uploads\/2023\/03\/Lesebuehne_20230318_plakat_beschn.pdf\">Plakat<\/a><\/p>\n<p>&nbsp;<\/p>\n","protected":false},"excerpt":{"rendered":"<p>Wir bieten ein vielf\u00e4ltiges Programm mit musikalischen und poetischen Beitr\u00e4gen. Dabei sind als Musikacts der bundesweit bekannte Stra\u00dfenmusiker Klaus der Geiger aus K\u00f6ln mit seinem Kompagnon Marius Peters, Duo CaoTina, wo die T\u00fcrmerin Martje Thalmann singt, Morina Miconnet &amp; Phil Wood, Singer\/ Songwriterin mit Begleitung, Pit Budde, bekannt durch Cochise, Radio Ethiopia und Karibuni. Es &hellip; <a href=\"https:\/\/www.graswurzel.net\/gwr\/2023\/03\/luftruinen-festival\/\">Weiterlesen<\/a><\/p>\n","protected":false},"author":502,"featured_media":29504,"comment_status":"closed","ping_status":"closed","sticky":false,"template":"","format":"standard","meta":{"slim_seo":{"title":"\"luftruinen\"-Festival - graswurzelrevolution","description":"Wir bieten ein vielf\u00e4ltiges Programm mit musikalischen und poetischen Beitr\u00e4gen. Dabei sind als Musikacts der bundesweit bekannte Stra\u00dfenmusiker Klaus der Geige"},"footnotes":""},"categories":[1867,1035],"tags":[1866,1433],"class_list":["post-29500","post","type-post","status-publish","format-standard","has-post-thumbnail","hentry","category-online-redaktion","category-wunderkammer","tag-festival","tag-muenster"],"_links":{"self":[{"href":"https:\/\/www.graswurzel.net\/gwr\/wp-json\/wp\/v2\/posts\/29500","targetHints":{"allow":["GET"]}}],"collection":[{"href":"https:\/\/www.graswurzel.net\/gwr\/wp-json\/wp\/v2\/posts"}],"about":[{"href":"https:\/\/www.graswurzel.net\/gwr\/wp-json\/wp\/v2\/types\/post"}],"author":[{"embeddable":true,"href":"https:\/\/www.graswurzel.net\/gwr\/wp-json\/wp\/v2\/users\/502"}],"replies":[{"embeddable":true,"href":"https:\/\/www.graswurzel.net\/gwr\/wp-json\/wp\/v2\/comments?post=29500"}],"version-history":[{"count":0,"href":"https:\/\/www.graswurzel.net\/gwr\/wp-json\/wp\/v2\/posts\/29500\/revisions"}],"wp:featuredmedia":[{"embeddable":true,"href":"https:\/\/www.graswurzel.net\/gwr\/wp-json\/wp\/v2\/media\/29504"}],"wp:attachment":[{"href":"https:\/\/www.graswurzel.net\/gwr\/wp-json\/wp\/v2\/media?parent=29500"}],"wp:term":[{"taxonomy":"category","embeddable":true,"href":"https:\/\/www.graswurzel.net\/gwr\/wp-json\/wp\/v2\/categories?post=29500"},{"taxonomy":"post_tag","embeddable":true,"href":"https:\/\/www.graswurzel.net\/gwr\/wp-json\/wp\/v2\/tags?post=29500"}],"curies":[{"name":"wp","href":"https:\/\/api.w.org\/{rel}","templated":true}]}}