{"id":30156,"date":"2023-09-04T17:33:25","date_gmt":"2023-09-04T15:33:25","guid":{"rendered":"https:\/\/www.graswurzel.net\/gwr\/2023\/09\/der-11-september-in-chile\/"},"modified":"2023-10-09T21:42:05","modified_gmt":"2023-10-09T19:42:05","slug":"der-11-september-in-chile","status":"publish","type":"post","link":"https:\/\/www.graswurzel.net\/gwr\/2023\/09\/der-11-september-in-chile\/","title":{"rendered":"Der 11. September in Chile"},"content":{"rendered":"<p style=\"text-align: justify;\">Ich erlebte diese drei Jahre Chile der Unidad Popular intensiv zwischen Studium, Universit\u00e4tsbesetzungen, Freiwilligenarbeit bei der Maisernte, Demonstrationen, lateinamerikanischen Liederfestivals mit Silvio Rodr\u00edguez und Pablo Milan\u00e9s aus Kuba, der Pe\u00f1a de los Parra mit Isabel und \u00c1ngel, Kindern von Violeta Parra, V\u00edctor Jara, Patricio Manns, Musiker*innen der Bewegung des Neuen Chilenischen Liedes. Filmfestivals, bei denen Politik und soziale Gerechtigkeit das zentrale Thema waren. Eine Kultur des Muralismus, die die W\u00e4nde Chiles eroberte und einen neuen Stil in der lateinamerikanischen Wandmalerei pr\u00e4gte.<\/p>\n<p style=\"text-align: justify;\">Ich, die ich aus dem idyllischen Puerto Varas kam, mit meinen Vulkanen und meinem See, war in Santiago Teil dieses wunderbaren Flusses von Ver\u00e4nderungen seit den Wahlen von 1970 mit Allende und der Unidad Popular, wo Kupfer verstaatlicht wurde, wir die Agrarreform erlebten, Arbeiter*innen nachts an den Universit\u00e4ten studierten, der \u201eZug der Kultur\u201c Musiker*innen und Theatergruppen durch ganz Chile brachte, B\u00fccher sich sehr preiswert verbreiteten, Kinder t\u00e4glich kostenlos einen halben Liter Milch erhielten &#8230;<br \/>\nIm Verborgenen planten die Vereinigten Staaten mit Nixon, Kissinger und der CIA gemeinsam mit der chilenischen Oligarchie, der reaktion\u00e4ren Presse und Milit\u00e4rs den Putsch. Der Streik der von der CIA bezahlten Lastwagenfahrer brachte die Lebensmittelversorgung im Land zum Erliegen. Ich erlebte es auf der Baustelle, f\u00fcr die mein Vater als Bauleiter zust\u00e4ndig war: In der N\u00e4he der Silobaustelle in Malloco wurden Hunderte von Lastwagen angehalten, umringt von bewaffneten M\u00e4nnern, damit sie KEINE Lebensmittel ins ganze Land lieferten \u2026<br \/>\nIch lebte in einer WG von neun Personen in \u00d1u\u00f1oa, zusammen mit Chilen*innen, US-Amerikaner*innen, einer Kanadierin, einem Kolumbianer, Schweizer*innen und Argentinier*innen. Die ganze Welt beobachtete diesen unglaublichen politisch-sozio-kulturellen Prozess, der so gewaltig war.<\/p>\n<h5 style=\"text-align: justify;\">Der erste Putschversuch im Juni 1973<\/h5>\n<p style=\"text-align: justify;\">Wir sahen den ersten Putschversuch im Juni 1973 im Zentrum von Santiago, Soldaten, die aufeinander schossen, einige von ihnen waren Allende-Anh\u00e4nger, die anderen Putschisten. Ich sah einen mit Zeitungen bedeckten K\u00f6rper und ein Gehirn an der Wand, dahinter einen Panzer, Sch\u00fcsse &#8230; Wir sind von dort geflohen! Sp\u00e4ter erfuhren wir, dass es sich bei der Leiche um den Kameramann Leonardo Henrichsen handelte, der seinen eigenen Tod gefilmt hatte &#8230;<br \/>\nIn dieser Nacht gingen wir zu Tausenden auf die Stra\u00dfe, um den gescheiterten Putsch zu feiern, Allende und seine Minister*innen sahen uns von der Trib\u00fcne von La Moneda betr\u00fcbt an, sie wussten, was kommen w\u00fcrde, wir, das Volk, nicht &#8230;<br \/>\nObwohl die Musiker*innen in ihren Liedern es bereits prophezeiten. V\u00edctor Jara sang in \u201eManifiesto\u201c (Manifest):<\/p>\n<p style=\"text-align: justify; padding-left: 40px;\">\u201eDass der Gesang seinen Sinn beh\u00e4lt\/ wenn in den Adern dessen\/ der singend sterben wird\/ die Wahrheit zuckt\u201c.<\/p>\n<p style=\"text-align: justify;\">In \u201eSt\u00fcrme des Volkes\u201c sang V\u00edctor Jara mit Inti Illimani:<\/p>\n<p style=\"text-align: justify; padding-left: 40px;\">\u201eSchon wieder wollen sie beflecken\/ mein Land mit Arbeiterblut\/ die, die von Freiheit sprechen\/ und schmutzige H\u00e4nde haben &#8230;\u201c<\/p>\n<p style=\"text-align: justify;\">Das kraftvollste Lied war das von Sergio Ortega, das immer noch auf der ganzen Welt gesungen wird, so wie es heute die Frauen aus Iran singen:<\/p>\n<p style=\"text-align: justify; padding-left: 40px;\">\u201e\u00a1El pueblo unido\/ jam\u00e1s ser\u00e1 vencido!\u201c<br \/>\n(\u201eDie vereinte Bev\u00f6lkerung\/ wird niemals besiegt!\u201c)<\/p>\n<p style=\"text-align: justify;\">So schlief ich am 10. September 1973 ein: mit dem Bewusstsein, dass Chile unser Land war, in dem wir gemeinsam jeden Tag die Ver\u00e4nderungen schrieben, w\u00e4hrend auf den Stra\u00dfen Gewalt zwischen Links und Rechts herrschte, w\u00e4hrend mein eigener Bruder zur ultrarechten Organisation \u201ePatria y Libertad\u201c geh\u00f6rte &#8230;<\/p>\n<blockquote>\n<p style=\"text-align: right;\"><em><strong>Allende und seine Minister*innen sahen uns von der Trib\u00fcne von La Moneda betr\u00fcbt an, sie wussten, was kommen w\u00fcrde, wir, das Volk, nicht<\/strong> <\/em><\/p>\n<\/blockquote>\n<p style=\"text-align: justify;\">Am 11. September 1973 wachte ich in der Fr\u00fchlingssonne auf, ich trampte zur Universit\u00e4t, im Auto h\u00f6rte man nur Marschmusik. Hubschrauber flogen am Himmel, ich trampte nach Hause, ich weckte alle auf, wir h\u00f6rten das Radio, die ergreifende Rede von Allende, wir liefen zu einem \u201ecord\u00f3n industrial\u201c (von Arbeiter*innen selbstverwalteten Industriebereich), die Arbeiter*innen waren in ihren Fabriken, um sie ohne Waffen zu verteidigen &#8230; Wir sahen die Angst einfl\u00f6\u00dfenden Kriegsflugzeuge \u00fcber uns hinwegfliegen, den furchtbaren schwarzen Rauch, der aus La Moneda aufstieg &#8230; Stumm sahen wir die Demokratie sterben, diese gro\u00dfe Utopie, die sich nun in Blut, Schreie, Folter, Verschwindenlassen, Tod, Exil verwandelte &#8230;<br \/>\nDer schreckliche Tod von Allende, Victor Jara, Neruda, so vieler Frauen, M\u00e4nner und Kinder, getrennte Familien, die Geheimpolizei, der auch mein Bruder angeh\u00f6rte, erf\u00fcllte das Land mit Gewalt, Angst, Schweigen. Bis sich die chilenische Bev\u00f6lkerung in den 17 Jahren der grausamen Diktatur Pinochets mehr und mehr erhob, mit dem \u201eCanto Nuevo\u201c\u00a0((1)) sang, seine Angst verlor, demonstrierte und es schaffte, zu einer sogenannten \u201eDemokratie\u201c zur\u00fcckzukehren. Aber die Geschichte erz\u00e4hle ich ein anderes Mal \u2026<\/p>\n<h5 style=\"text-align: justify;\">Ausblick<\/h5>\n<figure id=\"attachment_30253\" aria-describedby=\"caption-attachment-30253\" style=\"width: 454px\" class=\"wp-caption alignleft\"><img loading=\"lazy\" decoding=\"async\" class=\"size-full wp-image-30253\" src=\"https:\/\/www.graswurzel.net\/gwr\/wp-content\/uploads\/2023\/09\/ChileTerrorBild.jpg\" alt=\"\" width=\"454\" height=\"560\" srcset=\"https:\/\/www.graswurzel.net\/gwr\/wp-content\/uploads\/2023\/09\/ChileTerrorBild.jpg 454w, https:\/\/www.graswurzel.net\/gwr\/wp-content\/uploads\/2023\/09\/ChileTerrorBild-300x370.jpg 300w, https:\/\/www.graswurzel.net\/gwr\/wp-content\/uploads\/2023\/09\/ChileTerrorBild-243x300.jpg 243w, https:\/\/www.graswurzel.net\/gwr\/wp-content\/uploads\/2023\/09\/ChileTerrorBild-122x150.jpg 122w\" sizes=\"auto, (max-width: 454px) 100vw, 454px\" \/><figcaption id=\"caption-attachment-30253\" class=\"wp-caption-text\">Terror Widerstand Chile-Woche im September 1975 in Stuttgart &#8211; Foto: https:\/\/erinnerungchile.noblogs.org\/<\/figcaption><\/figure>\n<p style=\"text-align: justify;\">Im Jahr <a href=\"https:\/\/www.graswurzel.net\/gwr\/2019\/11\/das-politische-erdbeben-in-chile\/\">2019<\/a> war der soziale Ausbruch ein kurzer Traum mit einer Blutspur und Hunderten von erblindeten Augen ((2)), dem Entwurf der sch\u00f6nsten Verfassung der Welt mit Anerkennung der indigenen V\u00f6lker und der sexuellen Diversit\u00e4t, lebendigem Feminismus, sozialer Gerechtigkeit in allen Bereichen, der Wahl des jungen Linken <a href=\"https:\/\/www.graswurzel.net\/gwr\/2020\/03\/chile-zwischen-vergangenheit-und-zukunft\/\">Gabriel Boric<\/a> zum Pr\u00e4sidenten.<\/p>\n<p style=\"text-align: justify;\">Und heute? Erneutes Zittern um diese zerbrechliche Demokratie, die inmitten von Hass, Fake News und der zu allem bereiten chilenischen Ultrarechten zu zerbr\u00f6ckeln scheint.<br \/>\nAus Sicht meiner 40 Jahre M\u00fcnster, meiner geliebten Familie, dem \u201eDuo Contraviento\u201c mit Martin, dem Schreiben, Freund*innen und Solidarit\u00e4tsgruppen im ganzen Land, dem Besuch von Schulen, leiste ich weiter Erinnerungsarbeit, damit sowohl in Chile als auch in Deutschland gilt: NIE WIEDER!<\/p>\n","protected":false},"excerpt":{"rendered":"<p>Ich erlebte diese drei Jahre Chile der Unidad Popular intensiv zwischen Studium, Universit\u00e4tsbesetzungen, Freiwilligenarbeit bei der Maisernte, Demonstrationen, lateinamerikanischen Liederfestivals mit Silvio Rodr\u00edguez und Pablo Milan\u00e9s aus Kuba, der Pe\u00f1a de los Parra mit Isabel und \u00c1ngel, Kindern von Violeta Parra, V\u00edctor Jara, Patricio Manns, Musiker*innen der Bewegung des Neuen Chilenischen Liedes. Filmfestivals, bei denen &hellip; <a href=\"https:\/\/www.graswurzel.net\/gwr\/2023\/09\/der-11-september-in-chile\/\">Weiterlesen<\/a><\/p>\n","protected":false},"author":502,"featured_media":30252,"comment_status":"closed","ping_status":"closed","sticky":false,"template":"","format":"standard","meta":{"slim_seo":{"title":"Der 11. September in Chile - graswurzelrevolution","description":"Ich erlebte diese drei Jahre Chile der Unidad Popular intensiv zwischen Studium, Universit\u00e4tsbesetzungen, Freiwilligenarbeit bei der Maisernte, Demonstrationen,"},"footnotes":""},"categories":[1939,1032,1027],"tags":[1940,1072],"class_list":["post-30156","post","type-post","status-publish","format-standard","has-post-thumbnail","hentry","category-481-september-2023","category-spurensicherung","category-wir-sind-nicht-alleine","tag-allende","tag-chile"],"_links":{"self":[{"href":"https:\/\/www.graswurzel.net\/gwr\/wp-json\/wp\/v2\/posts\/30156","targetHints":{"allow":["GET"]}}],"collection":[{"href":"https:\/\/www.graswurzel.net\/gwr\/wp-json\/wp\/v2\/posts"}],"about":[{"href":"https:\/\/www.graswurzel.net\/gwr\/wp-json\/wp\/v2\/types\/post"}],"author":[{"embeddable":true,"href":"https:\/\/www.graswurzel.net\/gwr\/wp-json\/wp\/v2\/users\/502"}],"replies":[{"embeddable":true,"href":"https:\/\/www.graswurzel.net\/gwr\/wp-json\/wp\/v2\/comments?post=30156"}],"version-history":[{"count":0,"href":"https:\/\/www.graswurzel.net\/gwr\/wp-json\/wp\/v2\/posts\/30156\/revisions"}],"wp:featuredmedia":[{"embeddable":true,"href":"https:\/\/www.graswurzel.net\/gwr\/wp-json\/wp\/v2\/media\/30252"}],"wp:attachment":[{"href":"https:\/\/www.graswurzel.net\/gwr\/wp-json\/wp\/v2\/media?parent=30156"}],"wp:term":[{"taxonomy":"category","embeddable":true,"href":"https:\/\/www.graswurzel.net\/gwr\/wp-json\/wp\/v2\/categories?post=30156"},{"taxonomy":"post_tag","embeddable":true,"href":"https:\/\/www.graswurzel.net\/gwr\/wp-json\/wp\/v2\/tags?post=30156"}],"curies":[{"name":"wp","href":"https:\/\/api.w.org\/{rel}","templated":true}]}}