{"id":30158,"date":"2023-09-04T17:33:26","date_gmt":"2023-09-04T15:33:26","guid":{"rendered":"https:\/\/www.graswurzel.net\/gwr\/2023\/09\/solidaritaet-mit-olga-karatch\/"},"modified":"2023-10-18T20:00:06","modified_gmt":"2023-10-18T18:00:06","slug":"solidaritaet-mit-olga-karatch","status":"publish","type":"post","link":"https:\/\/www.graswurzel.net\/gwr\/2023\/09\/solidaritaet-mit-olga-karatch\/","title":{"rendered":"Solidarit\u00e4t mit Olga Karatch!"},"content":{"rendered":"<p style=\"text-align: justify;\">Nachdem die litauischen Beh\u00f6rden der belarussischen Menschenrechtsverteidigerin Olga Karatch (Volha Karach) politisches Asyl verweigert haben, haben wir die internationale Kampagne #protection4olga gestartet, um Schutz und Asyl f\u00fcr die Leiterin der Organisation \u201eOur House\u201c ((1)) zu fordern. Sie ist eine Peacebuilderin und sie k\u00e4mpft in Belarus (Wei\u00dfrussland) seit Jahren f\u00fcr die Menschenrechte, darunter das Recht auf <a href=\"https:\/\/www.graswurzel.net\/gwr\/2023\/04\/todesstrafe-fuer-desertion-in-belarus\/\">Kriegsdienstverweigerung<\/a> aus Gewissensgr\u00fcnden. Deshalb wird sie in ihrem Herkunftsland, wo sie vom Regime als \u201eTerroristin\u201c bezeichnet wurde, verfolgt und mit der Todesstrafe bedroht.<br \/>\nAm 18. August 2023 verweigerte Litauen ihr politisches Asyl und nannte sie eine \u201ePerson, die eine Bedrohung f\u00fcr die nationale Sicherheit der Republik Litauen darstellt\u201c. Ihr wurde jedoch ein einj\u00e4hriger vor\u00fcbergehender Aufenthalt im Land gew\u00e4hrt, wahrscheinlich aufgrund internationaler Briefe, die einige Politiker*innen und Stiftungen an die Beh\u00f6rden und an litauische Botschafter in verschiedenen L\u00e4ndern geschrieben hatten. Dieser Status gibt ihr jedoch keine Sicherheit \u2013 die Beh\u00f6rden k\u00f6nnten diese Entscheidung jederzeit aufheben und beschlie\u00dfen, sie abzuschieben. Deshalb haben wir eine internationale Kampagne zum sofortigen Schutz der Menschenrechtsverteidigerin und Peacebuilderin Olga Karatch gestartet.<br \/>\nDie 1998 verabschiedete UN-Erkl\u00e4rung zu Menschenrechtsverteidiger*innen ((2)) w\u00fcrdigt \u201edie wertvolle Arbeit von Einzelpersonen, Gruppen und Verb\u00e4nden, die zur wirksamen Beseitigung aller Verletzungen der Menschenrechte und Grundfreiheiten von V\u00f6lkern und Einzelpersonen beitragen\u201c. Olga hat durch die von ihr geleitete Organisation \u201e<a href=\"https:\/\/www.graswurzel.net\/gwr\/2023\/02\/rebellinnen-in-belarus\/\">Unser Haus<\/a>\u201c zahlreiche Aktivit\u00e4ten zur \u00dcberwachung und Verteidigung der Menschenrechte in Belarus und belarussischen B\u00fcrger*innen vorzuweisen, die in andere L\u00e4nder \u2013 wie etwa Litauen \u2013 geflohen sind. Aus diesem Grund ist ihre Organisation vom Internationalen Friedensb\u00fcro (IPB) ((3)) f\u00fcr den Friedensnobelpreis 2024 nominiert worden, zusammen mit der Russischen Bewegung f\u00fcr Kriegsdienstverweigerer und der Ukrainischen Pazifistischen Bewegung.<br \/>\nDie Staaten sind verpflichtet, die Menschenrechte und Grundfreiheiten aller B\u00fcrger*innen zu sch\u00fctzen und insbesondere f\u00fcr Menschenrechtsverteidiger*innen, die \u201eh\u00e4ufig Bedrohungen und Bel\u00e4stigungen ausgesetzt sind und unter Unsicherheit leiden\u201c, alle erforderlichen Ma\u00dfnahmen zu ergreifen, um den \u201eSchutz von Menschenrechtsverteidiger*innen zu gew\u00e4hrleisten sowohl auf lokaler als auch auf nationaler Ebene, auch in Zeiten bewaffneter Konflikte und der Friedenskonsolidierung\u201c, wie es in der UN General Assembly Resolution 66\/164 hei\u00dft.<br \/>\nWir \u00e4u\u00dfern unsere tiefe Besorgnis dar\u00fcber, dass \u201ein einigen F\u00e4llen nationale Sicherheits- und Terrorismusbek\u00e4mpfungsgesetze sowie andere Ma\u00dfnahmen, beispielsweise Gesetze zur Regulierung zivilgesellschaftlicher Organisationen, missbraucht wur\u2028den, um Menschenrechtsverteidiger*innen ins Visier zu nehmen, oder ihre Arbeit behindert und ihre Sicherheit in gewisser Weise gef\u00e4hrdet haben\u201c, wie es in der Resolution 22\/6 des UN-Menschenrechtsrats von 2013 zum Schutz von Menschenrechtsverteidigern hei\u00dft. Die Resolution verpflichtet alle Staaten dazu, diejenigen zu sch\u00fctzen und nicht zu kriminalisieren, die sich f\u00fcr die Verteidigung der Menschenrechte einsetzen.<\/p>\n<ul>\n<li style=\"text-align: justify;\">Daher appellieren wir an die h\u00f6chsten Vertreter*innen Litauens, den Pr\u00e4sidenten der Republik Litauen, die Premierministerin und den \u2028Au\u00dfenminister, internationale Standards zu respektieren und Olga, die in Litauen Zuflucht gesucht hat, Schutz und Asyl zu gew\u00e4hren.<\/li>\n<li style=\"text-align: justify;\">Litauen ist Mitglied der EU. Wir appellieren daher auch an die europ\u00e4ischen Institutionen, EU-Missionen (Botschaften und Konsulate der EU-Mitgliedstaaten und Delegationen der Europ\u00e4ischen Kommission), die, wie in den EU-Leitlinien zu Menschenrechtsverteidiger*innen fest-\u2028gelegt, Menschenrechtsverteidiger*innen unterst\u00fctzen und sch\u00fctzen sollen.<\/li>\n<li style=\"text-align: justify;\">Wir fordern die Regierungen auf, Ma\u00dfnahmen zu ergreifen, um sicherzustellen, dass der Schutz von Menschenrechtsverteidiger*innen immer und \u00fcberall gew\u00e4hrleistet ist.<\/li>\n<li style=\"text-align: justify;\">Wir rufen die Zivilgesellschaft auf, sich f\u00fcr die Verteidigung der Menschenrechte und derjenigen, die sie sch\u00fctzen, einzusetzen.<\/li>\n<\/ul>\n","protected":false},"excerpt":{"rendered":"<p>Nachdem die litauischen Beh\u00f6rden der belarussischen Menschenrechtsverteidigerin Olga Karatch (Volha Karach) politisches Asyl verweigert haben, haben wir die internationale Kampagne #protection4olga gestartet, um Schutz und Asyl f\u00fcr die Leiterin der Organisation \u201eOur House\u201c ((1)) zu fordern. Sie ist eine Peacebuilderin und sie k\u00e4mpft in Belarus (Wei\u00dfrussland) seit Jahren f\u00fcr die Menschenrechte, darunter das Recht auf &hellip; <a href=\"https:\/\/www.graswurzel.net\/gwr\/2023\/09\/solidaritaet-mit-olga-karatch\/\">Weiterlesen<\/a><\/p>\n","protected":false},"author":502,"featured_media":0,"comment_status":"closed","ping_status":"closed","sticky":false,"template":"","format":"standard","meta":{"slim_seo":{"title":"Solidarit\u00e4t mit Olga Karatch! - graswurzelrevolution","description":"Nachdem die litauischen Beh\u00f6rden der belarussischen Menschenrechtsverteidigerin Olga Karatch (Volha Karach) politisches Asyl verweigert haben, haben wir die int"},"footnotes":""},"categories":[1939,1036,1027],"tags":[1608,1232,1906],"class_list":["post-30158","post","type-post","status-publish","format-standard","hentry","category-481-september-2023","category-fluchtwege","category-wir-sind-nicht-alleine","tag-asyl","tag-belarus","tag-menschenrechte"],"_links":{"self":[{"href":"https:\/\/www.graswurzel.net\/gwr\/wp-json\/wp\/v2\/posts\/30158","targetHints":{"allow":["GET"]}}],"collection":[{"href":"https:\/\/www.graswurzel.net\/gwr\/wp-json\/wp\/v2\/posts"}],"about":[{"href":"https:\/\/www.graswurzel.net\/gwr\/wp-json\/wp\/v2\/types\/post"}],"author":[{"embeddable":true,"href":"https:\/\/www.graswurzel.net\/gwr\/wp-json\/wp\/v2\/users\/502"}],"replies":[{"embeddable":true,"href":"https:\/\/www.graswurzel.net\/gwr\/wp-json\/wp\/v2\/comments?post=30158"}],"version-history":[{"count":0,"href":"https:\/\/www.graswurzel.net\/gwr\/wp-json\/wp\/v2\/posts\/30158\/revisions"}],"wp:attachment":[{"href":"https:\/\/www.graswurzel.net\/gwr\/wp-json\/wp\/v2\/media?parent=30158"}],"wp:term":[{"taxonomy":"category","embeddable":true,"href":"https:\/\/www.graswurzel.net\/gwr\/wp-json\/wp\/v2\/categories?post=30158"},{"taxonomy":"post_tag","embeddable":true,"href":"https:\/\/www.graswurzel.net\/gwr\/wp-json\/wp\/v2\/tags?post=30158"}],"curies":[{"name":"wp","href":"https:\/\/api.w.org\/{rel}","templated":true}]}}