{"id":31459,"date":"2024-06-07T09:58:20","date_gmt":"2024-06-07T07:58:20","guid":{"rendered":"https:\/\/www.graswurzel.net\/gwr\/2024\/06\/menschenpark-der-wohltemperierten-grausamkeit\/"},"modified":"2024-06-13T23:55:44","modified_gmt":"2024-06-13T21:55:44","slug":"menschenpark-der-wohltemperierten-grausamkeit","status":"publish","type":"post","link":"https:\/\/www.graswurzel.net\/gwr\/2024\/06\/menschenpark-der-wohltemperierten-grausamkeit\/","title":{"rendered":"Menschenpark der wohltemperierten Grausamkeit"},"content":{"rendered":"<p>Es war auch wirkungsvoll: Meinungsumfragen sehen die AfD jetzt bundesweit bei 16 Prozent, noch immer viel zu viel, aber nicht mehr so erschreckend wie die 23 Prozent mit zunehmender Tendenz im Winter 2023\/2024. Dies zeigt auch: Ein drohender Faschismus l\u00e4sst sich zur\u00fcckdr\u00e4ngen \u2013 wenn viele aktiv werden.<\/p>\n<p><strong>Aber was hei\u00dft eigentlich \u201eFaschismus\u201c?<\/strong><\/p>\n<p>Die gro\u00dfen Demonstrationen richteten sich gegen geheime Vorbereitungen gro\u00dfangelegter Deportationen, die verharmlosend als \u201eRemigration\u201c bezeichnet wurden. \u201eNie wieder Faschismus!\u201c, das hei\u00dft auch, nie wieder Deportationen gro\u00dfer Menschenmassen in Konzentrationslager. W\u00e4hrend die sogenannte \u201eRemigration\u201c auf millionenfache Emp\u00f6rung stie\u00df, blieb das Wort \u201eMusterstadt\u201c jedoch seltsam unbeleuchtet. Wenn wir aber wissen wollen, wie wir die neuen Konzentrationslager verhindern k\u00f6nnen, m\u00fcssen wir uns genauer ansehen, welche Pl\u00e4ne es gibt. Wir m\u00fcssen vor Augen haben: Der Faschismus in der ersten H\u00e4lfte des letzten Jahrhunderts ging mit dem Kapitalismus der damaligen Zeit einher und war dadurch gepr\u00e4gt. Ein neuer Faschismus w\u00fcrde Elemente des aktuellen Kapitalismus aufweisen. Die einheitliche Massenformierung w\u00e4re vielleicht nicht mehr n\u00f6tig und der geforderte Totalitarismus w\u00fcrde sich gegebenenfalls anders ausdr\u00fccken als durch den totalen Staat.<br \/>\nEin neuer Faschismus w\u00fcrde auf die Kampflosungen \u201eHeil Hitler\u201c und \u201eSieg Heil\u201c verzichten, andere Kampflosungen k\u00f6nnten hingegen \u00fcbernommen werden. \u201eAlles f\u00fcr Deutschland\u201c, der Spruch stand auf den Dienstdolchen der SA und die bestand vor genau neunzig Jahren aus viereinhalb Millionen M\u00e4nnern. \u201eAlles f\u00fcr Deutschland\u201c k\u00f6nnte also kompatibel sein als Losung eines modernen Totalitarismus des \u201eDu bist nichts, dein Volk ist alles!\u201c. Denn er schlie\u00dft nicht nur an alte NS-Traditionen an, sondern passt allzu gut auch zu neoliberalen W\u00fcnschen. Wer erinnert sich noch an die Losung: \u201eDu bist Deutschland\u201c von 2005? Oder noch deutlicher an die Kampagne vom B\u00fcrgerkonvent von 2003: \u201eEs wurde genug \u00fcber unsere Probleme geredet. L\u00f6sen wir sie jetzt endlich! Wir haben die Erkenntnis, den Willen und die Kraft. Deutschland ist besser als jetzt.\u201c<br \/>\nAm B\u00fcrgerkonvent waren damals Hans-Olaf Henkel und Beatrix von Storch beteiligt. Beide geh\u00f6rten zehn Jahre sp\u00e4ter zur ersten Generation der AfD. Finanziert wurde die Kampagne \u201eDeutschland ist besser als jetzt\u201c mit sechs Millionen Euro von August von Finck, der auch der AfD die Anschubfinanzierung gab. Es sollte daher nicht verwundern, wenn Beatrix von Storch die Verurteilung von Bj\u00f6rn H\u00f6cke zu einer Strafe von 13.000 Euro f\u00fcr das Verbreiten der SA-Parole \u201eAlles f\u00fcr Deutschland\u201c als Ergebnis eines \u201eUnrechtsstaates\u201c gei\u00dfelt.<br \/>\n\u201eAlles f\u00fcr Deutschland\u201c ist nicht nur eine mit neoliberalen Interessen zu vereinbarende Losung der SA, sondern auch die zentrale Kampflosung der Neonazi-Szene, die mit der Parole ganz bewusst an die Nazizeit andockt. Und der Faschist Bj\u00f6rn H\u00f6cke hat Kontakte in diese Neonazi-Szene. Dies wird gerne von den Verteidiger*innen des Spruchs \u00fcbersehen.<\/p>\n<figure id=\"attachment_31484\" aria-describedby=\"caption-attachment-31484\" style=\"width: 1000px\" class=\"wp-caption alignnone\"><img loading=\"lazy\" decoding=\"async\" class=\"size-full wp-image-31484\" src=\"https:\/\/www.graswurzel.net\/gwr\/wp-content\/uploads\/2024\/06\/Kemperartikel.jpg\" alt=\"\" width=\"1000\" height=\"560\" srcset=\"https:\/\/www.graswurzel.net\/gwr\/wp-content\/uploads\/2024\/06\/Kemperartikel.jpg 1000w, https:\/\/www.graswurzel.net\/gwr\/wp-content\/uploads\/2024\/06\/Kemperartikel-300x168.jpg 300w, https:\/\/www.graswurzel.net\/gwr\/wp-content\/uploads\/2024\/06\/Kemperartikel-600x336.jpg 600w, https:\/\/www.graswurzel.net\/gwr\/wp-content\/uploads\/2024\/06\/Kemperartikel-768x430.jpg 768w\" sizes=\"auto, (max-width: 1000px) 100vw, 1000px\" \/><figcaption id=\"caption-attachment-31484\" class=\"wp-caption-text\">Demo f\u00fcrs Klima und gegen Nazis am 31.5.2024, Foto: Bernd Dr\u00fccke<\/figcaption><\/figure>\n<p>Aktuell l\u00e4uft es nicht gut f\u00fcr die AfD. Ich hatte auf die gro\u00dfen Demonstrationen verwiesen. Aber es gab auch einige Prozesse und Enth\u00fcllungen.<br \/>\n\u201eDer Brandmelder schrillt\u201c, mit diesen Worten erlaubte der Vorsitzende Richter Gerald Buck beim Oberverwaltungsgericht M\u00fcnster am 13. Mai 2024 die weitere Einstufung der AfD als Verdachtsfall beim Bundesamt f\u00fcr Verfassungsschutz. Einen Tag sp\u00e4ter verurteilte das Oberlandesgericht Halle den AfD-Landesvorsitzenden und Spitzenkandidaten f\u00fcr die Landtagswahlen in Th\u00fcringen zu einer Geldstrafe von einhundert Tagess\u00e4tzen von je 130 Euro, weil dieser \u00f6ffentlich und im Wissen um die Strafbarkeit die SA-Kampflosung \u201eAlles f\u00fcr Deutschland\u201c von sich gegeben hat. Parallel laufen immer wieder neue Tickermeldungen ein zu den Russland- und Chinaverbindugen der beiden AfD-Spitzenkandidaten bei den Europawahlen, Maximilian Krah und Petr Bystron. Zudem wurde die Immunit\u00e4t des Bundestagsabgeordneten und Vorsitzenden der Jungen Alternative, Hannes Gnauck, aufgehoben. Bei Gnauck stand ein Disziplinarverfahren der Bundeswehr an, er wurde vom Milit\u00e4rischen Abschirmdienst (MAD) als gesichert rechtsextrem eingestuft. Dieses Verfahren wurde zun\u00e4chst ausgesetzt und jetzt wieder aufgenommen. Parallel zu diesen Brandherden gab G\u00f6tz Kubitschek die Aufl\u00f6sung des Instituts f\u00fcr Staatspolitik, bzw. dessen Umstrukturierung bekannt.<\/p>\n<p>Im Gegensatz zur AfD, die seit den antifaschistischen Gro\u00dfdemos von Januar und Februar laut aller Meinungsforschungsinstitute rund drei\u00dfig Prozent der W\u00e4hler*innen innerhalb von f\u00fcnf Monaten verlor, ist das Institut f\u00fcr Staatspolitik nicht einfach von au\u00dfen zerlegt worden. Zwar betont G\u00f6tz Kubitschek, die Linken h\u00e4tten aus dem Institut eine \u201edurchl\u00f6cherte Zielscheibe\u201c gemacht. Und seit das Bundesamt f\u00fcr Verfassungsschutz das Institut als \u201eVerdachtsfall\u201c eingestuft habe, stehe der Verein ohne Gemeinn\u00fctzigkeit da, was das Spendensammeln extrem erschwere. Aber ich denke, die Aufl\u00f6sung ist eine Erweiterung des Diskursraumes. Daf\u00fcr spricht die Ersetzung des Begriffs \u201eStaatspolitik\u201c durch den merkw\u00fcrdigen Begriff \u201eMenschenpark\u201c.<br \/>\nKubitschek bezieht sich damit explizit auf die Elmauer Rede des Philosophen Peter Sloterdijk. Sloterdijk hatte sich in dieser Rede unter Berufung auf Platon und Nietzsche f\u00fcr eine bewusste Z\u00fcchtung der Menschen ausgesprochen. Die Lesenden seien die Auslesenden und in \u201eStadtparks, Nationalparks, Kantonalparks, \u00d6koparks \u2013 \u00fcberall m\u00fcssen Menschen sich eine Meinung dar\u00fcber bilden, wie ihre Selbsthaltung zu regeln sei\u201c. Allerdings fehlt im Text von Sloterdijk das Wort \u201eDemokratie\u201c im Gegensatz zum Wort \u201e\u00dcbermensch\u201c. Menschenpark meint nicht nur Z\u00fcchtung im Sinne der Bildungsselektion oder der Genetik, sondern auch der Menschen-\u201ehaltung\u201c in verschiedenen R\u00e4umen. Mark Frank kommentierte 1999 in der ZEIT: \u201e(\u2026) ein raunendes Geschweife und Geschwefel, ein pointeloses Flirten mit verf\u00e4nglichen Materien, die sich todsicher zur Publikumsprovokation eignen. Dem Vortrag eine klare These, eine \u00dcberzeugung, gar eine rationale Handlungsempfehlung abzugewinnen, \u00e4hnelte der M\u00fche, einen Pudding an die Wand zu nageln.\u201c<br \/>\nAber gerade dieses Geraune bietet sich nun f\u00fcr die Fortf\u00fchrung des Instituts f\u00fcr Staatspolitik an. Das Bild vom \u201eMenschenpark\u201c bietet an, was der Untertitel zu meinem Buch \u201eSarrazins Correctness\u201c ((1)) ausdr\u00fcckte, n\u00e4mlich \u201eMenschen- und Bev\u00f6lkerungskorrekturen\u201c. Und tats\u00e4chlich geh\u00f6rte Sloterdijk zu den Unterst\u00fctzern von Sarrazin. Zum \u201eMenschenpark\u201c geh\u00f6rt die \u201ePopulations\u00f6kologie\u201c, \u201eUnterschicht\u201c ist in diesem Denken vergleichbar mit Unkraut, das Problem der Unterschicht m\u00fcsse sich \u201eauswachsen\u201c (Sarrazin). Sarrazin bediente sich 2010 indirekt beim rassenbiologischen Magazin \u201eMankind Quarterly\u201c. Zu diesem Kreis geh\u00f6rte auch J. Philippe Rushton, dessen Hauptwerk \u201eRasse, Biologie und Evolution \u2013 Eine Theorie der Entwicklungsgeschichte\u201c im Antaios-Verlag des Instituts f\u00fcr Staatspolitik erschienen ist. Rushton behauptete, die drei \u201eGro\u00dfrassen\u201c h\u00e4tten unterschiedliche \u201eArterhaltungsstrategien\u201c, die in der Biologie mit \u201er-Strategie\u201c (viele Nachkommen, wenig Aufzucht) und K-Strategie (wenig Nachkommen, viel Aufzucht) beschrieben werden. Afrikaner*innen seien biologisch betrachtet \u201eAusbreitungstypen\u201c, denen die Familie und damit auch die Kultur artfremd sei. Bj\u00f6rn H\u00f6cke hatte 2015 im Institut f\u00fcr Staatspolitik eine entsprechende Rede gehalten und dar\u00fcber geklagt, dass heute der \u201elebensbejahende afrikanische Ausbreitungstyp auf den selbstverneinenden europ\u00e4ischen Platzhaltertyp\u201c treffe. Dieses Problem k\u00f6nne nicht mit \u201eLavendelwasser\u201c behandelt werden, dozierte H\u00f6cke sp\u00e4ter, sondern mit \u201ewohltemperierter Grausamkeit\u201c. Auch diese Vokabel stammt von Sloterdijk.<\/p>\n<blockquote>\n<p style=\"text-align: right;\"><em><strong>Ein drohender Faschismus l\u00e4sst sich zur\u00fcckdr\u00e4ngen \u2013 wenn viele aktiv werden<\/strong><\/em><\/p>\n<\/blockquote>\n<p>Wie wir uns die \u201eRemigration\u201c, die Deportationen vorzustellen haben, dar\u00fcber kl\u00e4rte Martin Sellner auf: Es brauche eine \u201eMusterstadt\u201c in Nordafrika. In dieses deutsche Territorium k\u00f6nnten dann auch Deutsche mit Migrationsmerkmalen untergebracht werden. In dieser Musterstadt k\u00f6nnten sich Migrant*innen bew\u00e4hren, sogar Startups gr\u00fcnden, bei Nichtbew\u00e4hrung g\u00e4be es noch die Ankerzentren und da w\u00e4re es dann ungem\u00fctlicher.<br \/>\nIch nehme an, dass Kubitschek die Strukturen dieses Menschenparks der wohltemperierten Grausamkeiten in Zukunft gerne mit Verb\u00fcndeten au\u00dferhalb seiner v\u00f6lkischen Blase diskutieren m\u00f6chte. Mit Titus Gebel h\u00e4tte er einen interessanten Gespr\u00e4chspartner, denn dieser will mit einem Passhandel-Konzern (Henley &amp; Partners) im R\u00fccken gerne b\u00f6rsennotierte Privatst\u00e4dte f\u00fcr Klimafl\u00fcchtlinge errichten. So fern ist das nicht, zumal auch Gebel in seinem Privatstadt-Buch unter Bezug auf Rassisten wie Tatu Vanhanen afrikanischen Staaten einen geringen Intelligenzquotienten bescheinigt. Wird die Staatsfrage ausgeklammert, wird man sich schnell einig. Zumal auch die \u201e\u00dcbermenschen-Zucht\u201c in den Privatst\u00e4dten voranschreitet Ein Milliard\u00e4r, der unsterblich werden m\u00f6chte, lie\u00df sich vor wenigen Monaten noch von einem Bio-Hacking-Unternehmen im Privatstadtprojekt Pr\u00f3spera in Honduras behandeln.<br \/>\nAllerdings m\u00fcsste sich die Privatstadt-Szene fragen, ob sie wirklich an den Sommer- und Winterakademien der \u201eMenschenpark Veranstaltungsgesellschaft\u201c von Kubitschek teilnehmen will.<br \/>\nBeim Prozess der AfD gegen das Bundesamt f\u00fcr Verfassungsschutz in M\u00fcnster spielte der Volksbegriff eine wichtige Rolle. Der Verfassungsschutz vertrat den Standpunkt, dass die Verfassung nur ein Volk kenne: das Staatsvolk. Dieser Volksbegriff vertr\u00e4gt sich nicht mit einem \u201eethnisch-kulturellen\u201c Volksbegriff der Rassenbiologie und des Ethnopluralismus. Und auch nicht mit dem v\u00f6lkischen \u201eAlles f\u00fcr Deutschland\u201c von der SA bzw. Bj\u00f6rn H\u00f6cke.<br \/>\nWir werden sehen, wie es weitergeht. Die Menschenpark-Phantasie l\u00e4sst auch Aristokrat-*innen-Herzen h\u00f6her schlagen.<br \/>\nIn Merseburg sprach H\u00f6cke seine SA-Parole offen aus. In Gera sprach er nur die ersten Worte und dirigierte das letzte Wort. In Hamm brauchte er nur noch wortlos zu dirigieren. In Greiz musste er nicht mal mehr dirigieren, seine Neonazis im Saal \u00fcbernahmen das. Laut der vor Ort anwesenden Focus-Journalistin Antje Hildebrandt geh\u00f6rte zu den \u201eAlles f\u00fcr Deutschland\u201c-Schreih\u00e4lsen der Neonazi Christian Klar.<br \/>\nKlar hatte zuvor schon mehrfach mit einem von H\u00f6cke gelobten politischen Weggef\u00e4hrten, Frank Hau\u00dfner, die Kampflosung skandiert, Hau\u00dfner hatte sie in Solidarit\u00e4t mit H\u00f6cke in seine Reden eingeflochten. Hau\u00dfner ist ein sogenannter Reichsb\u00fcrger mit Kontakten zu Heinrich XIII. Prinz Reu\u00df. Womit wir bei den Aristokraten w\u00e4ren.<\/p>\n<p>Greiz war die Hauptstadt des F\u00fcrstentums Reu\u00df. In Greiz fanden auch die rechtsterroristischen Treffen um die Gruppe von Heinrich XIII. Prinz Reu\u00df statt. Auch gegen diese Gruppe beginnen jetzt die Prozesse. In Stuttgart-Stammheim fand Ende April der erste Verhandlungstag im Prozess gegen den milit\u00e4rischen Arm der Gruppe Reu\u00df statt. In Frankfurt am Main wurde ein eigenes Sicherheitsareal f\u00fcr den Prozess errichtet. Hier wird seit wenigen Tagen gegen die Kerngruppe verhandelt. Zu dieser z\u00e4hlen unter anderem die ehemalige AfD-Bundestagsabgeordnete Birgit Malsack-Winkelmann, zwei ehemalige KSK-Soldaten und der Spitzenkandidat zur letzten Bundestagswahl der Querdenkerpartei \u201eDie Basis\u201c, ein ehemaliger Polizist. In M\u00fcnchen beginnt der dritte Prozess gegen die \u00fcbrigen Reu\u00df-Mitglieder.<\/p>\n<p>Ein weiterer Bekannter von Heinrich XIII. Prinz Reu\u00df ist der Antidemokrat Markus Krall. Krall traf sich mehrfach mit Reu\u00df, schrieb ihm ein Gedicht (\u201eRagnar\u00f6k\u201c) und einen Verfassungsentwurf f\u00fcr das neue Reich. Krall war in der Zeit leitender Gesch\u00e4ftsf\u00fchrer bei Degussa Goldhandel, wurde aber nach dem Tod von August Baron von Finck wie viele andere demokratiefeindliche und antisoziale Ideologen von den Nachfahren entlassen. Krall wollte in die Politik und pr\u00e4sentierte sich mit der Kettens\u00e4ge bei der WerteUnion. Doch selbst der rechten WerteUnion war er nicht geheuer.<\/p>\n<p>Kralls gro\u00dfes Kettens\u00e4gen-Vorbild ist der neue Pr\u00e4sident von Argentinien, Javier Milei. Milei hielt Mitte Mai 2024 eine Rede in Madrid, auf Einladung der rechtsextremen Partei Vox, wo auch Le Pen aus Frankreich sprach. Milei rief zum Kampf gegen das \u201eKrebsgeschw\u00fcr\u201c des Sozialismus auf und forderte die Rechte auf, sich gegen die \u201eUngerechtigkeit\u201c der \u201esozialen Gerechtigkeit\u201c zu einigen. Peter Sloterdijk, der bereits zum Klassenkampf gegen die Linke aufrief, Steuern sollten schlie\u00dflich nur noch freiwillig gezahlt werden, w\u00fcrde hier wahrscheinlich zustimmend nicken. Und H\u00f6cke passt dies wahrscheinlich auch in den Kram, da er am 1. Mai 2024 wieder die \u201eNeue soziale Frage\u201c beschwor, nicht mehr die Arbeiter*innen gegen \u201edie da oben\u201c, sondern gegen die von au\u00dfen zu formieren. Und so ist dann auch die Umstrukturierung des Instituts f\u00fcr Staatspolitik zu verstehen. Der Menschenpark der wohltemperierten Grausamkeit soll von der Mosaikrechten entworfen werden, alle f\u00fcr den postfordistischen Faschismus.<\/p>\n","protected":false},"excerpt":{"rendered":"<p>Es war auch wirkungsvoll: Meinungsumfragen sehen die AfD jetzt bundesweit bei 16 Prozent, noch immer viel zu viel, aber nicht mehr so erschreckend wie die 23 Prozent mit zunehmender Tendenz im Winter 2023\/2024. Dies zeigt auch: Ein drohender Faschismus l\u00e4sst sich zur\u00fcckdr\u00e4ngen \u2013 wenn viele aktiv werden. Aber was hei\u00dft eigentlich \u201eFaschismus\u201c? Die gro\u00dfen Demonstrationen &hellip; <a href=\"https:\/\/www.graswurzel.net\/gwr\/2024\/06\/menschenpark-der-wohltemperierten-grausamkeit\/\">Weiterlesen<\/a><\/p>\n","protected":false},"author":502,"featured_media":31481,"comment_status":"closed","ping_status":"closed","sticky":false,"template":"","format":"standard","meta":{"slim_seo":{"title":"Menschenpark der wohltemperierten Grausamkeit - graswurzelrevolution","description":"Es war auch wirkungsvoll: Meinungsumfragen sehen die AfD jetzt bundesweit bei 16 Prozent, noch immer viel zu viel, aber nicht mehr so erschreckend wie die 23 Pr"},"footnotes":""},"categories":[2050],"tags":[],"class_list":["post-31459","post","type-post","status-publish","format-standard","has-post-thumbnail","hentry","category-490-sommer-2024"],"_links":{"self":[{"href":"https:\/\/www.graswurzel.net\/gwr\/wp-json\/wp\/v2\/posts\/31459","targetHints":{"allow":["GET"]}}],"collection":[{"href":"https:\/\/www.graswurzel.net\/gwr\/wp-json\/wp\/v2\/posts"}],"about":[{"href":"https:\/\/www.graswurzel.net\/gwr\/wp-json\/wp\/v2\/types\/post"}],"author":[{"embeddable":true,"href":"https:\/\/www.graswurzel.net\/gwr\/wp-json\/wp\/v2\/users\/502"}],"replies":[{"embeddable":true,"href":"https:\/\/www.graswurzel.net\/gwr\/wp-json\/wp\/v2\/comments?post=31459"}],"version-history":[{"count":3,"href":"https:\/\/www.graswurzel.net\/gwr\/wp-json\/wp\/v2\/posts\/31459\/revisions"}],"predecessor-version":[{"id":31485,"href":"https:\/\/www.graswurzel.net\/gwr\/wp-json\/wp\/v2\/posts\/31459\/revisions\/31485"}],"wp:featuredmedia":[{"embeddable":true,"href":"https:\/\/www.graswurzel.net\/gwr\/wp-json\/wp\/v2\/media\/31481"}],"wp:attachment":[{"href":"https:\/\/www.graswurzel.net\/gwr\/wp-json\/wp\/v2\/media?parent=31459"}],"wp:term":[{"taxonomy":"category","embeddable":true,"href":"https:\/\/www.graswurzel.net\/gwr\/wp-json\/wp\/v2\/categories?post=31459"},{"taxonomy":"post_tag","embeddable":true,"href":"https:\/\/www.graswurzel.net\/gwr\/wp-json\/wp\/v2\/tags?post=31459"}],"curies":[{"name":"wp","href":"https:\/\/api.w.org\/{rel}","templated":true}]}}