{"id":32049,"date":"2024-12-06T14:21:28","date_gmt":"2024-12-06T12:21:28","guid":{"rendered":"https:\/\/www.graswurzel.net\/gwr\/?p=32049"},"modified":"2024-12-06T14:21:38","modified_gmt":"2024-12-06T12:21:38","slug":"kriegsdienstverweigerung-ist-ein-menschenrecht-ueberall","status":"publish","type":"post","link":"https:\/\/www.graswurzel.net\/gwr\/2024\/12\/kriegsdienstverweigerung-ist-ein-menschenrecht-ueberall\/","title":{"rendered":"Kriegsdienstverweigerung ist ein Menschenrecht! \u00dcberall!"},"content":{"rendered":"\n<h2 class=\"wp-block-heading\">Demonstration gegen Krieg und f\u00fcr Schutz f\u00fcr Gefl\u00fcchtete <\/h2>\n\n\n\n<p><strong>Sa., 14. Dezember 2024, ab 13 Uhr<\/strong><\/p>\n\n\n\n<p><strong>Start in 90402 N\u00fcrnberg, Kornmarkt<\/strong><\/p>\n\n\n\n<p>Weitere Infos unter <a href=\"https:\/\/objectwarcampaign.org\" target=\"_blank\" rel=\"noreferrer noopener\">https:\/\/objectwarcampaign.org<\/a> &#8211; <a href=\"https:\/\/www.facebook.com\/hashtag\/objectwarcampaign\">#ObjectWarCampaign<\/a><br><\/p>\n\n\n\n<p>Mehr als 20 Organisationen rufen dazu auf, anl\u00e4sslich des Tages der Menschenrechte (10. Dezember) in N\u00fcrnberg zu demonstrieren und beim Bundesamt f\u00fcr Migration Schutz und Asyl f\u00fcr verfolgte Kriegsgegner*innen und Kriegsdienstverweiger*innen einzufordern.<\/p>\n\n\n\n<p>Aktuell werden in mehr als 20 L\u00e4ndern Kriege gef\u00fchrt, mit Zigtausenden von Toten, ungez\u00e4hlten oft schwer Verletzten und weitreichenden Zerst\u00f6rungen. All diese Kriege treiben Menschen auf die Flucht, einen Teil auch nach Europa und Deutschland.<\/p>\n\n\n\n<p>Die Gefl\u00fcchteten sehen sich hier oft gro\u00dfen Widerst\u00e4nden ausgesetzt. Sie werden in den Asylverfahren abgelehnt, so z.B. Kriegsdienstverweiger*innen aus Russland, die sich dem v\u00f6lkerrechtswidrigen Angriffskrieg in der Ukraine entzogen haben.<\/p>\n\n\n\n<p>Dagegen erheben wir unsere Stimmen \u2013 gemeinsam mit Friedens- und Menschenrechtsaktivist*innen aus anderen L\u00e4ndern. Zu unserer Demonstration erwarten wir unter anderem:<\/p>\n\n\n\n<p><strong>Olga Karatch<\/strong> ist Leiterin des belarussischen Menschenrechtszentrums Nash Dom (Unser Haus). Sie wurde in Belarus zu 12 Jahren Haft in Abwesenheit verurteilt und muss mit dem Zentrum im Exil in Litauen arbeiten. Olga Karatch hat die Kampagne &#8222;Nein hei\u00dft Nein&#8220; in Belarus initiiert. Zehntausende entzogen sich daraufhin in Belarus der Rekrutierung. Olga Karatch erhielt verschiedene Preise, so z.B. von der Stadt Weimar, vom International Peace Bureau und der DFG-VK.<\/p>\n\n\n\n<p><strong>Jewgenij Arefiev und Andrii Konovalov<\/strong> kommen aus Russland und der Ukraine und werden gemeinsam ihre Ablehnung der Kriegspolitik deutlich machen: &#8222;Frieden hei\u00dft \u201aMir\u2018 auf Russisch und Ukrainisch. Der Begriff bedeutet auch \u201aWelt\u2018. Frieden der Welt!&#8220;<\/p>\n\n\n\n<p><strong>Or ist Aktivistin bei New Profile<\/strong>, einer israelischen Organisation, die Kriegsdienstverweiger*innen ber\u00e4t und sich f\u00fcr ein Ende des Krieges in Israel\/Pal\u00e4stina einsetzt. Sie selbst hatte 2010 den Dienst im israelischen Milit\u00e4r verweigert und sa\u00df daf\u00fcr mehrere Male in Haft.<\/p>\n\n\n\n<p><strong>Artyom Klyga<\/strong> ist Leiter der Rechtsabteilung der Bewegung f\u00fcr Kriegsdienstverweigerung Russland und lebt jetzt in Deutschland. Diese Organisation bietet ein umfassendes Netz zur Beratung und Unterst\u00fctzung von Kriegsdienstverweiger*innen in Russland.<\/p>\n\n\n\n<p><strong>Yurii Sheliazhenko<\/strong> ist Gesch\u00e4ftsf\u00fchrer der Ukrainischen Pazifistischen Bewegung, wird nicht selbst dabei sein k\u00f6nnen, weil die Ukraine M\u00e4nnern im Alter von 18 bis 60 die Ausreise verwehrt. Er setzt sich mit gro\u00dfer Energie f\u00fcr verfolgte Kriegsdienstverweigerer in der Ukraine ein und wird selbst kriminalisiert und mit langwierigen Strafverfahren \u00fcberzogen.<\/p>\n\n\n\n<p><strong>Richard Scharf<\/strong> setzt sich bei der DFG-VK f\u00fcr die Kommunikation pazifistischer Werte- und Moralvorstellungen ein. Er engagiert sich bei der Popularklage gegen das &#8222;Bayerische Bundeswehrgesetz&#8220;.<\/p>\n\n\n\n<p><strong>Rudi Friedrich<\/strong> ist Gesch\u00e4ftsf\u00fchrer von Connection e.V., einem Verein, der sich seit mehr als 30 Jahren f\u00fcr Kriegsdienstverweiger*innen und Deserteur*innen aus Kriegsgebieten einsetzt und f\u00fcr sie Asylrechtlichen Schutz einfordert. Connection e.V. erhielt dieses Jahr unter anderem den Bremer Friedenspreis.<\/p>\n\n\n\n<p><strong>Dr. Judith Dirk<\/strong> setzt sich bei pax christi Rottenburg-Stuttgart f\u00fcr Friedensbildung ein. Sie vertritt die deutsche Sektion von pax christi in der Kampagne f\u00fcr Kriegsdienstverweiger*innen aus Russland, Belarus und der Ukraine (#ObjectWarCampaign).<\/p>\n\n\n\n<p><strong>Kriegsdienstverweigerung ist ein Menschenrecht \u2013 Offene Grenzen f\u00fcr Kriegsfl\u00fcchtlinge \u2013 Aufnahme und Bleiberecht f\u00fcr verfolgte Kriegsgegner*innen.<\/strong><\/p>\n\n\n\n<p><strong>Weitere Informationen<\/strong>: <a href=\"http:\/\/www.objectwarcampaign.org\">www.objectwarcampaign.org<\/a><\/p>\n\n\n\n<p>Zur Demonstration rufen auf: Aktionsgemeinschaft Dienst f\u00fcr den Frieden (AGDF); Bayerischer Fl\u00fcchtlingsrat; Bund f\u00fcr Soziale Verteidigung (BSV); Connection e.V.; Deutsche Friedensgesellschaft \u2013 Vereinigte Kriegsdienstgegner*innen (DFG-VK); DFG-VK Bayern; DFG-VK N\u00fcrnberg; Erlanger B\u00fcndnis f\u00fcr den Frieden (EBF); Ev. Arbeitsgemeinschaft f\u00fcr Kriegsdienstverweigerung und Frieden (EAK); Frauennetzwerk f\u00fcr Frieden e. V.; Friedensmuseum N\u00fcrnberg; graswurzelrevolution; Initiative Solidarit\u00e4t f\u00fcr\/mit Pazifist*innen aus Osteuropa; Internationale \u00c4rzt*innen f\u00fcr die Verh\u00fctung des Atomkrieges \u2013 \u00c4rzt*innen in sozialer Verantwortung e.V. (IPPNW); Inter\u00adnationale der Kriegs\u00addienst\u00adgeg\u00adner*in\u00adnen (IDK); Komitee f\u00fcr Grundrechte und Demokratie e.V.; KURVE Wustrow e.V.; Lebenshaus Schw\u00e4bische Alb &#8211; Gemeinschaft f\u00fcr soziale Gerechtigkeit, Frieden und \u00d6kologie e.V.; NaturFreunde Deutschlands; N\u00fcrnberger Evangelisches Forum f\u00fcr den Frieden (NEFF) e.V.; pax christi, Deutschland; pax christi Rottenburg-Stuttgart; pax christi Bamberg; Regionalgruppe Nordschwaben der DFG-VK<\/p>\n\n\n\n<p><strong>Pressekontakte<\/strong><\/p>\n\n\n\n<p>Michi von Gla\u00dfer, DFG-VK, <a href=\"mailto:svg@dfg-vk.de\"><\/a><strong><a href=\"mailto:svg@dfg-vk.de\">svg@dfg-vk.de<\/a><\/strong><\/p>\n\n\n\n<p>Christine Schweitzer, Bund f\u00fcr Soziale Verteidigung, <a href=\"mailto:schweitzer@soziale-verteidigung.de\"><\/a><strong><a href=\"mailto:schweitzer@soziale-verteidigung.de\">schweitzer@soziale-verteidigung.de<\/a><\/strong><\/p>\n\n\n\n<p>Rudi Friedrich, Connection e.V., <a href=\"mailto:office@Connection-eV.org\"><strong>office@Connection-eV.org<\/strong><\/a><\/p>\n","protected":false},"excerpt":{"rendered":"<p>Demonstration gegen Krieg und f\u00fcr Schutz f\u00fcr Gefl\u00fcchtete Sa., 14. Dezember 2024, ab 13 Uhr Start in 90402 N\u00fcrnberg, Kornmarkt Weitere Infos unter https:\/\/objectwarcampaign.org &#8211; #ObjectWarCampaign Mehr als 20 Organisationen rufen dazu auf, anl\u00e4sslich des Tages der Menschenrechte (10. Dezember) in N\u00fcrnberg zu demonstrieren und beim Bundesamt f\u00fcr Migration Schutz und Asyl f\u00fcr verfolgte Kriegsgegner*innen &hellip; <a href=\"https:\/\/www.graswurzel.net\/gwr\/2024\/12\/kriegsdienstverweigerung-ist-ein-menschenrecht-ueberall\/\">Weiterlesen<\/a><\/p>\n","protected":false},"author":502,"featured_media":32051,"comment_status":"closed","ping_status":"closed","sticky":false,"template":"","format":"standard","meta":{"slim_seo":{"title":"Kriegsdienstverweigerung ist ein Menschenrecht! \u00dcberall! - graswurzelrevolution","description":"Demonstration gegen Krieg und f\u00fcr Schutz f\u00fcr Gefl\u00fcchtete Sa., 14. Dezember 2024, ab 13 Uhr Start in 90402 N\u00fcrnberg, Kornmarkt Weitere Infos unter https:\/\/object"},"footnotes":""},"categories":[1025,12],"tags":[2080,1343,1656],"class_list":["post-32049","post","type-post","status-publish","format-standard","has-post-thumbnail","hentry","category-die-waffen-nieder","category-news","tag-demonstration","tag-kriegsdienstverweigerung","tag-ukraine"],"_links":{"self":[{"href":"https:\/\/www.graswurzel.net\/gwr\/wp-json\/wp\/v2\/posts\/32049","targetHints":{"allow":["GET"]}}],"collection":[{"href":"https:\/\/www.graswurzel.net\/gwr\/wp-json\/wp\/v2\/posts"}],"about":[{"href":"https:\/\/www.graswurzel.net\/gwr\/wp-json\/wp\/v2\/types\/post"}],"author":[{"embeddable":true,"href":"https:\/\/www.graswurzel.net\/gwr\/wp-json\/wp\/v2\/users\/502"}],"replies":[{"embeddable":true,"href":"https:\/\/www.graswurzel.net\/gwr\/wp-json\/wp\/v2\/comments?post=32049"}],"version-history":[{"count":1,"href":"https:\/\/www.graswurzel.net\/gwr\/wp-json\/wp\/v2\/posts\/32049\/revisions"}],"predecessor-version":[{"id":32052,"href":"https:\/\/www.graswurzel.net\/gwr\/wp-json\/wp\/v2\/posts\/32049\/revisions\/32052"}],"wp:featuredmedia":[{"embeddable":true,"href":"https:\/\/www.graswurzel.net\/gwr\/wp-json\/wp\/v2\/media\/32051"}],"wp:attachment":[{"href":"https:\/\/www.graswurzel.net\/gwr\/wp-json\/wp\/v2\/media?parent=32049"}],"wp:term":[{"taxonomy":"category","embeddable":true,"href":"https:\/\/www.graswurzel.net\/gwr\/wp-json\/wp\/v2\/categories?post=32049"},{"taxonomy":"post_tag","embeddable":true,"href":"https:\/\/www.graswurzel.net\/gwr\/wp-json\/wp\/v2\/tags?post=32049"}],"curies":[{"name":"wp","href":"https:\/\/api.w.org\/{rel}","templated":true}]}}