{"id":32103,"date":"2024-12-19T17:30:47","date_gmt":"2024-12-19T15:30:47","guid":{"rendered":"https:\/\/www.graswurzel.net\/gwr\/2024\/12\/kriegs-und-zwangsdienste-ohne-uns\/"},"modified":"2024-12-29T15:21:46","modified_gmt":"2024-12-29T13:21:46","slug":"kriegs-und-zwangsdienste-ohne-uns","status":"publish","type":"post","link":"https:\/\/www.graswurzel.net\/gwr\/2024\/12\/kriegs-und-zwangsdienste-ohne-uns\/","title":{"rendered":"Kriegs- und Zwangsdienste? Ohne uns!"},"content":{"rendered":"<p>Liebe Leser:innen,<br \/>\nam 21. Oktober ist der evangelische Pfarrer Lothar K\u00f6nig im Alter von 70 Jahren in Jena gestorben. Er wurde am 11. M\u00e4rz 1954 in Leimbach geboren und war eine gro\u00dfartige Pers\u00f6nlichkeit. \u201eLothar hat viel und intensiv gelebt\u201c, so seine Tochter Katharina. Bis zum Ende sei er \u201eFu\u00dfballer, Punk und Langhaariger\u201c gewesen, dessen krasser Freiheitsdrang immer seinen Weg bestimmte.<br \/>\nKennengelernt habe ich Lothar vor 25 Jahren. Nachdem meine Doktorarbeit \u00fcber \u201eLibert\u00e4re Presse in Ost- und Westdeutschland\u201c 1998 erschienen ist, lud er mich in die von ihm seit 1990 geleitete Junge Gemeinde (JG) nach Jena ein, um dort \u00fcber meine Forschungsergebnisse zu den anarchistischen Untergrundbl\u00e4ttern der DDR zu berichten. Es war eine bewegende Veranstaltung, die mir auch durch die intensive Diskussion im Anschluss an den Vortrag in Erinnerung geblieben ist. Lothar hatte schon damals einen beeindruckenden Rauschebart und sah dem Genossen Bakunin \u00e4hnlich. Er erz\u00e4hlte von den \u00dcbergriffen von Neonazis auf die JG und ihn pers\u00f6nlich. Was in den Nachrufen von Spiegel, taz ((1)) und Co. auf diesen bundesweit bekannten Antifaschisten kaum erw\u00e4hnt wird, ist, dass er schon in den 1980ern aktiv in der Graswurzelbewegung der DDR war. Deren Ziel war nicht die Einverleibung der DDR durch die BRD, sondern ein freiheitlicher Sozialismus auf dem Boden der DDR. Lothar war 1989\/90 an der Organisation der Montagsdemos und an Aktionen der Oppositionsbewegung beteiligt. Es war kein Zufall, dass, abgesehen von der DDR-Untergrund-Anarchozeitung \u201eKopfsprung\u201c, nahezu alle DDR-Oppositionsbl\u00e4tter mit dem Verweis \u201eNur zur innerkirchlichen Information\u201c erschienen sind. Innerhalb der evangelischen Strukturen konnten seit 1978 \u201ekircheninterne\u201c Publikationen erscheinen, die der ansonsten strengen Zensur durch die Stasi nicht unterlagen. Die \u201eKirche von unten\u201c war stark. Unter dem Dach der Jungen Gemeinden organisierten sich auch atheistische, libert\u00e4r-sozialistische Gruppen und anarchistisch verfasste Zeitschriften wie \u201eMoAning Star\u201c, \u201eUmweltbl\u00e4tter\u201c und \u201etelegraph\u201c ((2)). Die Umweltbibliothek in Ost-Berlin hatte ihre R\u00e4ume in der Zionsgemeinde und war ein Zentrum des Anarchismus in der DDR. Der Einfluss dieser kleinen Graswurzelbewegung war f\u00fcr das Anwachsen der DDR-Oppositionsbewegung insgesamt von gro\u00dfer Bedeutung, was ich in meiner Dissertation ((3)) aufzeigen konnte.<br \/>\nLothar habe ich zuletzt im Mai 2018 auf einer bundesweiten Antifa-Demo gegen die AfD getroffen (siehe Foto auf dieser Seite). Die Graswurzelrevolution wird in seinem Sinne weiter gegen das Aufkommen des Faschismus und f\u00fcr eine solidarische Gesellschaft jenseits von Staat, Herrschaft und Gewalt eintreten. Ruhe in Frieden, lieber Lothar!<\/p>\n<p>Ein Blick in die GWR 495<\/p>\n<p>Im Februar 2025 wird voraussichtlich der rechte CDU-Politiker Friedrich Merz zum Kanzler gew\u00e4hlt. Unter ihm droht ein weiterer Rechtsruck und die verst\u00e4rkte Remilitarisierung der Gesellschaft. CDU\/CSU planen die Wiedereinf\u00fchrung von Zwangsdiensten, einer \u201erichtigen\u201c Milit\u00e4rdienstpflicht bzw. eines \u201eGesellschaftsjahres\u201c. Dazu bieten wir Euch auf den Seiten zwei bis acht jede Menge Lesestoff. Themen dieses antimilitaristischen Schwerpunkts sind u.a.: \u201eNeue\u201c Milit\u00e4rdienstpflicht und Kriegsdienstverweigerung, Adbusting gegen Bundeswehrpropaganda, Repression gegen Atom-Kriegsgegner*innen, Zuvieldienst in \u00d6sterreich, der Krieg in der Ukraine und die geplanten Milit\u00e4rmessen in Essen und Hannover. Als akustische Erg\u00e4nzung k\u00f6nnt Ihr euch die SWR-Radiosendung \u201eWie umgehen mit Deserteuren?\u201c ((4)) von GWR-Autor Rolf Cantzen und den A-Radio-Mitschnitt meines im Dezember 2024 im Black Pigeon Dortmund gehaltenen Diavortrags zum Thema \u201eAnarchistischer Antimilitarismus\u201c ((5)) anh\u00f6ren.<br \/>\nEinen weiteren Schwerpunkt der GWR 495 bilden auf den Seiten 13 bis 19 die Themen Klima und Atomm\u00fcll. Den Auftakt dazu liefert Chiara Oschikas Artikel \u201eKlimakrise als Fluchtursache\u201c (S. 13 f.). Am 29. Februar 2024 besetzten Aktivist*innen den rodungsgef\u00e4hrdeten Wald in Gr\u00fcnheide und brachten somit den Widerstand gegen die Tesla-Fabrik direkt an den Ort der Zerst\u00f6rung. Unter dem Titel \u201eTesla stoppen!\u201c reflektiert ein*e Besetzer*in: \u201eWaldbesetzungen sind Orte, an denen wir die Natur mit unseren K\u00f6rpern besch\u00fctzen. Neun Monate haben wir mit und in der Natur gelebt und uns ein St\u00fcck Utopie, jenseits des Kapitalismus, aufgebaut.\u201c (S. 14)<br \/>\nIn den \u201esozialen Medien\u201c wird die Hauptschuld an der Klimakatastrophe nicht den 100 kapitalistischen Konzernen zugewiesen, die f\u00fcr 71 Prozent der CO2-Emissionen verantwortlich sind, sondern oft der Boomer-Generation. \u201eZur Klimaschuld der Boomer\u201c lautet dazu der Zwischenruf von Heike Knops (S. 15). Wolfgang Ehmke macht auf Seite 16 f. mit seinem Artikel \u201eUnwucht in der Endlagersuche\u201c klar, dass wir im Kampf gegen die Klimakatastrophe und in der Auseinandersetzung um die Atomkraft und deren dreckige Hinterlassenschaften \u201eviele Br\u00fcckenbauer:innen zwischen den Bewegungen brauchen, die eines eint: das Wissen um die Notwendigkeit au\u00dferparlamentarischen Protests\u201c.<\/p>\n<p>Die drei Berichte aus Griechenland (S. 20 f.) sind \u00e4hnlich spannend wie P\u0131nar Seleks Artikel \u201eJenseits der Repression\u201c (S. 11). Kathina M\u00fcssig berichtet aus Italien \u00fcber die Unterdr\u00fcckung von Menschen auf der Flucht (S. 9) und Kemal Bozay analysiert in seinem Leitartikel \u201eGraue W\u00f6lfe\u201c den t\u00fcrkischen Rechtsextremismus und seine Netzwerke in Deutschland.<br \/>\nMaurice Schuhmann erinnert an den 120. Todestag der anarchistischen Feministin Louise Michel (S.\u00a022). Gisela Notz stellt uns die kaum bekannte Anarchistin Nathalie Lemel (S. 23) vor.<br \/>\nDas Interview mit dem irisch-mexikanischen Politikwissenschaftler John Holloway macht ebenfalls Hoffnung in hoffnungslosen Zeiten (S. 1).<br \/>\nGute Nachrichten erreichen uns aus S\u00fcdkorea, wo vor allem die gewaltfreien Demonstrant*innen den Versuch des rechten Pr\u00e4sidenten, mit Hilfe des Kriegsrecht eine Diktatur zu installieren, abwehren konnten. Ob die Massenproteste in Georgien die dort neu installierte rechte Regierung von Putins Gnaden zu Neuwahlen dr\u00e4ngen k\u00f6nnen, steht dagegen in den Sternen.<\/p>\n<p>Ausblick<\/p>\n<p>In der GWR 496 wollen wir auch die aktuellen Entwicklungen in Syrien unter die Lupe nehmen. Es ist ein Grund zum Feiern, dass die Assad-Diktatur gest\u00fcrzt wurde. Allerdings droht den Menschen in Syrien nun eine islamistische Diktatur, in der Frauen entrechtet sind und Minderheiten um ihr Leben f\u00fcrchten m\u00fcssen. Weitgehend unbemerkt von der Welt\u00f6ffentlichkeit greifen derzeit die von der t\u00fcrkischen Autokratie aufger\u00fcsteten Islamisten die kurdischen Autonomie-Gebiete in Syrien an. In dieser Situation ist Hilfe erforderlich. GWR-Autor Michael Wilk arbeitet regelm\u00e4\u00dfig als Arzt in Rojava. Er bittet um Spenden ((6)).<\/p>\n<p>Ich w\u00fcnsche Euch ein sch\u00f6nes Jahr 2025, Anarchie und Gl\u00fcck,<br \/>\nBernd Dr\u00fccke (GWR-Koordinationsredakteur)<\/p>\n","protected":false},"excerpt":{"rendered":"<p>Liebe Leser:innen, am 21. Oktober ist der evangelische Pfarrer Lothar K\u00f6nig im Alter von 70 Jahren in Jena gestorben. Er wurde am 11. M\u00e4rz 1954 in Leimbach geboren und war eine gro\u00dfartige Pers\u00f6nlichkeit. \u201eLothar hat viel und intensiv gelebt\u201c, so seine Tochter Katharina. Bis zum Ende sei er \u201eFu\u00dfballer, Punk und Langhaariger\u201c gewesen, dessen krasser &hellip; <a href=\"https:\/\/www.graswurzel.net\/gwr\/2024\/12\/kriegs-und-zwangsdienste-ohne-uns\/\">Weiterlesen<\/a><\/p>\n","protected":false},"author":502,"featured_media":32121,"comment_status":"closed","ping_status":"closed","sticky":false,"template":"","format":"standard","meta":{"slim_seo":{"title":"Kriegs- und Zwangsdienste? Ohne uns! - graswurzelrevolution","description":"Liebe Leser:innen, am 21. Oktober ist der evangelische Pfarrer Lothar K\u00f6nig im Alter von 70 Jahren in Jena gestorben. Er wurde am 11. M\u00e4rz 1954 in Leimbach gebo"},"footnotes":""},"categories":[2083],"tags":[],"class_list":["post-32103","post","type-post","status-publish","format-standard","has-post-thumbnail","hentry","category-495-januar-2025"],"_links":{"self":[{"href":"https:\/\/www.graswurzel.net\/gwr\/wp-json\/wp\/v2\/posts\/32103","targetHints":{"allow":["GET"]}}],"collection":[{"href":"https:\/\/www.graswurzel.net\/gwr\/wp-json\/wp\/v2\/posts"}],"about":[{"href":"https:\/\/www.graswurzel.net\/gwr\/wp-json\/wp\/v2\/types\/post"}],"author":[{"embeddable":true,"href":"https:\/\/www.graswurzel.net\/gwr\/wp-json\/wp\/v2\/users\/502"}],"replies":[{"embeddable":true,"href":"https:\/\/www.graswurzel.net\/gwr\/wp-json\/wp\/v2\/comments?post=32103"}],"version-history":[{"count":1,"href":"https:\/\/www.graswurzel.net\/gwr\/wp-json\/wp\/v2\/posts\/32103\/revisions"}],"predecessor-version":[{"id":32122,"href":"https:\/\/www.graswurzel.net\/gwr\/wp-json\/wp\/v2\/posts\/32103\/revisions\/32122"}],"wp:featuredmedia":[{"embeddable":true,"href":"https:\/\/www.graswurzel.net\/gwr\/wp-json\/wp\/v2\/media\/32121"}],"wp:attachment":[{"href":"https:\/\/www.graswurzel.net\/gwr\/wp-json\/wp\/v2\/media?parent=32103"}],"wp:term":[{"taxonomy":"category","embeddable":true,"href":"https:\/\/www.graswurzel.net\/gwr\/wp-json\/wp\/v2\/categories?post=32103"},{"taxonomy":"post_tag","embeddable":true,"href":"https:\/\/www.graswurzel.net\/gwr\/wp-json\/wp\/v2\/tags?post=32103"}],"curies":[{"name":"wp","href":"https:\/\/api.w.org\/{rel}","templated":true}]}}