{"id":32364,"date":"2025-03-02T11:15:23","date_gmt":"2025-03-02T09:15:23","guid":{"rendered":"https:\/\/www.graswurzel.net\/gwr\/2025\/03\/anarchismus-in-rumaenien\/"},"modified":"2025-03-02T11:15:23","modified_gmt":"2025-03-02T09:15:23","slug":"anarchismus-in-rumaenien","status":"publish","type":"post","link":"https:\/\/www.graswurzel.net\/gwr\/2025\/03\/anarchismus-in-rumaenien\/","title":{"rendered":"Anarchismus in Rum\u00e4nien"},"content":{"rendered":"<p>Ich lese gerne politische Literatur, die meiste davon bislang auf Deutsch und Englisch, \u00fcber Deutschland, Gro\u00dfbritannien und die USA. Durch Martin Veith und die Zeitschrift \u201eRevista Bun\u0103\u201d habe ich einen Zugang zur Geschichte des Anarchismus in Rum\u00e4nien gefunden. Einige Jahre sp\u00e4ter habe ich zwei seiner Sachb\u00fccher gelesen, die im Verlag Edition AV erschienen sind. Sie entstanden nach jahrelanger akribischer Recherche und vermitteln m\u00f6glichst niedrigschwellig historische Fakten, eingebettet in Anekdoten und Portr\u00e4ts bedeutender Pers\u00f6nlichkeiten. Zudem enthalten sie zahlreiche Bilder, Dokumente und Schriftst\u00fccke, die nie zuvor \u00fcbersetzt oder festgehalten wurden. Martin Veith hat mit seiner leidenschaftlichen Arbeit in Archiven und Bibliotheken ein umfassendes Bild des rum\u00e4nischen Anarchismus im 19. und 20. Jahrhundert gezeichnet, was einzigartig ist und bleiben wird.<br \/>\nDabei finden die B\u00fccher unterschiedliche Zug\u00e4nge zu der aufbereiteten Geschichte. \u201eUnbeugsam \u2013 Panait Mu\u0219oiu. Ein Pionier des rum\u00e4nischen Anarchismus\u201d orientiert sich an dem Leben und Wirken einer der bedeutsamsten Figuren seiner Zeit. Anhand der Biografie Mu\u0219oius wird die politische Lage in Rum\u00e4nien und ganz Europa dargestellt, die vom aufkommenden Faschismus und der Unterdr\u00fcckung der Minderheiten und Arbeiter*innen gepr\u00e4gt war. Panait Mu\u0219oiu entwickelte sich vom armen Bauernsohn zum Herausgeber anarchistischer Zeitungen und Mittelpunkt der anarchosyndikalistischen Vernetzung zwischen Rum\u00e4nien und dem Rest der Welt. Er ver\u00f6ffentlichte Essays und Texte und reiste durch das Land, um anarchosyndikalistische Informationen zu verbreiten und f\u00fcr Gegenseitige Hilfe und eine herrschaftsfreie Gesellschaft zu agitieren. Dabei bediente er sich einer Sprache, die f\u00fcr die nicht alphabetisierte und hart arbeitende Bev\u00f6lkerung Rum\u00e4niens verst\u00e4ndlich und zug\u00e4nglich war. Obwohl er mit Repression, \u00dcberwachung und der ganzen Macht des Staatsapparates zu k\u00e4mpfen hatte, zeigte Mu\u0219oiu die St\u00e4rke, seine Ideale weiter zu vertreten und f\u00fcr das zu k\u00e4mpfen, was er f\u00fcr richtig hielt \u2013 die Befreiung der Unterdr\u00fcckten. Insofern stellt er f\u00fcr die heutigen K\u00e4mpfe eine Inspiration dar. Auch andere wichtige Figuren der rum\u00e4nischen anarchistischen Bewegung werden anhand der verf\u00fcgbaren historischen Quellen ausdr\u00fccklich portraitiert.<br \/>\nDas Buch \u201eFragmente zu Anarchismus und Anarchosyndikalismus in der Bukowina\u201d findet einen eher geographischen und historisch geleiteten Zugang zu dem Thema. Neben geopolitischen Faktoren, die zu der Unterdr\u00fcckung von nationalen, religi\u00f6sen und sozialen Minderheiten gef\u00fchrt haben, werden die Bestrebungen der Arbeiter*innen in Richtung Organisierung und Widerstand dargestellt. Auch hier werden die Werdeg\u00e4nge verschiedener Schl\u00fcsselakteur*innen skizziert, allerdings viel weniger ausf\u00fchrlich, als es bei Panait Mu\u0219oiu der Fall war. Das liegt an fehlenden und schwer zug\u00e4nglichen Quellen. Auch hier geht es leider viel um Repression und Unterdr\u00fcckung, da der Staat damals wie heute alle seine Hebel in Bewegung setzte, um libert\u00e4r-sozialistische Bestrebungen zu unterbinden und seine Macht \u00fcber die Ausgebeuteten zu erhalten. Es sollte uns aber Mut und Kraft f\u00fcr die heutigen K\u00e4mpfe geben, dass es selbst unter den widrigsten Bedingungen anarchistische und anarchosyndikalistische Gruppen und Aktionen gab. Insofern empfehle ich das Buch allen, die einen Bezug zu der Region haben oder sich f\u00fcr die Geschichte der anarchistischen Bewegung interessieren.<\/p>\n","protected":false},"excerpt":{"rendered":"<p>Ich lese gerne politische Literatur, die meiste davon bislang auf Deutsch und Englisch, \u00fcber Deutschland, Gro\u00dfbritannien und die USA. Durch Martin Veith und die Zeitschrift \u201eRevista Bun\u0103\u201d habe ich einen Zugang zur Geschichte des Anarchismus in Rum\u00e4nien gefunden. Einige Jahre sp\u00e4ter habe ich zwei seiner Sachb\u00fccher gelesen, die im Verlag Edition AV erschienen sind. Sie &hellip; <a href=\"https:\/\/www.graswurzel.net\/gwr\/2025\/03\/anarchismus-in-rumaenien\/\">Weiterlesen<\/a><\/p>\n","protected":false},"author":502,"featured_media":0,"comment_status":"closed","ping_status":"closed","sticky":false,"template":"","format":"standard","meta":{"slim_seo":{"title":"Anarchismus in Rum\u00e4nien - graswurzelrevolution","description":"Ich lese gerne politische Literatur, die meiste davon bislang auf Deutsch und Englisch, \u00fcber Deutschland, Gro\u00dfbritannien und die USA. Durch Martin Veith und die"},"footnotes":""},"categories":[2088],"tags":[],"class_list":["post-32364","post","type-post","status-publish","format-standard","hentry","category-497-maerz-2025"],"_links":{"self":[{"href":"https:\/\/www.graswurzel.net\/gwr\/wp-json\/wp\/v2\/posts\/32364","targetHints":{"allow":["GET"]}}],"collection":[{"href":"https:\/\/www.graswurzel.net\/gwr\/wp-json\/wp\/v2\/posts"}],"about":[{"href":"https:\/\/www.graswurzel.net\/gwr\/wp-json\/wp\/v2\/types\/post"}],"author":[{"embeddable":true,"href":"https:\/\/www.graswurzel.net\/gwr\/wp-json\/wp\/v2\/users\/502"}],"replies":[{"embeddable":true,"href":"https:\/\/www.graswurzel.net\/gwr\/wp-json\/wp\/v2\/comments?post=32364"}],"version-history":[{"count":0,"href":"https:\/\/www.graswurzel.net\/gwr\/wp-json\/wp\/v2\/posts\/32364\/revisions"}],"wp:attachment":[{"href":"https:\/\/www.graswurzel.net\/gwr\/wp-json\/wp\/v2\/media?parent=32364"}],"wp:term":[{"taxonomy":"category","embeddable":true,"href":"https:\/\/www.graswurzel.net\/gwr\/wp-json\/wp\/v2\/categories?post=32364"},{"taxonomy":"post_tag","embeddable":true,"href":"https:\/\/www.graswurzel.net\/gwr\/wp-json\/wp\/v2\/tags?post=32364"}],"curies":[{"name":"wp","href":"https:\/\/api.w.org\/{rel}","templated":true}]}}