{"id":32385,"date":"2025-03-06T10:37:48","date_gmt":"2025-03-06T08:37:48","guid":{"rendered":"https:\/\/www.graswurzel.net\/gwr\/?p=32385"},"modified":"2025-03-06T10:37:52","modified_gmt":"2025-03-06T08:37:52","slug":"wasserkaempfe-sind-verteilungskaempfe","status":"publish","type":"post","link":"https:\/\/www.graswurzel.net\/gwr\/2025\/03\/wasserkaempfe-sind-verteilungskaempfe\/","title":{"rendered":"\u201eWasserk\u00e4mpfe sind Verteilungsk\u00e4mpfe\u201c"},"content":{"rendered":"\n<p>Die Zahlen sind alarmierend: Deutschland geh\u00f6rt laut dem Klima-Monitoringbericht der Bundesregierung zu den Regionen weltweit, die am meisten Wasser verlieren. Demnach schwindet seit dem Jahr 2000 j\u00e4hrlich eine Wassermenge von 2,5 Kubikkilometern. Das entspricht rechnerisch dem Volumen des Bodensees. Im Sommer ringen sich immer h\u00e4ufiger Landkreise und St\u00e4dte durch, Wasserentnahmestopps aus Gew\u00e4ssern zu verh\u00e4ngen. So fehlen in den trockensten Bundesl\u00e4ndern, wie Brandenburg, bereits vier Milliarden Kubikmeter Grundwasser. Hier pumpte der Kohlekonzern LEAG jahrelang ein Vielfaches der genehmigten Wassermenge ab, wie die Zeitung Correctiv bereits 2023 ((1)) aufdeckte.<\/p>\n\n\n\n<p>\u201eWasserk\u00e4mpfe sind Verteilungsk\u00e4mpfe\u201c, sagt Sabine. Dabei spitzen sich diese Auseinandersetzungen nicht nur in Deutschland zu, wo unter anderem der Protest gegen die wasserintensive Tesla-Fabrik in Gr\u00fcnheide nicht abrei\u00dft. So landeten in Serbien Umweltsch\u00fctzer*innen im sogenannten \u201eRegister f\u00fcr \u00d6koterroristen\u201c, nachdem sie vor der Trinkwasserverseuchung durch geplanten Lithiumabbau im Jadar-Tal warnten. In Frankreich eskalierten 2024 die Proteste gegen industrielle Wasserspeicher, als die Beh\u00f6rden mit Tr\u00e4nengas gegen Tausende Demonstrant*innen vorgingen.<\/p>\n\n\n\n<p>Neben der Verteilung der knapper werdenden Ressource Wasser m\u00fcssen Gesellschaften zuk\u00fcnftig L\u00f6sungen f\u00fcr den Umgang mit zunehmenden Extremwetterereignissen finden. Deshalb sollen auch Hochwasserschutz und anhaltende D\u00fcrreperioden Thema auf der Konferenz sein.<\/p>\n\n\n\n<p>\u201eWir wollen beginnen, eine solidarische Krisenstrategie aus der Basis heraus aufbauen\u201c, erkl\u00e4rt Sabine eines der Ziele der selbstorganisierten Konferenz.<\/p>\n\n\n\n<p>Expert*innen kritisieren seit Jahren die mangelnde Vorbereitung Deutschlands auf die Klimaver\u00e4nderungen. Zwar wurden mit der Nationalen Wasserstrategie und dem Klimaanpassungsgesetz politische Weichen gestellt, doch die Umsetzung vor Ort stockt. Die Bew\u00e4ltigung akuter Wasserkrisen liegt vielerorts in den H\u00e4nden von Ehrenamtlichen. Hier setzt die Wasserkonferenz ((2)) an, die verschiedene Akteur*innen zusammenbringen soll. Sie soll Wissen zu aktuellen Wasserkonflikten in Europa bieten und zivilgesellschaftliche Handlungsm\u00f6glichkeiten er\u00f6ffnen.<\/p>\n\n\n\n<p><\/p>\n","protected":false},"excerpt":{"rendered":"<p>Die Zahlen sind alarmierend: Deutschland geh\u00f6rt laut dem Klima-Monitoringbericht der Bundesregierung zu den Regionen weltweit, die am meisten Wasser verlieren. Demnach schwindet seit dem Jahr 2000 j\u00e4hrlich eine Wassermenge von 2,5 Kubikkilometern. Das entspricht rechnerisch dem Volumen des Bodensees. Im Sommer ringen sich immer h\u00e4ufiger Landkreise und St\u00e4dte durch, Wasserentnahmestopps aus Gew\u00e4ssern zu verh\u00e4ngen. So &hellip; <a href=\"https:\/\/www.graswurzel.net\/gwr\/2025\/03\/wasserkaempfe-sind-verteilungskaempfe\/\">Weiterlesen<\/a><\/p>\n","protected":false},"author":502,"featured_media":32386,"comment_status":"closed","ping_status":"closed","sticky":false,"template":"","format":"standard","meta":{"slim_seo":{"title":"\u201eWasserk\u00e4mpfe sind Verteilungsk\u00e4mpfe\u201c - graswurzelrevolution","description":"Die Zahlen sind alarmierend: Deutschland geh\u00f6rt laut dem Klima-Monitoringbericht der Bundesregierung zu den Regionen weltweit, die am meisten Wasser verlieren."},"footnotes":""},"categories":[12,1029],"tags":[2090,1729],"class_list":["post-32385","post","type-post","status-publish","format-standard","has-post-thumbnail","hentry","category-news","category-prima-klima","tag-konferenz","tag-wasser"],"_links":{"self":[{"href":"https:\/\/www.graswurzel.net\/gwr\/wp-json\/wp\/v2\/posts\/32385","targetHints":{"allow":["GET"]}}],"collection":[{"href":"https:\/\/www.graswurzel.net\/gwr\/wp-json\/wp\/v2\/posts"}],"about":[{"href":"https:\/\/www.graswurzel.net\/gwr\/wp-json\/wp\/v2\/types\/post"}],"author":[{"embeddable":true,"href":"https:\/\/www.graswurzel.net\/gwr\/wp-json\/wp\/v2\/users\/502"}],"replies":[{"embeddable":true,"href":"https:\/\/www.graswurzel.net\/gwr\/wp-json\/wp\/v2\/comments?post=32385"}],"version-history":[{"count":1,"href":"https:\/\/www.graswurzel.net\/gwr\/wp-json\/wp\/v2\/posts\/32385\/revisions"}],"predecessor-version":[{"id":32387,"href":"https:\/\/www.graswurzel.net\/gwr\/wp-json\/wp\/v2\/posts\/32385\/revisions\/32387"}],"wp:featuredmedia":[{"embeddable":true,"href":"https:\/\/www.graswurzel.net\/gwr\/wp-json\/wp\/v2\/media\/32386"}],"wp:attachment":[{"href":"https:\/\/www.graswurzel.net\/gwr\/wp-json\/wp\/v2\/media?parent=32385"}],"wp:term":[{"taxonomy":"category","embeddable":true,"href":"https:\/\/www.graswurzel.net\/gwr\/wp-json\/wp\/v2\/categories?post=32385"},{"taxonomy":"post_tag","embeddable":true,"href":"https:\/\/www.graswurzel.net\/gwr\/wp-json\/wp\/v2\/tags?post=32385"}],"curies":[{"name":"wp","href":"https:\/\/api.w.org\/{rel}","templated":true}]}}