{"id":32506,"date":"2025-03-27T18:06:29","date_gmt":"2025-03-27T16:06:29","guid":{"rendered":"https:\/\/www.graswurzel.net\/gwr\/2025\/03\/bis-uns-nicht-mehr-nur-der-tod-verbindet\/"},"modified":"2025-05-08T23:44:57","modified_gmt":"2025-05-08T21:44:57","slug":"bis-uns-nicht-mehr-nur-der-tod-verbindet","status":"publish","type":"post","link":"https:\/\/www.graswurzel.net\/gwr\/2025\/03\/bis-uns-nicht-mehr-nur-der-tod-verbindet\/","title":{"rendered":"\u201eBis uns nicht mehr nur der Tod verbindet\u201c"},"content":{"rendered":"<p>W\u00e4hrend der griechische Staat und die staatsnahen Medien seit zwei Jahren das Mantra des \u201etragischen Unfalls\u201c oder \u201emenschlichen Versagens\u201c wiederholen, werfen die Menschen dem griechischen Staat Mord und Verbrechen vor. Denn die Zugkatastrophe war kein tragischer Zufall, sondern das Ergebnis einer knallharten autorit\u00e4ren Austerit\u00e4tspolitik, die das Land \u00fcber die letzten Jahre hat verfallen lassen.<br \/>\nAuch in der deutschen Presse bleibt es \u00fcberwiegend bei einer entpolitisierenden Randnotiz: Die Griechen seien sauer wegen eines \u201eZugungl\u00fccks\u201c, eine ausreichende Einordnung bleibt offen. Die Hintergr\u00fcnde sind schlie\u00dflich unbequem: So spielt Deutschland eine zentrale Rolle in der \u201eTrag\u00f6die\u201c von Tempi. Dem griechischen Staat wurden im Zuge der \u00f6konomischen Krise ab 2010 von der EU \u2013 mit Deutschland als zentralem Akteur \u2013 ein neoliberales Krisenprogramm aufgezwungen, welches zu einem massiven Privatisierungsfeldzug f\u00fchrte. Flugh\u00e4fen, Bahninfrastruktur etc. wurden f\u00fcr Spottpreise an oftmals ausl\u00e4ndische Unternehmen verscherbelt. So schnappte sich die Frankfurter FraPort AG bei dieser Privatisierungsparty allein 14 Flugh\u00e4fen.<\/p>\n<p><strong>Wer tr\u00e4gt die Kosten der Krise?<\/strong><\/p>\n<p>Wer leer ausging bzw. die Party finanzieren musste, war hingegen die griechische Bev\u00f6lkerung. Massive Lohnk\u00fcrzungen, Entlassungen, zeitweise vollst\u00e4ndige Streichung der gesetzlichen Krankenversicherung, stellten die andere Seite der Krisenstrategie dar. Die Kosten der Krise wurden, wie \u00fcblich, auf den R\u00fccken der Bev\u00f6lkerung abgew\u00e4lzt, die Profiteure sind private Unternehmen, die sich an der vormals \u00f6ffentlichen Infrastruktur bereichern. Die Krise kann als Kapitalumverteilung gewertet werden, zum einen von unten nach oben innerhalb der griechischen Bev\u00f6lkerung, zum anderen innerhalb der EU. So ist beispielsweise Deutschland entgegen allen popul\u00e4ren Erz\u00e4hlungen milliardenschwerer Profiteur der griechischen Krise.<\/p>\n<p><strong>Autorit\u00e4rer Neoliberalismus<\/strong><\/p>\n<p>Die Privatisierungen und Sparma\u00dfnahmen im \u00f6ffentlichen Sektor wurden gegen den Willen der Bev\u00f6lkerung durchgesetzt und die undemokratischen Vorg\u00e4nge durch scheinbare Notwendigkeiten, Sachzw\u00e4nge und \u00f6konomische Rationalit\u00e4ten legitimiert.<\/p>\n<p>Unterst\u00fctzt wurde die Durchsetzung des autorit\u00e4ren Krisenprogramms durch die Konstruktion des rassistischen Stereotyps des \u201efaulen Griechen\u201c, der nicht arbeiten will, keine Ahnung von Wirtschaft habe und selbst schuld an seiner Lage sei.<br \/>\nNur vor diesem Hintergrund wird verst\u00e4ndlich, warum Tempi die Menschen millionenfach auf die Stra\u00dfe treibt \u2013 nicht nur in Griechenland, sondern auch in Paris, Berlin, Australien, \u00c4gypten, den USA, der T\u00fcrkei. Die Liste lie\u00dfe sich fortf\u00fchren.<\/p>\n<figure id=\"attachment_32599\" aria-describedby=\"caption-attachment-32599\" style=\"width: 560px\" class=\"wp-caption alignleft\"><img loading=\"lazy\" decoding=\"async\" class=\"wp-image-32599 size-full\" src=\"https:\/\/www.graswurzel.net\/gwr\/wp-content\/uploads\/2025\/03\/Griechenland2.webp\" alt=\"Griechenland2\" width=\"560\" height=\"560\" srcset=\"https:\/\/www.graswurzel.net\/gwr\/wp-content\/uploads\/2025\/03\/Griechenland2.webp 560w, https:\/\/www.graswurzel.net\/gwr\/wp-content\/uploads\/2025\/03\/Griechenland2-300x300.webp 300w, https:\/\/www.graswurzel.net\/gwr\/wp-content\/uploads\/2025\/03\/Griechenland2-150x150.webp 150w, https:\/\/www.graswurzel.net\/gwr\/wp-content\/uploads\/2025\/03\/Griechenland2-100x100.webp 100w\" sizes=\"auto, (max-width: 560px) 100vw, 560px\" \/><figcaption id=\"caption-attachment-32599\" class=\"wp-caption-text\">Luftaufnahme vom Protest in Athen. Bildquelle: Alerta.gr<\/figcaption><\/figure>\n<p>In Tempi wurde f\u00fcr alle schreiend sichtbar, wie r\u00fccksichtslos Staat und Kapital gegen\u00fcber dem menschlichen Leben agieren. Tempi ist der Knotenpunkt von einem Netz aus L\u00fcgen, Korruption und Kapitalinteressen. Und Tempi enth\u00fcllte die umfassenden Mechanismen der Vertuschung der \u201estaatskapitalistischen Verbrechen gegen die Bev\u00f6lkerung\u201c, wie es viele Linke bezeichnen.<br \/>\nIn diesen Tagen entl\u00e4dt sich die jahrelang angestaute Wut \u00fcber eine Politik, die so offensichtlich den Profit \u00fcber die Sicherheit der Bev\u00f6lkerung priorisiert und die Luft zum Atmen nimmt. Dieser Satz ist bei den Protesten allgegenw\u00e4rtig: \u201eIch habe keinen Sauerstoff\u201c, so wie es die letzten Worte der Verstorbenen von Tempi waren, die in den Flammen erstickten. Die Luft zum Atmen nehmen auch die steigenden Mieten, die prek\u00e4re Arbeit, die zunehmende Repression seitens der Polizei und der Gerichte, die Perspektivlosigkeit im Angesicht von Krieg, Aufr\u00fcstung, Autoritarismus.<br \/>\nW\u00e4hrend die Sozialausgaben stagnieren, werden Polizei und Milit\u00e4r hochger\u00fcstet, die Grenzen weiter abgedichtet und in Kooperation mit der EU in KI-\u00fcberwachte Internierungslager investiert. Die Priorit\u00e4ten sind klar gesetzt.<\/p>\n<p><strong>Banner und Blendgranaten<\/strong><\/p>\n<p>Anl\u00e4sslich des Millionenstreiks am 28. Februar 2025 ziehen viele Aktivist*innen die Parallele zum ersten Jahrestag nach dem 17. November 1973, ein entscheidender Tag des Widerstands gegen die damalige Milit\u00e4rjunta, auf den sich immer noch, auch und gerade von Linken und Anarchist*innen, im Namen der Emanzipation bezogen wird. \u201eDas ganze Land atmete im Rhythmus der Wut und Emp\u00f6rung \u00fcber die Vertuschung des Staatsverbrechens von Tempi\u201c, schreibt eine Gruppe im R\u00fcckblick auf den Generalstreik. Gewerkschaften, Anarchist*innen, Studierendenvereine und andere Gruppen hatten sich monatelang auf den Jahrestag vorbereitet und demonstrierten Seite an Seite f\u00fcr Gerechtigkeit \u2013 ideologische Reibungen inklusive.<br \/>\nDie Polizei ging wie erwartet provokant gegen die Demonstrierenden vor, versuchte mit pr\u00e4ventiven Festnahmen, oder besser gesagt Verschleppungen durch Spezialeinheiten, die Ordnung zu bewahren. Tausende Demonstrant*innen lieferten sich stundenlang Zusammenst\u00f6\u00dfe mit Repressionskr\u00e4ften, diese setzten auf Blendgranaten, Tr\u00e4nengas und Massenverhaftungen.<br \/>\nEine Aktionsgruppe kletterte auf das Dach von \u201eHellenic Train\u201c, des privaten Bahnunternehmens, welches an dem Zug-Crash beteiligt war und entrollte ein Protestbanner mit der Aufschrift \u201eBis es endet. M\u00f6rder!\u201c. Sie entz\u00fcndeten schwarzen Rauch im Zeichen der Trauer um die Verstorbenen. Die Aktivist*innen wurden brutal ger\u00e4umt, sie selbst sagen im Nachhinein, dass es nur ihrer Besonnenheit zu verdanken ist, dass niemand in die Tiefe st\u00fcrzte. Hellenic Train erstattete Anzeige wegen \u201eSt\u00f6rung des inneren Friedens\u201c, die Aktivist*innen verbrachten tagelang in Untersuchungshaft.<\/p>\n<p><strong>Wie weiter?<\/strong><\/p>\n<p>W\u00e4hrend die Regierung von Beginn an die Aufarbeitung der Zugkatastrophe behindert und die eigene Verantwortung mit einer himmelschreienden Dreistigkeit versucht zu vertuschen, sind es die Angeh\u00f6rigen der Get\u00f6teten und die Zivilgesellschaft, die unerm\u00fcdlich f\u00fcr Aufkl\u00e4rung und Konsequenzen k\u00e4mpfen. Und w\u00e4hrend nahezu alle gr\u00f6\u00dferen Medien der Regierung Deckung bieten und sich zu Komplizen im Vertuschungsakt machen, sind es einige wenige unabh\u00e4ngige Journalist*innen und Medienprojekte wie \u201ethepressproject\u201c, die wichtige \u00d6ffentlichkeit schaffen und an der Seite der Menschen die Wahrheit ans Licht bef\u00f6rdern.<\/p>\n<blockquote>\n<p style=\"text-align: right;\"><em><strong>Anl\u00e4sslich des Millionenstreiks am 28. Februar 2025 ziehen viele Aktivist*innen die Parallele zum ersten Jahrestag nach dem 17. November 1973, ein entscheidender Tag des Widerstands gegen die damalige Milit\u00e4rjunta<\/strong><\/em><\/p>\n<\/blockquote>\n<p>Es ist bezeichnend, dass sich trotz der massiven Schweige- und Desinformationskampagne von Regierung und Medien die Wahrheit an die Oberfl\u00e4che gefr\u00e4st hat und mit ihr die Wut, der Frust, der unbedingte Gerechtigkeitswille der Menschen. Auch wenn es krampfhaft versucht wird, die Risse im System sind zu gravierend, die L\u00fcgen zu offensichtlich, als dass sich das gesch\u00e4rfte Bewusstsein und das Aufbegehren der Menschen wieder in eine kleine Schachtel verbannen und verstauen lie\u00dfe. Tempi tr\u00e4gt schon l\u00e4ngst die Fragen nach umfassender sozialer Gerechtigkeit in sich. Die Verbindungen zwischen den verschiedenen Formen der Unterdr\u00fcckung durch Patriarchat und Kapitalismus werden aktiv hergestellt. So wird die \u201eTrag\u00f6die\u201c von Tempi in Verbindung gesetzt mit der \u201eTrag\u00f6die\u201c von Pylos, bei der 500 Fl\u00fcchtende starben, und der t\u00e4glichen \u201eTrag\u00f6die\u201c von Femiziden. Der Protest von Tempi akzeptiert den Tod nicht mehr als blo\u00dfe Naturgewalt oder \u201eTrag\u00f6die\u201c, sondern als von diesem System produziert. \u201eWir k\u00e4mpfen, bis uns nicht mehr nur der Tod verbindet\u201c, steht auf einem Transparent. K\u00e4mpfen, bis es endet.<\/p>\n","protected":false},"excerpt":{"rendered":"<p>W\u00e4hrend der griechische Staat und die staatsnahen Medien seit zwei Jahren das Mantra des \u201etragischen Unfalls\u201c oder \u201emenschlichen Versagens\u201c wiederholen, werfen die Menschen dem griechischen Staat Mord und Verbrechen vor. Denn die Zugkatastrophe war kein tragischer Zufall, sondern das Ergebnis einer knallharten autorit\u00e4ren Austerit\u00e4tspolitik, die das Land \u00fcber die letzten Jahre hat verfallen lassen. Auch &hellip; <a href=\"https:\/\/www.graswurzel.net\/gwr\/2025\/03\/bis-uns-nicht-mehr-nur-der-tod-verbindet\/\">Weiterlesen<\/a><\/p>\n","protected":false},"author":502,"featured_media":32595,"comment_status":"closed","ping_status":"closed","sticky":false,"template":"","format":"standard","meta":{"slim_seo":{"title":"\u201eBis uns nicht mehr nur der Tod verbindet\u201c - graswurzelrevolution","description":"W\u00e4hrend der griechische Staat und die staatsnahen Medien seit zwei Jahren das Mantra des \u201etragischen Unfalls\u201c oder \u201emenschlichen Versagens\u201c wiederholen, werfen"},"footnotes":""},"categories":[2094],"tags":[],"class_list":["post-32506","post","type-post","status-publish","format-standard","has-post-thumbnail","hentry","category-498-april-2025"],"_links":{"self":[{"href":"https:\/\/www.graswurzel.net\/gwr\/wp-json\/wp\/v2\/posts\/32506","targetHints":{"allow":["GET"]}}],"collection":[{"href":"https:\/\/www.graswurzel.net\/gwr\/wp-json\/wp\/v2\/posts"}],"about":[{"href":"https:\/\/www.graswurzel.net\/gwr\/wp-json\/wp\/v2\/types\/post"}],"author":[{"embeddable":true,"href":"https:\/\/www.graswurzel.net\/gwr\/wp-json\/wp\/v2\/users\/502"}],"replies":[{"embeddable":true,"href":"https:\/\/www.graswurzel.net\/gwr\/wp-json\/wp\/v2\/comments?post=32506"}],"version-history":[{"count":4,"href":"https:\/\/www.graswurzel.net\/gwr\/wp-json\/wp\/v2\/posts\/32506\/revisions"}],"predecessor-version":[{"id":32602,"href":"https:\/\/www.graswurzel.net\/gwr\/wp-json\/wp\/v2\/posts\/32506\/revisions\/32602"}],"wp:featuredmedia":[{"embeddable":true,"href":"https:\/\/www.graswurzel.net\/gwr\/wp-json\/wp\/v2\/media\/32595"}],"wp:attachment":[{"href":"https:\/\/www.graswurzel.net\/gwr\/wp-json\/wp\/v2\/media?parent=32506"}],"wp:term":[{"taxonomy":"category","embeddable":true,"href":"https:\/\/www.graswurzel.net\/gwr\/wp-json\/wp\/v2\/categories?post=32506"},{"taxonomy":"post_tag","embeddable":true,"href":"https:\/\/www.graswurzel.net\/gwr\/wp-json\/wp\/v2\/tags?post=32506"}],"curies":[{"name":"wp","href":"https:\/\/api.w.org\/{rel}","templated":true}]}}