{"id":32958,"date":"2025-07-19T13:40:45","date_gmt":"2025-07-19T11:40:45","guid":{"rendered":"https:\/\/www.graswurzel.net\/gwr\/?p=32958"},"modified":"2025-07-19T13:42:33","modified_gmt":"2025-07-19T11:42:33","slug":"gwr-trauert-um-rudi","status":"publish","type":"post","link":"https:\/\/www.graswurzel.net\/gwr\/2025\/07\/gwr-trauert-um-rudi\/","title":{"rendered":"GWR trauert um Rudi Friedrich"},"content":{"rendered":"<p class=\"p1\"><em><span class=\"s1\">Presseerkl\u00e4rung zum Tod von Rudi Friedrich<\/span><\/em><\/p>\n<p class=\"p1\"><span class=\"s1\">von Connection e.V.<\/span><\/p>\n<p class=\"p1\"><span class=\"s1\">(18.07.2025) Rudi Friedrich verungl\u00fcckte Anfang der Woche bei einer Wanderung in den Bergen bei Como\/Italien w\u00e4hrend seines Urlaubs. Die italienische Bergrettung konnte ihn nur noch tot bergen.<\/span><\/p>\n<p class=\"p1\"><span class=\"s1\">Er hinterl\u00e4sst eine riesige L\u00fccke in unserem international t\u00e4tigen Verein, da er nicht nur dessen Gesicht, sondern auch ein international bekannter Aktivist, Motivator und Motor in der Vernetzung mit anderen Organisationen im Bereich von Kriegsdienstverweigerung, Desertion und Asyl f\u00fcr diesen Betroffenenkreis war.<\/span><\/p>\n<p class=\"p1\"><span class=\"s1\">Wir haben einen Mitstreiter f\u00fcr den Frieden verloren, doch wir werden \u00a0den Kampf f\u00fcr ein umfassendes Recht auf Kriegsdienstverweigerung, und dem Schutz von Kriegsdienstverweigerern, -entziehern und Deserteuren weltweit weiterf\u00fchren.<\/span><\/p>\n<p class=\"p1\"><span class=\"s1\">Unsere Gedanken sind insbesondere bei seiner Frau und seiner Familie.<\/span><\/p>\n<p class=\"p1\">\n","protected":false},"excerpt":{"rendered":"<p>Presseerkl\u00e4rung zum Tod von Rudi Friedrich von Connection e.V. (18.07.2025) Rudi Friedrich verungl\u00fcckte Anfang der Woche bei einer Wanderung in den Bergen bei Como\/Italien w\u00e4hrend seines Urlaubs. Die italienische Bergrettung konnte ihn nur noch tot bergen. Er hinterl\u00e4sst eine riesige L\u00fccke in unserem international t\u00e4tigen Verein, da er nicht nur dessen Gesicht, sondern auch ein &hellip; <a href=\"https:\/\/www.graswurzel.net\/gwr\/2025\/07\/gwr-trauert-um-rudi\/\">Weiterlesen<\/a><\/p>\n","protected":false},"author":499,"featured_media":32959,"comment_status":"closed","ping_status":"closed","sticky":false,"template":"","format":"standard","meta":{"slim_seo":{"title":"GWR trauert um Rudi Friedrich - graswurzelrevolution","description":"Presseerkl\u00e4rung zum Tod von Rudi Friedrich von Connection e.V. (18.07.2025) Rudi Friedrich verungl\u00fcckte Anfang der Woche bei einer Wanderung in den Bergen bei C"},"footnotes":""},"categories":[12],"tags":[],"class_list":["post-32958","post","type-post","status-publish","format-standard","has-post-thumbnail","hentry","category-news"],"_links":{"self":[{"href":"https:\/\/www.graswurzel.net\/gwr\/wp-json\/wp\/v2\/posts\/32958","targetHints":{"allow":["GET"]}}],"collection":[{"href":"https:\/\/www.graswurzel.net\/gwr\/wp-json\/wp\/v2\/posts"}],"about":[{"href":"https:\/\/www.graswurzel.net\/gwr\/wp-json\/wp\/v2\/types\/post"}],"author":[{"embeddable":true,"href":"https:\/\/www.graswurzel.net\/gwr\/wp-json\/wp\/v2\/users\/499"}],"replies":[{"embeddable":true,"href":"https:\/\/www.graswurzel.net\/gwr\/wp-json\/wp\/v2\/comments?post=32958"}],"version-history":[{"count":3,"href":"https:\/\/www.graswurzel.net\/gwr\/wp-json\/wp\/v2\/posts\/32958\/revisions"}],"predecessor-version":[{"id":32963,"href":"https:\/\/www.graswurzel.net\/gwr\/wp-json\/wp\/v2\/posts\/32958\/revisions\/32963"}],"wp:featuredmedia":[{"embeddable":true,"href":"https:\/\/www.graswurzel.net\/gwr\/wp-json\/wp\/v2\/media\/32959"}],"wp:attachment":[{"href":"https:\/\/www.graswurzel.net\/gwr\/wp-json\/wp\/v2\/media?parent=32958"}],"wp:term":[{"taxonomy":"category","embeddable":true,"href":"https:\/\/www.graswurzel.net\/gwr\/wp-json\/wp\/v2\/categories?post=32958"},{"taxonomy":"post_tag","embeddable":true,"href":"https:\/\/www.graswurzel.net\/gwr\/wp-json\/wp\/v2\/tags?post=32958"}],"curies":[{"name":"wp","href":"https:\/\/api.w.org\/{rel}","templated":true}]}}