{"id":33098,"date":"2025-09-08T20:09:19","date_gmt":"2025-09-08T18:09:19","guid":{"rendered":"https:\/\/www.graswurzel.net\/gwr\/?p=33098"},"modified":"2025-09-08T20:52:13","modified_gmt":"2025-09-08T18:52:13","slug":"palaestina-spaltung-statt-diskussionen","status":"publish","type":"post","link":"https:\/\/www.graswurzel.net\/gwr\/2025\/09\/palaestina-spaltung-statt-diskussionen\/","title":{"rendered":"Pal\u00e4stina \u2013 Spaltung statt Diskussionen?"},"content":{"rendered":"<p align=\"left\"><span style=\"color: #000000;\"><span style=\"font-family: Calibri, serif;\"><span style=\"font-size: medium;\">Der Krieg in Gaza\/Pal\u00e4stina hat die Gesellschaft und besonders die linken Bewegungen in der BRD tief gespalten, sogar langj\u00e4hrige Freundschaften sind zerbrochen. Andererseits sehen wir zunehmend einen\u2006 \u2006 in Gaza, der u.a. von amnesty international als Genozid eingestuft wird. Hunger wird vom Netanjahu-Regime als Waffe eingesetzt und auf Hilfesuchende von Seiten der Israelischen Armee (IDF) geschossen. (1)<\/span><\/span><\/span><\/p>\n<p align=\"left\"><span style=\"color: #000000;\"><span style=\"font-family: Calibri, serif;\"><span style=\"font-size: medium;\">Innerhalb der Linken gibt es Positionen, die die Vernichtung der Pal\u00e4stinenser*innen bef\u00fcrworten, da sie angeblich alle der Terrororganisation Hamas angeh\u00f6ren oder sie guthei\u00dfen. <\/span><\/span><\/span><\/p>\n<p align=\"left\"><span style=\"color: #000000;\"><span style=\"font-family: Calibri, serif;\"><span style=\"font-size: medium;\">Also auch die unschuldigen Kinder und die gesamte Zivilbev\u00f6lkerung? Es gab Aussagen wie: \u201eWollt ihr nicht noch gleich im Krieg gegen die iranischen Mullahs einseitig Israel d\u00e4monisieren?\u201c Statt gezielte Aktionen gegen die Hamas durchzuf\u00fchren, wird Gaza in Schutt und Asche gelegt und die Bev\u00f6lkerung wahllos ermordet.<\/span><\/span><\/span><\/p>\n<p align=\"left\"><span style=\"color: #000000;\"><span style=\"font-family: Calibri, serif;\"><span style=\"font-size: medium;\">Doch was sollen wir von menschenverachtenden Aussagen von angeblich linken Akteuren halten, wie: \u201eSicher ist Nazi-Deutschland ein Terror-Regime. Churchill bombt Dresden in Schutt und Asche; Kinder, Frauen und M\u00e4nner sterben, die sicher nicht alle Nazis waren. Keine weiteren Fragen mehr!\u201c Die menschenverachtende Ansicht, um die Hamas zur\u00fcckzudr\u00e4ngen, seien unschuldige Opfer notwendig, und es sei ein Kollateralschaden, wenn dabei Unschuldige get\u00f6tet werden, ist unertr\u00e4glich. Der Holocaust der Nazis ist nicht mit dem Genozid der israelischen Regierung an den Pal\u00e4stinenser*innen zu vergleichen!<\/span><\/span><\/span><\/p>\n<p align=\"left\"><span style=\"color: #000000;\"><span style=\"font-family: Calibri, serif;\"><span style=\"font-size: medium;\">Ebenso gibt es Aussagen, dass viele Menschen in Gaza die Hamas unterst\u00fctzen und den terroristischen Angriff der Hamas vom 7. Oktober 2023 rechtfertigen. Damit soll auch die Zerst\u00f6rung Gazas legitimiert werden. Eine sachliche und faire Diskussion zu diesem Thema scheint kaum m\u00f6glich zu sein.<\/span><\/span><\/span><\/p>\n<p align=\"left\"><span style=\"color: #000000;\"><span style=\"font-family: Calibri, serif;\"><span style=\"font-size: medium;\">Das hat uns bewogen, am 21. Juni 2025 auf die u.a. von der\u2006 \u2006 VVN-BDA (Vereinigung der Verfolgten des Naziregimes \u2013 Bund der Antifaschistinnen und Antifaschisten) Frankfurt und der Linken Frankfurt\/M. organisierten Demo \u201eStoppt Hunger, Tod und Vertreibung in Pal\u00e4stina\u201c in Frankfurt zu gehen. In Reden wurde auf die katastrophale Lage im Gazastreifen eingegangen, auf die Zahl der Toten sowie die Zerst\u00f6rungen und die Hungerkatastrophe. Mit keinem Wort wurde die Hamas verherrlicht bzw. wurden antisemitische Parolen skandiert. Der gemeinsame Nenner aller Gruppen waren folgende <strong class=\"western\">Forderungen:<\/strong><\/span><\/span><\/span><\/p>\n<ul>\n<li>\n<p align=\"left\"><span style=\"color: #000000;\"><span style=\"font-family: Calibri, serif;\"><span style=\"font-size: medium;\">sofortige Aufhebung der Blockade des Gazastreifens <\/span><\/span><\/span><\/p>\n<\/li>\n<li>\n<p align=\"left\"><span style=\"color: #000000;\"><span style=\"font-family: Calibri, serif;\"><span style=\"font-size: medium;\">echte und menschenw\u00fcrdige Humanit\u00e4re Hilfe im Einklang mit dem V\u00f6lkerrecht <\/span><\/span><\/span><\/p>\n<\/li>\n<li>\n<p align=\"left\"><span style=\"color: #000000;\"><span style=\"font-family: Calibri, serif;\"><span style=\"font-size: medium;\">sofortiger und dauerhafter Waffenstillstand <\/span><\/span><\/span><\/p>\n<\/li>\n<li>\n<p align=\"left\"><span style=\"color: #000000;\"><span style=\"font-family: Calibri, serif;\"><span style=\"font-size: medium;\">sofortiger R\u00fcckzug der israelischen Armee aus Gaza und dem Westjordanland <\/span><\/span><\/span><\/p>\n<\/li>\n<li>\n<p align=\"left\"><span style=\"color: #000000;\"><span style=\"font-family: Calibri, serif;\"><span style=\"font-size: medium;\">Freilassung aller pal\u00e4stinensischen und israelischen politischen Gefangenen und Geiseln <\/span><\/span><\/span><\/p>\n<\/li>\n<li>\n<p align=\"left\"><span style=\"color: #000000;\"><span style=\"font-family: Calibri, serif;\"><span style=\"font-size: medium;\">sofortige Einstellung der deutschen Waffenlieferungen an Israel. <\/span><\/span><\/span><\/p>\n<\/li>\n<\/ul>\n<p align=\"left\"><span style=\"color: #000000;\"><span style=\"font-family: Calibri, serif;\"><span style=\"font-size: medium;\">W\u00e4hrend des Demozugs sprach eine iranische Frau aus einer oppositionellen Gruppe, dem \u201eRat der iranischen Linken und Demokraten, Mainz\u201c. Sie erkl\u00e4rte, dass die Bombardierung des Iran durch Israel keine Hilfe f\u00fcr die Opposition bzw. zur Zerschlagung des verbrecherischen Regimes im Iran sei. In den Tagen nach der Bombardierung wurden die Repressionen und Verhaftungen durch das Mullah-Regime sehr viel st\u00e4rker. Drei Oppositionelle seien allein in den letzten Tagen im Iran hingerichtet worden.<\/span><\/span><\/span><\/p>\n<blockquote>\n<p style=\"text-align: right;\" align=\"left\"><em><strong><span style=\"color: #000000;\"><span style=\"font-family: Calibri, serif;\"><span style=\"font-size: medium;\">Auf der Route der Demo kam ein junger Mann auf uns zu, hob sein T-Shirt hoch und zeigte uns ein Davidstern-Tattoo. Er sagte, Friede m\u00fcsse es f\u00fcr alle geben; wir gaben uns die Hand und sagten: \u201eShalom.\u201c Das war bewegend und ein gutes Symbol f\u00fcr eine friedliche, gerechte L\u00f6sung<\/span><\/span><\/span><\/strong><\/em><\/p>\n<\/blockquote>\n<p align=\"left\"><span style=\"color: #000000;\"><span style=\"font-family: Calibri, serif;\"><span style=\"font-size: medium;\">Auf der Route der Demo kam ein junger Mann auf uns zu, hob sein T-Shirt hoch und zeigte uns ein Davidstern-Tattoo. Er sagte, Friede m\u00fcsse es f\u00fcr alle geben; wir gaben uns die Hand und sagten: \u201eShalom.\u201c Das war bewegend und ein gutes Symbol f\u00fcr eine friedliche, gerechte L\u00f6sung. Wir hatten den Eindruck, dass der junge Mann \u00e4ngstlich war. Dies galt auch f\u00fcr andere Teilnehmer*innen und kritische Begleiter*innen der Demo. Meinungsfreiheit ist ein Grundrecht. Es ist ein Unding, dass Menschen Angst haben m\u00fcssen, zu ihrer Meinung zu stehen.<\/span><\/span><\/span><\/p>\n<p align=\"left\"><span style=\"color: #000000;\"><span style=\"font-family: Calibri, serif;\"><span style=\"font-size: medium;\">Am Ende der Demo wurden weitere Reden gehalten; unter anderem von einem Verdi-Gewerkschafter und einer Rednerin der \u201eJ\u00fcdische Stimme.de\u201c Diese von linken Juden und J\u00fcdinnen betriebene Organisation wurde 2024 im Verfassungsschutzbericht erw\u00e4hnt, obwohl sie weder gewaltverherrlichend noch antisemitisch ist.<\/span><\/span><\/span><\/p>\n<p align=\"left\"><span style=\"color: #000000;\"><span style=\"font-family: Calibri, serif;\"><span style=\"font-size: medium;\">W\u00e4hrend der Demo wurde der Spruch \u201eFrom the river to the sea\u201c skandiert. Dieser ist laut einem Gerichtsurteil weder antisemitisch noch wird er in dieser Form von der Hamas verwendet. Die Richterin sprach einen jungen Mann frei, der dies gerufen hatte. Sie lie\u00df von einer LKA-Mitarbeiterin recherchieren, dass dieser Spruch aus den 60er\/70er-Jahren stammt und im Zusammenhang mit der Forderung zur Gr\u00fcndung eines s\u00e4kularen und binationalen Staates Pal\u00e4stina\/Israel steht. In diesem israelisch-pal\u00e4stinensischen Staat sollten die Bewohner*innen aller Ethnien und Religionen gleichberechtigt leben k\u00f6nnen. (2) Die deutschen Gerichte sind sich uneins, ob es sich bei der Parole um ein Kennzeichen der Terrororganisation Hamas handelt, dessen \u00c4u\u00dferung nach \u00a786a Strafgesetzbuch strafbar ist. (3)<\/span><\/span><\/span><\/p>\n<p align=\"left\"><span style=\"color: #000000;\"><span style=\"font-family: Calibri, serif;\"><span style=\"font-size: medium;\">Auch pro-israelische Aktivist*innen bzw. ultrazionistische Bewegungen nutzen denselben Spruch f\u00fcr ihre Anliegen. Sie fordern einen rein israelisch-j\u00fcdischen Staat. (4)<\/span><\/span><\/span><\/p>\n<p align=\"left\"><span style=\"color: #000000;\"><span style=\"font-family: Calibri, serif;\"><span style=\"font-size: medium;\">Unser Fazit: <\/span><\/span><\/span><\/p>\n<p align=\"left\"><span style=\"color: #000000;\"><span style=\"font-family: Calibri, serif;\"><span style=\"font-size: medium;\">Die propal\u00e4stinensische Bewegung haben wir weder als antisemitisch oder Hamas-freundlich wahrgenommen. <\/span><\/span><\/span><\/p>\n<p align=\"left\"><span style=\"color: #000000;\"><span style=\"font-family: Calibri, serif;\"><span style=\"font-size: medium;\">Es ist zu bef\u00fcrchten, dass Anti-Deutsche, pro-israelische Gruppen und die Staatsmacht gezielt nach Symbolen auf Demonstrationen und Veranstaltungen suchen, um die Bewegung zu verunglimpfen und sie in die extremistische und antisemitische Ecke zu dr\u00e4ngen. Hierzu schreibt Yossi B. im Nd: \u201eEs dr\u00e4ngt sich der Verdacht auf, dass systematisch versucht wird, pro-pal\u00e4stinensische Proteste als gewaltt\u00e4tig zu framen und damit ihre Versammlungsfreiheit zu untergraben.\u201c (5)<\/span><\/span><\/span><\/p>\n<p align=\"left\"><span style=\"color: #000000;\"><span style=\"font-family: Calibri, serif;\"><span style=\"font-size: medium;\">Diese Entwicklung sollte dringend gestoppt werden. Stattdessen brauchen wir ein Klima des offen wertsch\u00e4tzenden Diskurses, um Ideen und Perspektiven auszutauschen und der Staatsr\u00e4son entgegenzutreten. Der Kern der Diskussion sollte sich um eine friedliche, gerechte und antimilitaristische L\u00f6sung drehen. Dieser Konflikt ist nicht milit\u00e4risch zu l\u00f6sen.<\/span><\/span><\/span><\/p>\n","protected":false},"excerpt":{"rendered":"<p>Der Krieg in Gaza\/Pal\u00e4stina hat die Gesellschaft und besonders die linken Bewegungen in der BRD tief gespalten, sogar langj\u00e4hrige Freundschaften sind zerbrochen. Andererseits sehen wir zunehmend einen\u2006 \u2006 in Gaza, der u.a. von amnesty international als Genozid eingestuft wird. Hunger wird vom Netanjahu-Regime als Waffe eingesetzt und auf Hilfesuchende von Seiten der Israelischen Armee (IDF) &hellip; <a href=\"https:\/\/www.graswurzel.net\/gwr\/2025\/09\/palaestina-spaltung-statt-diskussionen\/\">Weiterlesen<\/a><\/p>\n","protected":false},"author":499,"featured_media":33102,"comment_status":"closed","ping_status":"closed","sticky":false,"template":"","format":"standard","meta":{"slim_seo":{"title":"Pal\u00e4stina \u2013 Spaltung statt Diskussionen? - graswurzelrevolution","description":"Der Krieg in Gaza\/Pal\u00e4stina hat die Gesellschaft und besonders die linken Bewegungen in der BRD tief gespalten, sogar langj\u00e4hrige Freundschaften sind zerbrochen"},"footnotes":""},"categories":[1],"tags":[],"class_list":["post-33098","post","type-post","status-publish","format-standard","has-post-thumbnail","hentry","category-allgemeines"],"_links":{"self":[{"href":"https:\/\/www.graswurzel.net\/gwr\/wp-json\/wp\/v2\/posts\/33098","targetHints":{"allow":["GET"]}}],"collection":[{"href":"https:\/\/www.graswurzel.net\/gwr\/wp-json\/wp\/v2\/posts"}],"about":[{"href":"https:\/\/www.graswurzel.net\/gwr\/wp-json\/wp\/v2\/types\/post"}],"author":[{"embeddable":true,"href":"https:\/\/www.graswurzel.net\/gwr\/wp-json\/wp\/v2\/users\/499"}],"replies":[{"embeddable":true,"href":"https:\/\/www.graswurzel.net\/gwr\/wp-json\/wp\/v2\/comments?post=33098"}],"version-history":[{"count":3,"href":"https:\/\/www.graswurzel.net\/gwr\/wp-json\/wp\/v2\/posts\/33098\/revisions"}],"predecessor-version":[{"id":33101,"href":"https:\/\/www.graswurzel.net\/gwr\/wp-json\/wp\/v2\/posts\/33098\/revisions\/33101"}],"wp:featuredmedia":[{"embeddable":true,"href":"https:\/\/www.graswurzel.net\/gwr\/wp-json\/wp\/v2\/media\/33102"}],"wp:attachment":[{"href":"https:\/\/www.graswurzel.net\/gwr\/wp-json\/wp\/v2\/media?parent=33098"}],"wp:term":[{"taxonomy":"category","embeddable":true,"href":"https:\/\/www.graswurzel.net\/gwr\/wp-json\/wp\/v2\/categories?post=33098"},{"taxonomy":"post_tag","embeddable":true,"href":"https:\/\/www.graswurzel.net\/gwr\/wp-json\/wp\/v2\/tags?post=33098"}],"curies":[{"name":"wp","href":"https:\/\/api.w.org\/{rel}","templated":true}]}}